{"id":16020,"date":"2025-04-04T15:05:23","date_gmt":"2025-04-04T18:05:23","guid":{"rendered":"https:\/\/repam.org.br\/cop30\/?p=16020"},"modified":"2025-04-04T17:02:38","modified_gmt":"2025-04-04T20:02:38","slug":"analise-de-conjuntura-na-assembleia-nacional-do-conselho-nacional-dos-pescadores-e-pescadoras-cpp","status":"publish","type":"post","link":"https:\/\/repam.org.br\/cop30\/analise-de-conjuntura-na-assembleia-nacional-do-conselho-nacional-dos-pescadores-e-pescadoras-cpp\/","title":{"rendered":"An\u00e1lise de Conjuntura na Assembleia Nacional do Conselho Nacional dos Pescadores e Pescadoras (CPP)"},"content":{"rendered":"\n<p>Durante a Assembleia Nacional do Conselho Nacional dos Pescadores e Pescadoras (CPP), realizada em Bel\u00e9m, representantes de diversas organiza\u00e7\u00f5es, como o Movimento dos Pescadores e Pescadoras (MPP), FASE e a Mobiliza\u00e7\u00e3o dos Povos pela Terra e pelo Clima da REPAM-Brasil, participaram de um momento de an\u00e1lise de conjuntura para debater os principais desafios socioambientais enfrentados pelas comunidades tradicionais pesqueiras.<\/p>\n\n\n\n<p>Um dos destaques foi o lan\u00e7amento do <strong>Relat\u00f3rio de Conflitos Socioambientais em Comunidades Tradicionais Pesqueiras<\/strong>, que trouxe \u00e0 tona quest\u00f5es fundamentais sobre a prote\u00e7\u00e3o dos territ\u00f3rios e os direitos das popula\u00e7\u00f5es que preservam a biodiversidade da Amaz\u00f4nia. Eduardo Soares, secret\u00e1rio da Mobiliza\u00e7\u00e3o, e Joana Menezes, articuladora da REPAM, refor\u00e7aram a import\u00e2ncia de manter a voz e os direitos dos povos tradicionais no centro das discuss\u00f5es rumo \u00e0 COP30.<\/p>\n\n\n\n<p><\/p>\n","protected":false},"excerpt":{"rendered":"<p>Durante a Assembleia Nacional do Conselho Nacional dos Pescadores e Pescadoras (CPP), realizada em Bel\u00e9m, representantes de diversas organiza\u00e7\u00f5es, como o Movimento dos Pescadores e Pescadoras (MPP), FASE e a Mobiliza\u00e7\u00e3o dos Povos pela Terra e pelo Clima da REPAM-Brasil, participaram de um momento de an\u00e1lise de conjuntura para debater os principais desafios socioambientais enfrentados pelas comunidades tradicionais pesqueiras. Um dos destaques foi o lan\u00e7amento do Relat\u00f3rio de Conflitos Socioambientais em Comunidades Tradicionais Pesqueiras, que trouxe \u00e0 tona quest\u00f5es fundamentais sobre a prote\u00e7\u00e3o dos territ\u00f3rios e os direitos das popula\u00e7\u00f5es que preservam a biodiversidade da Amaz\u00f4nia. Eduardo Soares, secret\u00e1rio da Mobiliza\u00e7\u00e3o, e Joana Menezes, articuladora da REPAM, refor\u00e7aram a import\u00e2ncia de manter a voz e os direitos dos povos tradicionais no centro das discuss\u00f5es rumo \u00e0 COP30.<\/p>\n","protected":false},"author":3,"featured_media":16009,"comment_status":"open","ping_status":"open","sticky":false,"template":"","format":"standard","meta":{"footnotes":""},"categories":[5],"tags":[],"class_list":["post-16020","post","type-post","status-publish","format-standard","has-post-thumbnail","hentry","category-noticias"],"rttpg_featured_image_url":{"full":["https:\/\/repam.org.br\/cop30\/wp-content\/uploads\/2025\/04\/WhatsApp-Image-2025-04-02-at-08.30.22.jpeg",963,1280,false],"landscape":["https:\/\/repam.org.br\/cop30\/wp-content\/uploads\/2025\/04\/WhatsApp-Image-2025-04-02-at-08.30.22.jpeg",963,1280,false],"portraits":["https:\/\/repam.org.br\/cop30\/wp-content\/uploads\/2025\/04\/WhatsApp-Image-2025-04-02-at-08.30.22.jpeg",963,1280,false],"thumbnail":["https:\/\/repam.org.br\/cop30\/wp-content\/uploads\/2025\/04\/WhatsApp-Image-2025-04-02-at-08.30.22-150x150.jpeg",150,150,true],"medium":["https:\/\/repam.org.br\/cop30\/wp-content\/uploads\/2025\/04\/WhatsApp-Image-2025-04-02-at-08.30.22-226x300.jpeg",226,300,true],"large":["https:\/\/repam.org.br\/cop30\/wp-content\/uploads\/2025\/04\/WhatsApp-Image-2025-04-02-at-08.30.22-770x1024.jpeg",770,1024,true],"1536x1536":["https:\/\/repam.org.br\/cop30\/wp-content\/uploads\/2025\/04\/WhatsApp-Image-2025-04-02-at-08.30.22.jpeg",963,1280,false],"2048x2048":["https:\/\/repam.org.br\/cop30\/wp-content\/uploads\/2025\/04\/WhatsApp-Image-2025-04-02-at-08.30.22.jpeg",963,1280,false]},"rttpg_author":{"display_name":"Comunica\u00e7\u00e3o Cop30","author_link":"https:\/\/repam.org.br\/cop30\/author\/comunicacaocop30\/"},"rttpg_comment":0,"rttpg_category":"<a href=\"https:\/\/repam.org.br\/cop30\/category\/noticias\/\" rel=\"category tag\">Not\u00edcias<\/a>","rttpg_excerpt":"Durante a Assembleia Nacional do Conselho Nacional dos Pescadores e Pescadoras (CPP), realizada em Bel\u00e9m, representantes de diversas organiza\u00e7\u00f5es, como o Movimento dos Pescadores e Pescadoras (MPP), FASE e a Mobiliza\u00e7\u00e3o dos Povos pela Terra e pelo Clima da REPAM-Brasil, participaram de um momento de an\u00e1lise de conjuntura para debater os principais desafios socioambientais enfrentados&hellip;","_links":{"self":[{"href":"https:\/\/repam.org.br\/cop30\/wp-json\/wp\/v2\/posts\/16020","targetHints":{"allow":["GET"]}}],"collection":[{"href":"https:\/\/repam.org.br\/cop30\/wp-json\/wp\/v2\/posts"}],"about":[{"href":"https:\/\/repam.org.br\/cop30\/wp-json\/wp\/v2\/types\/post"}],"author":[{"embeddable":true,"href":"https:\/\/repam.org.br\/cop30\/wp-json\/wp\/v2\/users\/3"}],"replies":[{"embeddable":true,"href":"https:\/\/repam.org.br\/cop30\/wp-json\/wp\/v2\/comments?post=16020"}],"version-history":[{"count":4,"href":"https:\/\/repam.org.br\/cop30\/wp-json\/wp\/v2\/posts\/16020\/revisions"}],"predecessor-version":[{"id":16029,"href":"https:\/\/repam.org.br\/cop30\/wp-json\/wp\/v2\/posts\/16020\/revisions\/16029"}],"wp:featuredmedia":[{"embeddable":true,"href":"https:\/\/repam.org.br\/cop30\/wp-json\/wp\/v2\/media\/16009"}],"wp:attachment":[{"href":"https:\/\/repam.org.br\/cop30\/wp-json\/wp\/v2\/media?parent=16020"}],"wp:term":[{"taxonomy":"category","embeddable":true,"href":"https:\/\/repam.org.br\/cop30\/wp-json\/wp\/v2\/categories?post=16020"},{"taxonomy":"post_tag","embeddable":true,"href":"https:\/\/repam.org.br\/cop30\/wp-json\/wp\/v2\/tags?post=16020"}],"curies":[{"name":"wp","href":"https:\/\/api.w.org\/{rel}","templated":true}]}}