{"id":16022,"date":"2025-04-04T15:08:31","date_gmt":"2025-04-04T18:08:31","guid":{"rendered":"https:\/\/repam.org.br\/cop30\/?p=16022"},"modified":"2025-04-04T17:27:12","modified_gmt":"2025-04-04T20:27:12","slug":"1a-reuniao-de-2025-do-comite-local-da-cupula-dos-povos-rumo-a-cop30","status":"publish","type":"post","link":"https:\/\/repam.org.br\/cop30\/1a-reuniao-de-2025-do-comite-local-da-cupula-dos-povos-rumo-a-cop30\/","title":{"rendered":"1\u00aa Reuni\u00e3o de 2025 do Comit\u00ea Local da C\u00fapula dos Povos rumo \u00e0 COP30"},"content":{"rendered":"\n<p>Na tarde do dia 2 de abril, em Bel\u00e9m, foi realizada a 1\u00aa Reuni\u00e3o de 2025 do Comit\u00ea Local da C\u00fapula dos Povos rumo \u00e0 COP30, marcando um importante momento de articula\u00e7\u00e3o e prepara\u00e7\u00e3o para as a\u00e7\u00f5es em torno da Confer\u00eancia do Clima.<\/p>\n\n\n\n<p>O objetivo foi atualizar os encaminhamentos de metodologia e organiza\u00e7\u00e3o da C\u00fapula, bem como redistribuir os movimentos e institui\u00e7\u00f5es nos Grupos de Trabalho. Reunindo representantes de diversas organiza\u00e7\u00f5es, a reuni\u00e3o reafirmou o compromisso com os povos da Amaz\u00f4nia e suas demandas, destacando a urg\u00eancia de solu\u00e7\u00f5es reais e eficazes frente \u00e0 crise clim\u00e1tica. Esses encontros s\u00e3o fundamentais para assegurar que a C\u00fapula dos Povos seja um marco de a\u00e7\u00e3o concreta e de constru\u00e7\u00e3o coletiva.<br><br><br><\/p>\n","protected":false},"excerpt":{"rendered":"<p>Na tarde do dia 2 de abril, em Bel\u00e9m, foi realizada a 1\u00aa Reuni\u00e3o de 2025 do Comit\u00ea Local da C\u00fapula dos Povos rumo \u00e0 COP30, marcando um importante momento de articula\u00e7\u00e3o e prepara\u00e7\u00e3o para as a\u00e7\u00f5es em torno da Confer\u00eancia do Clima. O objetivo foi atualizar os encaminhamentos de metodologia e organiza\u00e7\u00e3o da C\u00fapula, bem como redistribuir os movimentos e institui\u00e7\u00f5es nos Grupos de Trabalho. Reunindo representantes de diversas organiza\u00e7\u00f5es, a reuni\u00e3o reafirmou o compromisso com os povos da Amaz\u00f4nia e suas demandas, destacando a urg\u00eancia de solu\u00e7\u00f5es reais e eficazes frente \u00e0 crise clim\u00e1tica. Esses encontros s\u00e3o fundamentais para assegurar que a C\u00fapula dos Povos seja um marco de a\u00e7\u00e3o concreta e de constru\u00e7\u00e3o coletiva.<\/p>\n","protected":false},"author":3,"featured_media":16008,"comment_status":"open","ping_status":"open","sticky":false,"template":"","format":"standard","meta":{"footnotes":""},"categories":[5],"tags":[],"class_list":["post-16022","post","type-post","status-publish","format-standard","has-post-thumbnail","hentry","category-noticias"],"rttpg_featured_image_url":{"full":["https:\/\/repam.org.br\/cop30\/wp-content\/uploads\/2025\/04\/WhatsApp-Image-2025-04-02-at-18.39.41.jpeg",1600,1200,false],"landscape":["https:\/\/repam.org.br\/cop30\/wp-content\/uploads\/2025\/04\/WhatsApp-Image-2025-04-02-at-18.39.41.jpeg",1600,1200,false],"portraits":["https:\/\/repam.org.br\/cop30\/wp-content\/uploads\/2025\/04\/WhatsApp-Image-2025-04-02-at-18.39.41.jpeg",1600,1200,false],"thumbnail":["https:\/\/repam.org.br\/cop30\/wp-content\/uploads\/2025\/04\/WhatsApp-Image-2025-04-02-at-18.39.41-150x150.jpeg",150,150,true],"medium":["https:\/\/repam.org.br\/cop30\/wp-content\/uploads\/2025\/04\/WhatsApp-Image-2025-04-02-at-18.39.41-300x225.jpeg",300,225,true],"large":["https:\/\/repam.org.br\/cop30\/wp-content\/uploads\/2025\/04\/WhatsApp-Image-2025-04-02-at-18.39.41-1024x768.jpeg",800,600,true],"1536x1536":["https:\/\/repam.org.br\/cop30\/wp-content\/uploads\/2025\/04\/WhatsApp-Image-2025-04-02-at-18.39.41-1536x1152.jpeg",1536,1152,true],"2048x2048":["https:\/\/repam.org.br\/cop30\/wp-content\/uploads\/2025\/04\/WhatsApp-Image-2025-04-02-at-18.39.41.jpeg",1600,1200,false]},"rttpg_author":{"display_name":"Comunica\u00e7\u00e3o Cop30","author_link":"https:\/\/repam.org.br\/cop30\/author\/comunicacaocop30\/"},"rttpg_comment":0,"rttpg_category":"<a href=\"https:\/\/repam.org.br\/cop30\/category\/noticias\/\" rel=\"category tag\">Not\u00edcias<\/a>","rttpg_excerpt":"Na tarde do dia 2 de abril, em Bel\u00e9m, foi realizada a 1\u00aa Reuni\u00e3o de 2025 do Comit\u00ea Local da C\u00fapula dos Povos rumo \u00e0 COP30, marcando um importante momento de articula\u00e7\u00e3o e prepara\u00e7\u00e3o para as a\u00e7\u00f5es em torno da Confer\u00eancia do Clima. O objetivo foi atualizar os encaminhamentos de metodologia e organiza\u00e7\u00e3o da C\u00fapula,&hellip;","_links":{"self":[{"href":"https:\/\/repam.org.br\/cop30\/wp-json\/wp\/v2\/posts\/16022","targetHints":{"allow":["GET"]}}],"collection":[{"href":"https:\/\/repam.org.br\/cop30\/wp-json\/wp\/v2\/posts"}],"about":[{"href":"https:\/\/repam.org.br\/cop30\/wp-json\/wp\/v2\/types\/post"}],"author":[{"embeddable":true,"href":"https:\/\/repam.org.br\/cop30\/wp-json\/wp\/v2\/users\/3"}],"replies":[{"embeddable":true,"href":"https:\/\/repam.org.br\/cop30\/wp-json\/wp\/v2\/comments?post=16022"}],"version-history":[{"count":4,"href":"https:\/\/repam.org.br\/cop30\/wp-json\/wp\/v2\/posts\/16022\/revisions"}],"predecessor-version":[{"id":16030,"href":"https:\/\/repam.org.br\/cop30\/wp-json\/wp\/v2\/posts\/16022\/revisions\/16030"}],"wp:featuredmedia":[{"embeddable":true,"href":"https:\/\/repam.org.br\/cop30\/wp-json\/wp\/v2\/media\/16008"}],"wp:attachment":[{"href":"https:\/\/repam.org.br\/cop30\/wp-json\/wp\/v2\/media?parent=16022"}],"wp:term":[{"taxonomy":"category","embeddable":true,"href":"https:\/\/repam.org.br\/cop30\/wp-json\/wp\/v2\/categories?post=16022"},{"taxonomy":"post_tag","embeddable":true,"href":"https:\/\/repam.org.br\/cop30\/wp-json\/wp\/v2\/tags?post=16022"}],"curies":[{"name":"wp","href":"https:\/\/api.w.org\/{rel}","templated":true}]}}