{"id":16031,"date":"2025-04-08T13:23:14","date_gmt":"2025-04-08T16:23:14","guid":{"rendered":"https:\/\/repam.org.br\/cop30\/?p=16031"},"modified":"2025-04-08T13:23:15","modified_gmt":"2025-04-08T16:23:15","slug":"mobilizacao-repam-participa-da-conferencia-da-onu-sobre-justica-climatica-e-seguranca-humana-em-belem","status":"publish","type":"post","link":"https:\/\/repam.org.br\/cop30\/mobilizacao-repam-participa-da-conferencia-da-onu-sobre-justica-climatica-e-seguranca-humana-em-belem\/","title":{"rendered":"Mobiliza\u00e7\u00e3o REPAM participa da Confer\u00eancia da ONU sobre Justi\u00e7a Clim\u00e1tica e Seguran\u00e7a Humana em Bel\u00e9m"},"content":{"rendered":"\n<p>No dia 7 de abril, a Mobiliza\u00e7\u00e3o pela Terra e pelo Clima \u2014 articula\u00e7\u00e3o promovida pela REPAM rumo \u00e0 COP30 \u2014 marcou presen\u00e7a na <strong>Confer\u00eancia de Alto N\u00edvel sobre Justi\u00e7a Clim\u00e1tica e Seguran\u00e7a Humana<\/strong>, realizada no Audit\u00f3rio Maria Sylvia Nunes, na Esta\u00e7\u00e3o das Docas, em Bel\u00e9m (PA).<\/p>\n\n\n\n<p>Representando a mobiliza\u00e7\u00e3o, Joana Menezes refor\u00e7ou o compromisso da REPAM com a justi\u00e7a socioambiental e com o protagonismo dos povos da Amaz\u00f4nia no enfrentamento \u00e0 crise clim\u00e1tica global.<\/p>\n\n\n\n<p>O evento foi promovido pelo <strong>Minist\u00e9rio P\u00fablico do Estado do Par\u00e1 (MPPA)<\/strong> e pelo <strong>Comit\u00ea Permanente da Am\u00e9rica Latina para a Preven\u00e7\u00e3o do Crime (COPLAD)<\/strong>, vinculado \u00e0 Organiza\u00e7\u00e3o das Na\u00e7\u00f5es Unidas (ONU). A confer\u00eancia reuniu juristas, especialistas, autoridades nacionais e internacionais, al\u00e9m de representantes de universidades que comp\u00f5em o Conselho Cient\u00edfico do MPPA. O objetivo central foi debater pol\u00edticas integradas de governan\u00e7a e coopera\u00e7\u00e3o multilateral que promovam a seguran\u00e7a humana e a justi\u00e7a clim\u00e1tica, com \u00eanfase na realidade amaz\u00f4nica.<\/p>\n\n\n\n<p>A programa\u00e7\u00e3o abordou quest\u00f5es fundamentais como os direitos humanos e os direitos da natureza, criminalidade na Amaz\u00f4nia, justi\u00e7a clim\u00e1tica, cidades inteligentes e o desenvolvimento de comunidades em situa\u00e7\u00e3o de vulnerabilidade socioambiental. Os debates buscaram tamb\u00e9m fortalecer compromissos com o Acordo de Paris e acelerar a implementa\u00e7\u00e3o da <strong>Agenda 2030 da ONU<\/strong>.<\/p>\n\n\n\n<figure class=\"wp-block-gallery has-nested-images columns-default is-cropped wp-block-gallery-1 is-layout-flex wp-block-gallery-is-layout-flex\">\n<figure class=\"wp-block-image size-large\"><img fetchpriority=\"high\" decoding=\"async\" width=\"1024\" height=\"770\" data-id=\"16033\" src=\"https:\/\/repam.org.br\/cop30\/wp-content\/uploads\/2025\/04\/WhatsApp-Image-2025-04-08-at-11.30.50-1-1024x770.jpeg\" alt=\"\" class=\"wp-image-16033\" srcset=\"https:\/\/repam.org.br\/cop30\/wp-content\/uploads\/2025\/04\/WhatsApp-Image-2025-04-08-at-11.30.50-1-1024x770.jpeg 1024w, https:\/\/repam.org.br\/cop30\/wp-content\/uploads\/2025\/04\/WhatsApp-Image-2025-04-08-at-11.30.50-1-300x226.jpeg 300w, https:\/\/repam.org.br\/cop30\/wp-content\/uploads\/2025\/04\/WhatsApp-Image-2025-04-08-at-11.30.50-1-768x578.jpeg 768w, https:\/\/repam.org.br\/cop30\/wp-content\/uploads\/2025\/04\/WhatsApp-Image-2025-04-08-at-11.30.50-1.jpeg 1280w\" sizes=\"(max-width: 1024px) 100vw, 1024px\" \/><\/figure>\n\n\n\n<figure class=\"wp-block-image size-large\"><img decoding=\"async\" width=\"770\" height=\"1024\" data-id=\"16035\" src=\"https:\/\/repam.org.br\/cop30\/wp-content\/uploads\/2025\/04\/WhatsApp-Image-2025-04-08-at-11.30.49-1-770x1024.jpeg\" alt=\"\" class=\"wp-image-16035\" srcset=\"https:\/\/repam.org.br\/cop30\/wp-content\/uploads\/2025\/04\/WhatsApp-Image-2025-04-08-at-11.30.49-1-770x1024.jpeg 770w, https:\/\/repam.org.br\/cop30\/wp-content\/uploads\/2025\/04\/WhatsApp-Image-2025-04-08-at-11.30.49-1-226x300.jpeg 226w, https:\/\/repam.org.br\/cop30\/wp-content\/uploads\/2025\/04\/WhatsApp-Image-2025-04-08-at-11.30.49-1-768x1021.jpeg 768w, https:\/\/repam.org.br\/cop30\/wp-content\/uploads\/2025\/04\/WhatsApp-Image-2025-04-08-at-11.30.49-1.jpeg 963w\" sizes=\"(max-width: 770px) 100vw, 770px\" \/><\/figure>\n\n\n\n<figure class=\"wp-block-image size-large\"><img decoding=\"async\" width=\"770\" height=\"1024\" data-id=\"16034\" src=\"https:\/\/repam.org.br\/cop30\/wp-content\/uploads\/2025\/04\/WhatsApp-Image-2025-04-08-at-11.30.49-770x1024.jpeg\" alt=\"\" class=\"wp-image-16034\" srcset=\"https:\/\/repam.org.br\/cop30\/wp-content\/uploads\/2025\/04\/WhatsApp-Image-2025-04-08-at-11.30.49-770x1024.jpeg 770w, https:\/\/repam.org.br\/cop30\/wp-content\/uploads\/2025\/04\/WhatsApp-Image-2025-04-08-at-11.30.49-226x300.jpeg 226w, https:\/\/repam.org.br\/cop30\/wp-content\/uploads\/2025\/04\/WhatsApp-Image-2025-04-08-at-11.30.49-768x1021.jpeg 768w, https:\/\/repam.org.br\/cop30\/wp-content\/uploads\/2025\/04\/WhatsApp-Image-2025-04-08-at-11.30.49.jpeg 963w\" sizes=\"(max-width: 770px) 100vw, 770px\" \/><\/figure>\n<\/figure>\n\n\n\n<p>Durante a sess\u00e3o solene de abertura, o vice-presidente do Supremo Tribunal Federal (STF), ministro Luiz Edson Fachin, destacou a centralidade da Amaz\u00f4nia nos desafios clim\u00e1ticos globais e o papel estrat\u00e9gico da regi\u00e3o na limita\u00e7\u00e3o do aquecimento global. Fachin tamb\u00e9m apontou o evento como uma oportunidade decisiva de articula\u00e7\u00e3o antes da realiza\u00e7\u00e3o da COP30, que ocorrer\u00e1 em novembro, tamb\u00e9m em Bel\u00e9m.<\/p>\n\n\n\n<p>Como resultado das discuss\u00f5es, foi elaborada a <strong>Declara\u00e7\u00e3o de Bel\u00e9m \u2013 Pacto para o Futuro da Amaz\u00f4nia<\/strong>, com contribui\u00e7\u00f5es do Conselho Cient\u00edfico do Observat\u00f3rio da Justi\u00e7a Brasileira. O documento ser\u00e1 publicado nos pr\u00f3ximos dias e servir\u00e1 como refer\u00eancia para as delibera\u00e7\u00f5es durante a c\u00fapula do clima.<\/p>\n","protected":false},"excerpt":{"rendered":"<p>No dia 7 de abril, a Mobiliza\u00e7\u00e3o pela Terra e pelo Clima \u2014 articula\u00e7\u00e3o promovida pela REPAM rumo \u00e0 COP30 \u2014 marcou presen\u00e7a na Confer\u00eancia de Alto N\u00edvel sobre Justi\u00e7a Clim\u00e1tica e Seguran\u00e7a Humana, realizada no Audit\u00f3rio Maria Sylvia Nunes, na Esta\u00e7\u00e3o das Docas, em Bel\u00e9m (PA). Representando a mobiliza\u00e7\u00e3o, Joana Menezes refor\u00e7ou o compromisso da REPAM com a justi\u00e7a socioambiental e com o protagonismo dos povos da Amaz\u00f4nia no enfrentamento \u00e0 crise clim\u00e1tica global. O evento foi promovido pelo Minist\u00e9rio P\u00fablico do Estado do Par\u00e1 (MPPA) e pelo Comit\u00ea Permanente da Am\u00e9rica Latina para a Preven\u00e7\u00e3o do Crime (COPLAD), vinculado \u00e0 Organiza\u00e7\u00e3o das Na\u00e7\u00f5es Unidas (ONU). A confer\u00eancia reuniu juristas, especialistas, autoridades nacionais e internacionais, al\u00e9m de representantes de universidades que comp\u00f5em o Conselho Cient\u00edfico do MPPA. O objetivo central foi debater pol\u00edticas integradas de governan\u00e7a e coopera\u00e7\u00e3o multilateral que promovam a seguran\u00e7a humana e a justi\u00e7a clim\u00e1tica, com \u00eanfase na realidade amaz\u00f4nica. A programa\u00e7\u00e3o abordou quest\u00f5es fundamentais como os direitos humanos e os direitos da natureza, criminalidade na Amaz\u00f4nia, justi\u00e7a clim\u00e1tica, cidades inteligentes e o desenvolvimento de comunidades em situa\u00e7\u00e3o de vulnerabilidade socioambiental. Os debates buscaram tamb\u00e9m fortalecer compromissos com o Acordo de Paris e acelerar a implementa\u00e7\u00e3o da Agenda 2030 da ONU. Durante a sess\u00e3o solene de abertura, o vice-presidente do Supremo Tribunal Federal (STF), ministro Luiz Edson Fachin, destacou a centralidade da Amaz\u00f4nia nos desafios clim\u00e1ticos globais e o papel estrat\u00e9gico da regi\u00e3o na limita\u00e7\u00e3o do aquecimento global. Fachin tamb\u00e9m apontou o evento como uma oportunidade decisiva de articula\u00e7\u00e3o antes da realiza\u00e7\u00e3o da COP30, que ocorrer\u00e1 em novembro, tamb\u00e9m em Bel\u00e9m. Como resultado das discuss\u00f5es, foi elaborada a Declara\u00e7\u00e3o de Bel\u00e9m \u2013 Pacto para o Futuro da Amaz\u00f4nia, com contribui\u00e7\u00f5es do Conselho Cient\u00edfico do Observat\u00f3rio da Justi\u00e7a Brasileira. O documento ser\u00e1 publicado nos pr\u00f3ximos dias e servir\u00e1 como refer\u00eancia para as delibera\u00e7\u00f5es durante a c\u00fapula do clima.<\/p>\n","protected":false},"author":3,"featured_media":16032,"comment_status":"open","ping_status":"open","sticky":false,"template":"","format":"standard","meta":{"footnotes":""},"categories":[5],"tags":[],"class_list":["post-16031","post","type-post","status-publish","format-standard","has-post-thumbnail","hentry","category-noticias"],"rttpg_featured_image_url":{"full":["https:\/\/repam.org.br\/cop30\/wp-content\/uploads\/2025\/04\/WhatsApp-Image-2025-04-08-at-11.30.50.jpeg",1280,963,false],"landscape":["https:\/\/repam.org.br\/cop30\/wp-content\/uploads\/2025\/04\/WhatsApp-Image-2025-04-08-at-11.30.50.jpeg",1280,963,false],"portraits":["https:\/\/repam.org.br\/cop30\/wp-content\/uploads\/2025\/04\/WhatsApp-Image-2025-04-08-at-11.30.50.jpeg",1280,963,false],"thumbnail":["https:\/\/repam.org.br\/cop30\/wp-content\/uploads\/2025\/04\/WhatsApp-Image-2025-04-08-at-11.30.50-150x150.jpeg",150,150,true],"medium":["https:\/\/repam.org.br\/cop30\/wp-content\/uploads\/2025\/04\/WhatsApp-Image-2025-04-08-at-11.30.50-300x226.jpeg",300,226,true],"large":["https:\/\/repam.org.br\/cop30\/wp-content\/uploads\/2025\/04\/WhatsApp-Image-2025-04-08-at-11.30.50-1024x770.jpeg",800,602,true],"1536x1536":["https:\/\/repam.org.br\/cop30\/wp-content\/uploads\/2025\/04\/WhatsApp-Image-2025-04-08-at-11.30.50.jpeg",1280,963,false],"2048x2048":["https:\/\/repam.org.br\/cop30\/wp-content\/uploads\/2025\/04\/WhatsApp-Image-2025-04-08-at-11.30.50.jpeg",1280,963,false]},"rttpg_author":{"display_name":"Comunica\u00e7\u00e3o Cop30","author_link":"https:\/\/repam.org.br\/cop30\/author\/comunicacaocop30\/"},"rttpg_comment":0,"rttpg_category":"<a href=\"https:\/\/repam.org.br\/cop30\/category\/noticias\/\" rel=\"category tag\">Not\u00edcias<\/a>","rttpg_excerpt":"No dia 7 de abril, a Mobiliza\u00e7\u00e3o pela Terra e pelo Clima \u2014 articula\u00e7\u00e3o promovida pela REPAM rumo \u00e0 COP30 \u2014 marcou presen\u00e7a na Confer\u00eancia de Alto N\u00edvel sobre Justi\u00e7a Clim\u00e1tica e Seguran\u00e7a Humana, realizada no Audit\u00f3rio Maria Sylvia Nunes, na Esta\u00e7\u00e3o das Docas, em Bel\u00e9m (PA). Representando a mobiliza\u00e7\u00e3o, Joana Menezes refor\u00e7ou o compromisso&hellip;","_links":{"self":[{"href":"https:\/\/repam.org.br\/cop30\/wp-json\/wp\/v2\/posts\/16031","targetHints":{"allow":["GET"]}}],"collection":[{"href":"https:\/\/repam.org.br\/cop30\/wp-json\/wp\/v2\/posts"}],"about":[{"href":"https:\/\/repam.org.br\/cop30\/wp-json\/wp\/v2\/types\/post"}],"author":[{"embeddable":true,"href":"https:\/\/repam.org.br\/cop30\/wp-json\/wp\/v2\/users\/3"}],"replies":[{"embeddable":true,"href":"https:\/\/repam.org.br\/cop30\/wp-json\/wp\/v2\/comments?post=16031"}],"version-history":[{"count":1,"href":"https:\/\/repam.org.br\/cop30\/wp-json\/wp\/v2\/posts\/16031\/revisions"}],"predecessor-version":[{"id":16036,"href":"https:\/\/repam.org.br\/cop30\/wp-json\/wp\/v2\/posts\/16031\/revisions\/16036"}],"wp:featuredmedia":[{"embeddable":true,"href":"https:\/\/repam.org.br\/cop30\/wp-json\/wp\/v2\/media\/16032"}],"wp:attachment":[{"href":"https:\/\/repam.org.br\/cop30\/wp-json\/wp\/v2\/media?parent=16031"}],"wp:term":[{"taxonomy":"category","embeddable":true,"href":"https:\/\/repam.org.br\/cop30\/wp-json\/wp\/v2\/categories?post=16031"},{"taxonomy":"post_tag","embeddable":true,"href":"https:\/\/repam.org.br\/cop30\/wp-json\/wp\/v2\/tags?post=16031"}],"curies":[{"name":"wp","href":"https:\/\/api.w.org\/{rel}","templated":true}]}}