{"id":16038,"date":"2025-04-16T11:20:39","date_gmt":"2025-04-16T14:20:39","guid":{"rendered":"https:\/\/repam.org.br\/cop30\/?p=16038"},"modified":"2025-04-16T11:20:40","modified_gmt":"2025-04-16T14:20:40","slug":"roda-de-conversa-em-arapixuna-reune-mulheres-para-dialogar-sobre-mudancas-climaticas-na-amazonia","status":"publish","type":"post","link":"https:\/\/repam.org.br\/cop30\/roda-de-conversa-em-arapixuna-reune-mulheres-para-dialogar-sobre-mudancas-climaticas-na-amazonia\/","title":{"rendered":"Roda de conversa em Arapixuna re\u00fane mulheres para dialogar sobre mudan\u00e7as clim\u00e1ticas na Amaz\u00f4nia"},"content":{"rendered":"\n<p>No dia 10 de abril, a Associa\u00e7\u00e3o das Mulheres Trabalhadoras Rurais de Santar\u00e9m (AMTR) promoveu a segunda roda de conversa do ciclo \u201cConstruindo Vozes para a COP30\u201d. A atividade aconteceu no polo Arapixuna, reunindo mulheres da regi\u00e3o para refletir e debater os impactos das mudan\u00e7as clim\u00e1ticas na Amaz\u00f4nia e, especialmente, em seus territ\u00f3rios.<\/p>\n\n\n\n<p>O encontro foi marcado por escutas atentas, trocas de experi\u00eancias e propostas concretas vindas das mulheres da comunidade. \u201cA roda de conversa foi um sucesso, pois tivemos a oportunidade de debater e fazer sugest\u00f5es sobre as mudan\u00e7as clim\u00e1ticas na Amaz\u00f4nia, sobretudo na nossa regi\u00e3o\u201d, afirmou Marilene Rocha, dirigente da Associa\u00e7\u00e3o das Mulheres Trabalhadoras Rurais de Santar\u00e9m.<\/p>\n\n\n\n<p>As rodas de conversa s\u00e3o parte de um esfor\u00e7o coletivo para garantir que as vozes das mulheres amaz\u00f4nidas estejam presentes na constru\u00e7\u00e3o de agendas e solu\u00e7\u00f5es para a COP30, que ser\u00e1 realizada em Bel\u00e9m, em 2025. A iniciativa busca fortalecer a participa\u00e7\u00e3o popular e ampliar o protagonismo das mulheres na luta por justi\u00e7a clim\u00e1tica.<\/p>\n\n\n\n<p>A pr\u00f3xima roda de conversa da AMTR j\u00e1 est\u00e1 sendo organizada e promete seguir fortalecendo os di\u00e1logos de base na regi\u00e3o oeste do Par\u00e1.<\/p>\n\n\n\n<figure class=\"wp-block-gallery has-nested-images columns-default is-cropped wp-block-gallery-1 is-layout-flex wp-block-gallery-is-layout-flex\">\n<figure class=\"wp-block-image size-large\"><img fetchpriority=\"high\" decoding=\"async\" width=\"1024\" height=\"576\" data-id=\"16043\" src=\"https:\/\/repam.org.br\/cop30\/wp-content\/uploads\/2025\/04\/WhatsApp-Image-2025-04-16-at-11.07.14-3-1-1024x576.jpeg\" alt=\"\" class=\"wp-image-16043\" srcset=\"https:\/\/repam.org.br\/cop30\/wp-content\/uploads\/2025\/04\/WhatsApp-Image-2025-04-16-at-11.07.14-3-1-1024x576.jpeg 1024w, https:\/\/repam.org.br\/cop30\/wp-content\/uploads\/2025\/04\/WhatsApp-Image-2025-04-16-at-11.07.14-3-1-300x169.jpeg 300w, https:\/\/repam.org.br\/cop30\/wp-content\/uploads\/2025\/04\/WhatsApp-Image-2025-04-16-at-11.07.14-3-1-768x432.jpeg 768w, https:\/\/repam.org.br\/cop30\/wp-content\/uploads\/2025\/04\/WhatsApp-Image-2025-04-16-at-11.07.14-3-1.jpeg 1280w\" sizes=\"(max-width: 1024px) 100vw, 1024px\" \/><\/figure>\n\n\n\n<figure class=\"wp-block-image size-large\"><img decoding=\"async\" width=\"1024\" height=\"576\" data-id=\"16044\" src=\"https:\/\/repam.org.br\/cop30\/wp-content\/uploads\/2025\/04\/WhatsApp-Image-2025-04-16-at-11.07.14-2-1-1024x576.jpeg\" alt=\"\" class=\"wp-image-16044\" srcset=\"https:\/\/repam.org.br\/cop30\/wp-content\/uploads\/2025\/04\/WhatsApp-Image-2025-04-16-at-11.07.14-2-1-1024x576.jpeg 1024w, https:\/\/repam.org.br\/cop30\/wp-content\/uploads\/2025\/04\/WhatsApp-Image-2025-04-16-at-11.07.14-2-1-300x169.jpeg 300w, https:\/\/repam.org.br\/cop30\/wp-content\/uploads\/2025\/04\/WhatsApp-Image-2025-04-16-at-11.07.14-2-1-768x432.jpeg 768w, https:\/\/repam.org.br\/cop30\/wp-content\/uploads\/2025\/04\/WhatsApp-Image-2025-04-16-at-11.07.14-2-1.jpeg 1280w\" sizes=\"(max-width: 1024px) 100vw, 1024px\" \/><\/figure>\n\n\n\n<figure class=\"wp-block-image size-large\"><img decoding=\"async\" width=\"1024\" height=\"576\" data-id=\"16045\" src=\"https:\/\/repam.org.br\/cop30\/wp-content\/uploads\/2025\/04\/WhatsApp-Image-2025-04-16-at-11.07.14-1-1-1024x576.jpeg\" alt=\"\" class=\"wp-image-16045\" srcset=\"https:\/\/repam.org.br\/cop30\/wp-content\/uploads\/2025\/04\/WhatsApp-Image-2025-04-16-at-11.07.14-1-1-1024x576.jpeg 1024w, https:\/\/repam.org.br\/cop30\/wp-content\/uploads\/2025\/04\/WhatsApp-Image-2025-04-16-at-11.07.14-1-1-300x169.jpeg 300w, https:\/\/repam.org.br\/cop30\/wp-content\/uploads\/2025\/04\/WhatsApp-Image-2025-04-16-at-11.07.14-1-1-768x432.jpeg 768w, https:\/\/repam.org.br\/cop30\/wp-content\/uploads\/2025\/04\/WhatsApp-Image-2025-04-16-at-11.07.14-1-1.jpeg 1280w\" sizes=\"(max-width: 1024px) 100vw, 1024px\" \/><\/figure>\n<\/figure>\n","protected":false},"excerpt":{"rendered":"<p>No dia 10 de abril, a Associa\u00e7\u00e3o das Mulheres Trabalhadoras Rurais de Santar\u00e9m (AMTR) promoveu a segunda roda de conversa do ciclo \u201cConstruindo Vozes para a COP30\u201d. A atividade aconteceu no polo Arapixuna, reunindo mulheres da regi\u00e3o para refletir e debater os impactos das mudan\u00e7as clim\u00e1ticas na Amaz\u00f4nia e, especialmente, em seus territ\u00f3rios. O encontro foi marcado por escutas atentas, trocas de experi\u00eancias e propostas concretas vindas das mulheres da comunidade. \u201cA roda de conversa foi um sucesso, pois tivemos a oportunidade de debater e fazer sugest\u00f5es sobre as mudan\u00e7as clim\u00e1ticas na Amaz\u00f4nia, sobretudo na nossa regi\u00e3o\u201d, afirmou Marilene Rocha, dirigente da Associa\u00e7\u00e3o das Mulheres Trabalhadoras Rurais de Santar\u00e9m. As rodas de conversa s\u00e3o parte de um esfor\u00e7o coletivo para garantir que as vozes das mulheres amaz\u00f4nidas estejam presentes na constru\u00e7\u00e3o de agendas e solu\u00e7\u00f5es para a COP30, que ser\u00e1 realizada em Bel\u00e9m, em 2025. A iniciativa busca fortalecer a participa\u00e7\u00e3o popular e ampliar o protagonismo das mulheres na luta por justi\u00e7a clim\u00e1tica. A pr\u00f3xima roda de conversa da AMTR j\u00e1 est\u00e1 sendo organizada e promete seguir fortalecendo os di\u00e1logos de base na regi\u00e3o oeste do Par\u00e1.<\/p>\n","protected":false},"author":3,"featured_media":16039,"comment_status":"open","ping_status":"open","sticky":false,"template":"","format":"standard","meta":{"footnotes":""},"categories":[5],"tags":[],"class_list":["post-16038","post","type-post","status-publish","format-standard","has-post-thumbnail","hentry","category-noticias"],"rttpg_featured_image_url":{"full":["https:\/\/repam.org.br\/cop30\/wp-content\/uploads\/2025\/04\/WhatsApp-Image-2025-04-16-at-11.07.14-scaled.jpeg",2560,1440,false],"landscape":["https:\/\/repam.org.br\/cop30\/wp-content\/uploads\/2025\/04\/WhatsApp-Image-2025-04-16-at-11.07.14-scaled.jpeg",2560,1440,false],"portraits":["https:\/\/repam.org.br\/cop30\/wp-content\/uploads\/2025\/04\/WhatsApp-Image-2025-04-16-at-11.07.14-scaled.jpeg",2560,1440,false],"thumbnail":["https:\/\/repam.org.br\/cop30\/wp-content\/uploads\/2025\/04\/WhatsApp-Image-2025-04-16-at-11.07.14-150x150.jpeg",150,150,true],"medium":["https:\/\/repam.org.br\/cop30\/wp-content\/uploads\/2025\/04\/WhatsApp-Image-2025-04-16-at-11.07.14-300x169.jpeg",300,169,true],"large":["https:\/\/repam.org.br\/cop30\/wp-content\/uploads\/2025\/04\/WhatsApp-Image-2025-04-16-at-11.07.14-1024x576.jpeg",800,450,true],"1536x1536":["https:\/\/repam.org.br\/cop30\/wp-content\/uploads\/2025\/04\/WhatsApp-Image-2025-04-16-at-11.07.14-1536x864.jpeg",1536,864,true],"2048x2048":["https:\/\/repam.org.br\/cop30\/wp-content\/uploads\/2025\/04\/WhatsApp-Image-2025-04-16-at-11.07.14-2048x1152.jpeg",2048,1152,true]},"rttpg_author":{"display_name":"Comunica\u00e7\u00e3o Cop30","author_link":"https:\/\/repam.org.br\/cop30\/author\/comunicacaocop30\/"},"rttpg_comment":0,"rttpg_category":"<a href=\"https:\/\/repam.org.br\/cop30\/category\/noticias\/\" rel=\"category tag\">Not\u00edcias<\/a>","rttpg_excerpt":"No dia 10 de abril, a Associa\u00e7\u00e3o das Mulheres Trabalhadoras Rurais de Santar\u00e9m (AMTR) promoveu a segunda roda de conversa do ciclo \u201cConstruindo Vozes para a COP30\u201d. A atividade aconteceu no polo Arapixuna, reunindo mulheres da regi\u00e3o para refletir e debater os impactos das mudan\u00e7as clim\u00e1ticas na Amaz\u00f4nia e, especialmente, em seus territ\u00f3rios. O encontro&hellip;","_links":{"self":[{"href":"https:\/\/repam.org.br\/cop30\/wp-json\/wp\/v2\/posts\/16038","targetHints":{"allow":["GET"]}}],"collection":[{"href":"https:\/\/repam.org.br\/cop30\/wp-json\/wp\/v2\/posts"}],"about":[{"href":"https:\/\/repam.org.br\/cop30\/wp-json\/wp\/v2\/types\/post"}],"author":[{"embeddable":true,"href":"https:\/\/repam.org.br\/cop30\/wp-json\/wp\/v2\/users\/3"}],"replies":[{"embeddable":true,"href":"https:\/\/repam.org.br\/cop30\/wp-json\/wp\/v2\/comments?post=16038"}],"version-history":[{"count":1,"href":"https:\/\/repam.org.br\/cop30\/wp-json\/wp\/v2\/posts\/16038\/revisions"}],"predecessor-version":[{"id":16046,"href":"https:\/\/repam.org.br\/cop30\/wp-json\/wp\/v2\/posts\/16038\/revisions\/16046"}],"wp:featuredmedia":[{"embeddable":true,"href":"https:\/\/repam.org.br\/cop30\/wp-json\/wp\/v2\/media\/16039"}],"wp:attachment":[{"href":"https:\/\/repam.org.br\/cop30\/wp-json\/wp\/v2\/media?parent=16038"}],"wp:term":[{"taxonomy":"category","embeddable":true,"href":"https:\/\/repam.org.br\/cop30\/wp-json\/wp\/v2\/categories?post=16038"},{"taxonomy":"post_tag","embeddable":true,"href":"https:\/\/repam.org.br\/cop30\/wp-json\/wp\/v2\/tags?post=16038"}],"curies":[{"name":"wp","href":"https:\/\/api.w.org\/{rel}","templated":true}]}}