{"id":16048,"date":"2025-04-24T16:00:29","date_gmt":"2025-04-24T19:00:29","guid":{"rendered":"https:\/\/repam.org.br\/cop30\/?p=16048"},"modified":"2025-05-09T17:22:32","modified_gmt":"2025-05-09T20:22:32","slug":"juventude-amazonida-participa-de-roda-de-conversa-sobre-emergencia-climatica-em-igarape-miri","status":"publish","type":"post","link":"https:\/\/repam.org.br\/cop30\/juventude-amazonida-participa-de-roda-de-conversa-sobre-emergencia-climatica-em-igarape-miri\/","title":{"rendered":"Juventude amaz\u00f4nida participa de roda de conversa sobre emerg\u00eancia clim\u00e1tica em Igarap\u00e9-Miri"},"content":{"rendered":"\n<p>Na manh\u00e3 do dia 22 de abril, a Mobiliza\u00e7\u00e3o dos Povos pela Terra e pelo Clima esteve presente na Escola Estadual Bar\u00e3o de Igarap\u00e9-Miri, em Bel\u00e9m, para promover uma roda de conversa com estudantes do ensino m\u00e9dio sobre a emerg\u00eancia clim\u00e1tica e seus impactos na Amaz\u00f4nia.<\/p>\n\n\n\n<p>A atividade teve como objetivo sensibilizar adolescentes e jovens sobre a realidade da crise socioambiental e suas consequ\u00eancias diretas nos territ\u00f3rios amaz\u00f4nicos. Ao longo do encontro, foram debatidos os efeitos das mudan\u00e7as clim\u00e1ticas no cotidiano das comunidades e ressaltada a import\u00e2ncia do engajamento da juventude na constru\u00e7\u00e3o de solu\u00e7\u00f5es coletivas e sustent\u00e1veis.<\/p>\n\n\n\n<p>Durante o di\u00e1logo, tamb\u00e9m foi enfatizado o papel transformador dos sonhos e aspira\u00e7\u00f5es da juventude para a supera\u00e7\u00e3o dos desafios ambientais, seja no \u00e2mbito pessoal, comunit\u00e1rio ou social. A escuta ativa dos estudantes e a troca de saberes refor\u00e7aram a pot\u00eancia das juventudes como protagonistas na luta por justi\u00e7a clim\u00e1tica.<\/p>\n\n\n\n<p>Essa a\u00e7\u00e3o integra o conjunto de iniciativas da Mobiliza\u00e7\u00e3o dos Povos pela Terra e pelo Clima rumo \u00e0 COP30, que acontecer\u00e1 em Bel\u00e9m em 2025. Fortalecer o protagonismo juvenil, especialmente em comunidades amaz\u00f4nicas, \u00e9 fundamental para garantir a participa\u00e7\u00e3o popular e a inclus\u00e3o de vozes historicamente marginalizadas nos debates clim\u00e1ticos globais.<\/p>\n\n\n\n<figure class=\"wp-block-image size-large\"><img fetchpriority=\"high\" decoding=\"async\" width=\"1024\" height=\"768\" src=\"https:\/\/repam.org.br\/cop30\/wp-content\/uploads\/2025\/04\/WhatsApp-Image-2025-04-22-at-12.06.01-1024x768.jpeg\" alt=\"\" class=\"wp-image-16050\" srcset=\"https:\/\/repam.org.br\/cop30\/wp-content\/uploads\/2025\/04\/WhatsApp-Image-2025-04-22-at-12.06.01-1024x768.jpeg 1024w, https:\/\/repam.org.br\/cop30\/wp-content\/uploads\/2025\/04\/WhatsApp-Image-2025-04-22-at-12.06.01-300x225.jpeg 300w, https:\/\/repam.org.br\/cop30\/wp-content\/uploads\/2025\/04\/WhatsApp-Image-2025-04-22-at-12.06.01-768x576.jpeg 768w, https:\/\/repam.org.br\/cop30\/wp-content\/uploads\/2025\/04\/WhatsApp-Image-2025-04-22-at-12.06.01-1536x1152.jpeg 1536w, https:\/\/repam.org.br\/cop30\/wp-content\/uploads\/2025\/04\/WhatsApp-Image-2025-04-22-at-12.06.01.jpeg 1600w\" sizes=\"(max-width: 1024px) 100vw, 1024px\" \/><\/figure>\n","protected":false},"excerpt":{"rendered":"<p>Na manh\u00e3 do dia 22 de abril, a Mobiliza\u00e7\u00e3o dos Povos pela Terra e pelo Clima esteve presente na Escola Estadual Bar\u00e3o de Igarap\u00e9-Miri, em Bel\u00e9m, para promover uma roda de conversa com estudantes do ensino m\u00e9dio sobre a emerg\u00eancia clim\u00e1tica e seus impactos na Amaz\u00f4nia. A atividade teve como objetivo sensibilizar adolescentes e jovens sobre a realidade da crise socioambiental e suas consequ\u00eancias diretas nos territ\u00f3rios amaz\u00f4nicos. Ao longo do encontro, foram debatidos os efeitos das mudan\u00e7as clim\u00e1ticas no cotidiano das comunidades e ressaltada a import\u00e2ncia do engajamento da juventude na constru\u00e7\u00e3o de solu\u00e7\u00f5es coletivas e sustent\u00e1veis. Durante o di\u00e1logo, tamb\u00e9m foi enfatizado o papel transformador dos sonhos e aspira\u00e7\u00f5es da juventude para a supera\u00e7\u00e3o dos desafios ambientais, seja no \u00e2mbito pessoal, comunit\u00e1rio ou social. A escuta ativa dos estudantes e a troca de saberes refor\u00e7aram a pot\u00eancia das juventudes como protagonistas na luta por justi\u00e7a clim\u00e1tica. Essa a\u00e7\u00e3o integra o conjunto de iniciativas da Mobiliza\u00e7\u00e3o dos Povos pela Terra e pelo Clima rumo \u00e0 COP30, que acontecer\u00e1 em Bel\u00e9m em 2025. Fortalecer o protagonismo juvenil, especialmente em comunidades amaz\u00f4nicas, \u00e9 fundamental para garantir a participa\u00e7\u00e3o popular e a inclus\u00e3o de vozes historicamente marginalizadas nos debates clim\u00e1ticos globais.<\/p>\n","protected":false},"author":3,"featured_media":16049,"comment_status":"open","ping_status":"open","sticky":false,"template":"","format":"standard","meta":{"footnotes":""},"categories":[5],"tags":[13,14,15,17,8],"class_list":["post-16048","post","type-post","status-publish","format-standard","has-post-thumbnail","hentry","category-noticias","tag-amazonia","tag-conferencia-do-clima-da-onu","tag-cop-30","tag-mudanca-climatica","tag-repam-brasil"],"rttpg_featured_image_url":{"full":["https:\/\/repam.org.br\/cop30\/wp-content\/uploads\/2025\/04\/WhatsApp-Image-2025-04-22-at-12.06.01-1.jpeg",1600,1200,false],"landscape":["https:\/\/repam.org.br\/cop30\/wp-content\/uploads\/2025\/04\/WhatsApp-Image-2025-04-22-at-12.06.01-1.jpeg",1600,1200,false],"portraits":["https:\/\/repam.org.br\/cop30\/wp-content\/uploads\/2025\/04\/WhatsApp-Image-2025-04-22-at-12.06.01-1.jpeg",1600,1200,false],"thumbnail":["https:\/\/repam.org.br\/cop30\/wp-content\/uploads\/2025\/04\/WhatsApp-Image-2025-04-22-at-12.06.01-1-150x150.jpeg",150,150,true],"medium":["https:\/\/repam.org.br\/cop30\/wp-content\/uploads\/2025\/04\/WhatsApp-Image-2025-04-22-at-12.06.01-1-300x225.jpeg",300,225,true],"large":["https:\/\/repam.org.br\/cop30\/wp-content\/uploads\/2025\/04\/WhatsApp-Image-2025-04-22-at-12.06.01-1-1024x768.jpeg",800,600,true],"1536x1536":["https:\/\/repam.org.br\/cop30\/wp-content\/uploads\/2025\/04\/WhatsApp-Image-2025-04-22-at-12.06.01-1-1536x1152.jpeg",1536,1152,true],"2048x2048":["https:\/\/repam.org.br\/cop30\/wp-content\/uploads\/2025\/04\/WhatsApp-Image-2025-04-22-at-12.06.01-1.jpeg",1600,1200,false]},"rttpg_author":{"display_name":"Comunica\u00e7\u00e3o Cop30","author_link":"https:\/\/repam.org.br\/cop30\/author\/comunicacaocop30\/"},"rttpg_comment":0,"rttpg_category":"<a href=\"https:\/\/repam.org.br\/cop30\/category\/noticias\/\" rel=\"category tag\">Not\u00edcias<\/a>","rttpg_excerpt":"Na manh\u00e3 do dia 22 de abril, a Mobiliza\u00e7\u00e3o dos Povos pela Terra e pelo Clima esteve presente na Escola Estadual Bar\u00e3o de Igarap\u00e9-Miri, em Bel\u00e9m, para promover uma roda de conversa com estudantes do ensino m\u00e9dio sobre a emerg\u00eancia clim\u00e1tica e seus impactos na Amaz\u00f4nia. A atividade teve como objetivo sensibilizar adolescentes e jovens&hellip;","_links":{"self":[{"href":"https:\/\/repam.org.br\/cop30\/wp-json\/wp\/v2\/posts\/16048","targetHints":{"allow":["GET"]}}],"collection":[{"href":"https:\/\/repam.org.br\/cop30\/wp-json\/wp\/v2\/posts"}],"about":[{"href":"https:\/\/repam.org.br\/cop30\/wp-json\/wp\/v2\/types\/post"}],"author":[{"embeddable":true,"href":"https:\/\/repam.org.br\/cop30\/wp-json\/wp\/v2\/users\/3"}],"replies":[{"embeddable":true,"href":"https:\/\/repam.org.br\/cop30\/wp-json\/wp\/v2\/comments?post=16048"}],"version-history":[{"count":2,"href":"https:\/\/repam.org.br\/cop30\/wp-json\/wp\/v2\/posts\/16048\/revisions"}],"predecessor-version":[{"id":16108,"href":"https:\/\/repam.org.br\/cop30\/wp-json\/wp\/v2\/posts\/16048\/revisions\/16108"}],"wp:featuredmedia":[{"embeddable":true,"href":"https:\/\/repam.org.br\/cop30\/wp-json\/wp\/v2\/media\/16049"}],"wp:attachment":[{"href":"https:\/\/repam.org.br\/cop30\/wp-json\/wp\/v2\/media?parent=16048"}],"wp:term":[{"taxonomy":"category","embeddable":true,"href":"https:\/\/repam.org.br\/cop30\/wp-json\/wp\/v2\/categories?post=16048"},{"taxonomy":"post_tag","embeddable":true,"href":"https:\/\/repam.org.br\/cop30\/wp-json\/wp\/v2\/tags?post=16048"}],"curies":[{"name":"wp","href":"https:\/\/api.w.org\/{rel}","templated":true}]}}