{"id":16054,"date":"2025-04-24T17:30:03","date_gmt":"2025-04-24T20:30:03","guid":{"rendered":"https:\/\/repam.org.br\/cop30\/?p=16054"},"modified":"2025-04-24T17:30:04","modified_gmt":"2025-04-24T20:30:04","slug":"articulacao-da-repam-para-a-cop30-participa-de-sessao-especial-sobre-justica-climatica-em-belem","status":"publish","type":"post","link":"https:\/\/repam.org.br\/cop30\/articulacao-da-repam-para-a-cop30-participa-de-sessao-especial-sobre-justica-climatica-em-belem\/","title":{"rendered":"Articula\u00e7\u00e3o da REPAM para a COP30 participa de sess\u00e3o especial sobre justi\u00e7a clim\u00e1tica em Bel\u00e9m"},"content":{"rendered":"\n<p>A C\u00e2mara Municipal de Bel\u00e9m realizou, nesta quinta-feira (24), uma Sess\u00e3o Especial para discutir justi\u00e7a ambiental e mudan\u00e7as clim\u00e1ticas. A atividade foi proposta pela vereadora Marinor Brito (PSOL), integrante da Comiss\u00e3o de Meio Ambiente da Casa, e teve como objetivo ampliar o debate sobre os efeitos do desequil\u00edbrio clim\u00e1tico na capital paraense.<\/p>\n\n\n\n<p>Eduardo Soares, secret\u00e1rio da Mobiliza\u00e7\u00e3o dos Povos pela Terra e pelo Clima \u2013 articula\u00e7\u00e3o da REPAM rumo \u00e0 COP30 \u2013 participou da sess\u00e3o como representante da C\u00fapula dos Povos rumo \u00e0 COP30. Em sua fala, destacou a import\u00e2ncia de garantir a participa\u00e7\u00e3o efetiva da sociedade civil nos processos de planejamento e execu\u00e7\u00e3o das pol\u00edticas relacionadas \u00e0 Confer\u00eancia do Clima.<\/p>\n\n\n\n<blockquote class=\"wp-block-quote is-layout-flow wp-block-quote-is-layout-flow\">\n<p>\u201cN\u00e3o podemos falar de COP30 sem falar da realidade das periferias de Bel\u00e9m. Justi\u00e7a clim\u00e1tica n\u00e3o \u00e9 s\u00f3 reduzir emiss\u00f5es; \u00e9 garantir que as obras, os planos e os investimentos considerem quem mais sofre com as desigualdades ambientais. Estamos aqui para exigir que a cidade seja pensada a partir dos territ\u00f3rios, com participa\u00e7\u00e3o popular e compromisso real com os povos da Amaz\u00f4nia\u201d, afirmou Eduardo Soares.<\/p>\n<\/blockquote>\n\n\n\n<p>Durante a sess\u00e3o, foi retomada a discuss\u00e3o sobre o Plano Local de A\u00e7\u00e3o Clim\u00e1tica e o F\u00f3rum Municipal de Mudan\u00e7as Clim\u00e1ticas, al\u00e9m da exposi\u00e7\u00e3o dos impactos socioambientais causados pelas obras em andamento na cidade, realizadas no contexto da prepara\u00e7\u00e3o para a COP30.<\/p>\n\n\n\n<p>O evento tamb\u00e9m teve como foco a vulnerabilidade de regi\u00f5es afetadas por alagamentos, calor extremo e outros desastres ambientais, com aten\u00e7\u00e3o especial \u00e0s popula\u00e7\u00f5es que vivem em \u00e1reas de risco e com menor acesso \u00e0 infraestrutura urbana e servi\u00e7os p\u00fablicos.<\/p>\n","protected":false},"excerpt":{"rendered":"<p>A C\u00e2mara Municipal de Bel\u00e9m realizou, nesta quinta-feira (24), uma Sess\u00e3o Especial para discutir justi\u00e7a ambiental e mudan\u00e7as clim\u00e1ticas. A atividade foi proposta pela vereadora Marinor Brito (PSOL), integrante da Comiss\u00e3o de Meio Ambiente da Casa, e teve como objetivo ampliar o debate sobre os efeitos do desequil\u00edbrio clim\u00e1tico na capital paraense. Eduardo Soares, secret\u00e1rio da Mobiliza\u00e7\u00e3o dos Povos pela Terra e pelo Clima \u2013 articula\u00e7\u00e3o da REPAM rumo \u00e0 COP30 \u2013 participou da sess\u00e3o como representante da C\u00fapula dos Povos rumo \u00e0 COP30. Em sua fala, destacou a import\u00e2ncia de garantir a participa\u00e7\u00e3o efetiva da sociedade civil nos processos de planejamento e execu\u00e7\u00e3o das pol\u00edticas relacionadas \u00e0 Confer\u00eancia do Clima. \u201cN\u00e3o podemos falar de COP30 sem falar da realidade das periferias de Bel\u00e9m. Justi\u00e7a clim\u00e1tica n\u00e3o \u00e9 s\u00f3 reduzir emiss\u00f5es; \u00e9 garantir que as obras, os planos e os investimentos considerem quem mais sofre com as desigualdades ambientais. Estamos aqui para exigir que a cidade seja pensada a partir dos territ\u00f3rios, com participa\u00e7\u00e3o popular e compromisso real com os povos da Amaz\u00f4nia\u201d, afirmou Eduardo Soares. Durante a sess\u00e3o, foi retomada a discuss\u00e3o sobre o Plano Local de A\u00e7\u00e3o Clim\u00e1tica e o F\u00f3rum Municipal de Mudan\u00e7as Clim\u00e1ticas, al\u00e9m da exposi\u00e7\u00e3o dos impactos socioambientais causados pelas obras em andamento na cidade, realizadas no contexto da prepara\u00e7\u00e3o para a COP30. O evento tamb\u00e9m teve como foco a vulnerabilidade de regi\u00f5es afetadas por alagamentos, calor extremo e outros desastres ambientais, com aten\u00e7\u00e3o especial \u00e0s popula\u00e7\u00f5es que vivem em \u00e1reas de risco e com menor acesso \u00e0 infraestrutura urbana e servi\u00e7os p\u00fablicos.<\/p>\n","protected":false},"author":3,"featured_media":16055,"comment_status":"open","ping_status":"open","sticky":false,"template":"","format":"standard","meta":{"footnotes":""},"categories":[5],"tags":[13,14,15,16,17,19,7,8],"class_list":["post-16054","post","type-post","status-publish","format-standard","has-post-thumbnail","hentry","category-noticias","tag-amazonia","tag-conferencia-do-clima-da-onu","tag-cop-30","tag-cupula-dos-povos","tag-mudanca-climatica","tag-povos-indigenas","tag-repam","tag-repam-brasil"],"rttpg_featured_image_url":{"full":["https:\/\/repam.org.br\/cop30\/wp-content\/uploads\/2025\/04\/WhatsApp-Image-2025-04-24-at-14.55.08.jpeg",1600,1200,false],"landscape":["https:\/\/repam.org.br\/cop30\/wp-content\/uploads\/2025\/04\/WhatsApp-Image-2025-04-24-at-14.55.08.jpeg",1600,1200,false],"portraits":["https:\/\/repam.org.br\/cop30\/wp-content\/uploads\/2025\/04\/WhatsApp-Image-2025-04-24-at-14.55.08.jpeg",1600,1200,false],"thumbnail":["https:\/\/repam.org.br\/cop30\/wp-content\/uploads\/2025\/04\/WhatsApp-Image-2025-04-24-at-14.55.08-150x150.jpeg",150,150,true],"medium":["https:\/\/repam.org.br\/cop30\/wp-content\/uploads\/2025\/04\/WhatsApp-Image-2025-04-24-at-14.55.08-300x225.jpeg",300,225,true],"large":["https:\/\/repam.org.br\/cop30\/wp-content\/uploads\/2025\/04\/WhatsApp-Image-2025-04-24-at-14.55.08-1024x768.jpeg",800,600,true],"1536x1536":["https:\/\/repam.org.br\/cop30\/wp-content\/uploads\/2025\/04\/WhatsApp-Image-2025-04-24-at-14.55.08-1536x1152.jpeg",1536,1152,true],"2048x2048":["https:\/\/repam.org.br\/cop30\/wp-content\/uploads\/2025\/04\/WhatsApp-Image-2025-04-24-at-14.55.08.jpeg",1600,1200,false]},"rttpg_author":{"display_name":"Comunica\u00e7\u00e3o Cop30","author_link":"https:\/\/repam.org.br\/cop30\/author\/comunicacaocop30\/"},"rttpg_comment":0,"rttpg_category":"<a href=\"https:\/\/repam.org.br\/cop30\/category\/noticias\/\" rel=\"category tag\">Not\u00edcias<\/a>","rttpg_excerpt":"A C\u00e2mara Municipal de Bel\u00e9m realizou, nesta quinta-feira (24), uma Sess\u00e3o Especial para discutir justi\u00e7a ambiental e mudan\u00e7as clim\u00e1ticas. A atividade foi proposta pela vereadora Marinor Brito (PSOL), integrante da Comiss\u00e3o de Meio Ambiente da Casa, e teve como objetivo ampliar o debate sobre os efeitos do desequil\u00edbrio clim\u00e1tico na capital paraense. Eduardo Soares, secret\u00e1rio&hellip;","_links":{"self":[{"href":"https:\/\/repam.org.br\/cop30\/wp-json\/wp\/v2\/posts\/16054","targetHints":{"allow":["GET"]}}],"collection":[{"href":"https:\/\/repam.org.br\/cop30\/wp-json\/wp\/v2\/posts"}],"about":[{"href":"https:\/\/repam.org.br\/cop30\/wp-json\/wp\/v2\/types\/post"}],"author":[{"embeddable":true,"href":"https:\/\/repam.org.br\/cop30\/wp-json\/wp\/v2\/users\/3"}],"replies":[{"embeddable":true,"href":"https:\/\/repam.org.br\/cop30\/wp-json\/wp\/v2\/comments?post=16054"}],"version-history":[{"count":1,"href":"https:\/\/repam.org.br\/cop30\/wp-json\/wp\/v2\/posts\/16054\/revisions"}],"predecessor-version":[{"id":16056,"href":"https:\/\/repam.org.br\/cop30\/wp-json\/wp\/v2\/posts\/16054\/revisions\/16056"}],"wp:featuredmedia":[{"embeddable":true,"href":"https:\/\/repam.org.br\/cop30\/wp-json\/wp\/v2\/media\/16055"}],"wp:attachment":[{"href":"https:\/\/repam.org.br\/cop30\/wp-json\/wp\/v2\/media?parent=16054"}],"wp:term":[{"taxonomy":"category","embeddable":true,"href":"https:\/\/repam.org.br\/cop30\/wp-json\/wp\/v2\/categories?post=16054"},{"taxonomy":"post_tag","embeddable":true,"href":"https:\/\/repam.org.br\/cop30\/wp-json\/wp\/v2\/tags?post=16054"}],"curies":[{"name":"wp","href":"https:\/\/api.w.org\/{rel}","templated":true}]}}