{"id":16061,"date":"2025-05-07T12:15:16","date_gmt":"2025-05-07T15:15:16","guid":{"rendered":"https:\/\/repam.org.br\/cop30\/?p=16061"},"modified":"2025-05-07T12:20:27","modified_gmt":"2025-05-07T15:20:27","slug":"repam-participa-da-abertura-da-5a-conferencia-nacional-do-meio-ambiente-em-brasilia","status":"publish","type":"post","link":"https:\/\/repam.org.br\/cop30\/repam-participa-da-abertura-da-5a-conferencia-nacional-do-meio-ambiente-em-brasilia\/","title":{"rendered":"REPAM participa da abertura da 5\u00aa Confer\u00eancia Nacional do Meio Ambiente em Bras\u00edlia"},"content":{"rendered":"\n<p>A REPAM Brasil participou, nesta ter\u00e7a-feira (6), da abertura oficial da 5\u00aa Confer\u00eancia Nacional do Meio Ambiente (CNMA), realizada em Bras\u00edlia (DF). Com a presen\u00e7a de cerca de 3 mil representantes de todos os estados brasileiros e do Distrito Federal, a confer\u00eancia marca a retomada do processo participativo da pol\u00edtica ambiental no Brasil, 11 anos ap\u00f3s sua \u00faltima edi\u00e7\u00e3o.<\/p>\n\n\n\n<p>Sob o tema \u201cEmerg\u00eancia Clim\u00e1tica: o Desafio da Transforma\u00e7\u00e3o Ecol\u00f3gica\u201d, o encontro, coordenado pelo Minist\u00e9rio do Meio Ambiente e Mudan\u00e7a do Clima (MMA), segue at\u00e9 sexta-feira (9) e re\u00fane autoridades, especialistas e movimentos sociais para debater os principais desafios ambientais do pa\u00eds.<\/p>\n\n\n\n<p>A cerim\u00f4nia de abertura contou com a presen\u00e7a de autoridades do governo federal e personalidades da \u00e1rea ambiental, como o cientista clim\u00e1tico Carlos Nobre. Durante o evento, o vice-presidente da Rep\u00fablica, Geraldo Alckmin, reafirmou o compromisso do Brasil com a agenda clim\u00e1tica:<\/p>\n\n\n\n<blockquote class=\"wp-block-quote is-layout-flow wp-block-quote-is-layout-flow\">\n<p><strong>\u201cO Brasil foi o segundo pa\u00eds do mundo a apresentar sua NDC, o compromisso de redu\u00e7\u00e3o de emiss\u00e3o de gases de efeito estufa. Tendo 2005 como refer\u00eancia at\u00e9 2035, prevemos a redu\u00e7\u00e3o entre 59% e 67% das emiss\u00f5es. \u00c9 uma proposta ousada, mas fact\u00edvel\u201d, afirmou.<\/strong><\/p>\n<\/blockquote>\n\n\n\n<p>O vice-presidente tamb\u00e9m destacou a import\u00e2ncia da escuta ativa durante a confer\u00eancia:<\/p>\n\n\n\n<blockquote class=\"wp-block-quote is-layout-flow wp-block-quote-is-layout-flow\">\n<p>\u201cAgora queremos ouvir as propostas de voc\u00eas, que v\u00e3o ajudar o governo do presidente Lula.\u201d<\/p>\n<\/blockquote>\n\n\n\n<p>A ministra do Meio Ambiente e Mudan\u00e7a do Clima, Marina Silva, celebrou a retomada da participa\u00e7\u00e3o popular como elemento essencial da pol\u00edtica ambiental:<\/p>\n\n\n\n<blockquote class=\"wp-block-quote is-layout-flow wp-block-quote-is-layout-flow\">\n<p><strong>\u201cEssa confer\u00eancia \u00e9 uma demonstra\u00e7\u00e3o de que a mobiliza\u00e7\u00e3o da sociedade \u00e9 fundamental na formula\u00e7\u00e3o e implementa\u00e7\u00e3o das pol\u00edticas p\u00fablicas.\u201d<\/strong><\/p>\n<\/blockquote>\n\n\n\n<p>Marina tamb\u00e9m ressaltou o protagonismo de grupos historicamente marginalizados no processo:<\/p>\n\n\n\n<blockquote class=\"wp-block-quote is-layout-flow wp-block-quote-is-layout-flow\">\n<p><strong>\u201cEstabelecemos um crit\u00e9rio para que a defesa da diversidade fosse respeitada na pr\u00e1tica. Por isso temos aqui, como delegados, 56% de mulheres, 64% de pessoas pretas e um ter\u00e7o dos participantes vindos de povos ind\u00edgenas e popula\u00e7\u00f5es tradicionais.\u201d<\/strong><\/p>\n<\/blockquote>\n\n\n\n<figure class=\"wp-block-image size-large\"><img fetchpriority=\"high\" decoding=\"async\" width=\"1024\" height=\"683\" src=\"https:\/\/repam.org.br\/cop30\/wp-content\/uploads\/2025\/05\/54502762203_585f7743f3_o-1024x683.jpg\" alt=\"\" class=\"wp-image-16063\" srcset=\"https:\/\/repam.org.br\/cop30\/wp-content\/uploads\/2025\/05\/54502762203_585f7743f3_o-1024x683.jpg 1024w, https:\/\/repam.org.br\/cop30\/wp-content\/uploads\/2025\/05\/54502762203_585f7743f3_o-300x200.jpg 300w, https:\/\/repam.org.br\/cop30\/wp-content\/uploads\/2025\/05\/54502762203_585f7743f3_o-768x512.jpg 768w, https:\/\/repam.org.br\/cop30\/wp-content\/uploads\/2025\/05\/54502762203_585f7743f3_o-1536x1025.jpg 1536w, https:\/\/repam.org.br\/cop30\/wp-content\/uploads\/2025\/05\/54502762203_585f7743f3_o-2048x1366.jpg 2048w\" sizes=\"(max-width: 1024px) 100vw, 1024px\" \/><figcaption class=\"wp-element-caption\">Cr\u00e9dito: Fernando Donasci\/MMA<\/figcaption><\/figure>\n\n\n\n<h3 class=\"wp-block-heading\">Atua\u00e7\u00e3o da REPAM Brasil<\/h3>\n\n\n\n<p>A REPAM Brasil esteve presente durante todas as etapas preparat\u00f3rias da confer\u00eancia, integrando a Comiss\u00e3o Organizadora Nacional. Por meio do projeto Mobiliza\u00e7\u00e3o dos Povos pela Terra e pelo Clima \u2014 uma articula\u00e7\u00e3o da REPAM rumo \u00e0 COP30 \u2014 foram promovidas confer\u00eancias livres em diferentes regi\u00f5es da Amaz\u00f4nia, <a href=\"https:\/\/repam.org.br\/cop30\/ribeirinhos-de-afua-se-mobilizaram-em-conferencia-sobre-emergencia-climatica\/\">como em Afu\u00e1 (PA)<\/a>, em novembro de 2024, e em <a href=\"https:\/\/repam.org.br\/cop30\/marapanim-pa-realiza-1a-conferencia-livre-do-meio-ambiente-com-foco-na-emergencia-climatica\/\">Marapanim (PA).\u00a0<\/a><\/p>\n\n\n\n<p>As atividades tiveram como foco contribuir com os debates nos cinco eixos tem\u00e1ticos da confer\u00eancia: Mitiga\u00e7\u00e3o, Adapta\u00e7\u00e3o e Prepara\u00e7\u00e3o para Desastres, Justi\u00e7a Clim\u00e1tica, Transforma\u00e7\u00e3o Ecol\u00f3gica e Governan\u00e7a e Educa\u00e7\u00e3o Ambiental. Al\u00e9m disso, o projeto refor\u00e7ou a import\u00e2ncia da presen\u00e7a ativa dos territ\u00f3rios amaz\u00f4nicos nas articula\u00e7\u00f5es rumo \u00e0 COP30, que ser\u00e1 realizada em Bel\u00e9m (PA), em 2025.<\/p>\n\n\n\n<p>Vanessa Galv\u00e3o, do Comit\u00ea REPAM e IEB, comenta a import\u00e2ncia do momento:<\/p>\n\n\n\n<blockquote class=\"wp-block-quote is-layout-flow wp-block-quote-is-layout-flow\">\n<p><strong>\u201c\u00c9 com muita alegria que participo da 5\u00aa Confer\u00eancia Nacional do Meio Ambiente. Estaremos representando o munic\u00edpio de L\u00e1brea (AM) \u2014 e n\u00e3o apenas L\u00e1brea, mas toda a regi\u00e3o \u2014 para contribuir na constru\u00e7\u00e3o de pol\u00edticas p\u00fablicas ambientais para a Amaz\u00f4nia e para o Brasil.\u201d<\/strong><\/p>\n<\/blockquote>\n\n\n\n<figure class=\"wp-block-gallery has-nested-images columns-default is-cropped wp-block-gallery-1 is-layout-flex wp-block-gallery-is-layout-flex\">\n<figure class=\"wp-block-image size-large\"><img decoding=\"async\" width=\"1024\" height=\"768\" data-id=\"16068\" src=\"https:\/\/repam.org.br\/cop30\/wp-content\/uploads\/2025\/05\/WhatsApp-Image-2025-05-07-at-11.42.02-1-1024x768.jpeg\" alt=\"\" class=\"wp-image-16068\" srcset=\"https:\/\/repam.org.br\/cop30\/wp-content\/uploads\/2025\/05\/WhatsApp-Image-2025-05-07-at-11.42.02-1-1024x768.jpeg 1024w, https:\/\/repam.org.br\/cop30\/wp-content\/uploads\/2025\/05\/WhatsApp-Image-2025-05-07-at-11.42.02-1-300x225.jpeg 300w, https:\/\/repam.org.br\/cop30\/wp-content\/uploads\/2025\/05\/WhatsApp-Image-2025-05-07-at-11.42.02-1-768x576.jpeg 768w, https:\/\/repam.org.br\/cop30\/wp-content\/uploads\/2025\/05\/WhatsApp-Image-2025-05-07-at-11.42.02-1-1536x1152.jpeg 1536w, https:\/\/repam.org.br\/cop30\/wp-content\/uploads\/2025\/05\/WhatsApp-Image-2025-05-07-at-11.42.02-1.jpeg 1600w\" sizes=\"(max-width: 1024px) 100vw, 1024px\" \/><figcaption class=\"wp-element-caption\">Vanessa Galv\u00e3o &#8211;  Comit\u00ea REPAM e IEB<\/figcaption><\/figure>\n\n\n\n<figure class=\"wp-block-image size-large\"><img decoding=\"async\" width=\"1024\" height=\"768\" data-id=\"16065\" src=\"https:\/\/repam.org.br\/cop30\/wp-content\/uploads\/2025\/05\/WhatsApp-Image-2025-05-07-at-11.03.00-1024x768.jpeg\" alt=\"\" class=\"wp-image-16065\" srcset=\"https:\/\/repam.org.br\/cop30\/wp-content\/uploads\/2025\/05\/WhatsApp-Image-2025-05-07-at-11.03.00-1024x768.jpeg 1024w, https:\/\/repam.org.br\/cop30\/wp-content\/uploads\/2025\/05\/WhatsApp-Image-2025-05-07-at-11.03.00-300x225.jpeg 300w, https:\/\/repam.org.br\/cop30\/wp-content\/uploads\/2025\/05\/WhatsApp-Image-2025-05-07-at-11.03.00-768x576.jpeg 768w, https:\/\/repam.org.br\/cop30\/wp-content\/uploads\/2025\/05\/WhatsApp-Image-2025-05-07-at-11.03.00.jpeg 1280w\" sizes=\"(max-width: 1024px) 100vw, 1024px\" \/><figcaption class=\"wp-element-caption\">Adriana &#8211; Delega\u00e7\u00e3o do Maranh\u00e3o<\/figcaption><\/figure>\n\n\n\n<figure class=\"wp-block-image size-large\"><img loading=\"lazy\" decoding=\"async\" width=\"1024\" height=\"768\" data-id=\"16066\" src=\"https:\/\/repam.org.br\/cop30\/wp-content\/uploads\/2025\/05\/WhatsApp-Image-2025-05-07-at-11.03.17-1024x768.jpeg\" alt=\"\" class=\"wp-image-16066\" srcset=\"https:\/\/repam.org.br\/cop30\/wp-content\/uploads\/2025\/05\/WhatsApp-Image-2025-05-07-at-11.03.17-1024x768.jpeg 1024w, https:\/\/repam.org.br\/cop30\/wp-content\/uploads\/2025\/05\/WhatsApp-Image-2025-05-07-at-11.03.17-300x225.jpeg 300w, https:\/\/repam.org.br\/cop30\/wp-content\/uploads\/2025\/05\/WhatsApp-Image-2025-05-07-at-11.03.17-768x576.jpeg 768w, https:\/\/repam.org.br\/cop30\/wp-content\/uploads\/2025\/05\/WhatsApp-Image-2025-05-07-at-11.03.17.jpeg 1280w\" sizes=\"(max-width: 1024px) 100vw, 1024px\" \/><figcaption class=\"wp-element-caption\">Aldenice Monteiro &#8211; Delega\u00e7\u00e3o do Par\u00e1<\/figcaption><\/figure>\n\n\n\n<figure class=\"wp-block-image size-large\"><img loading=\"lazy\" decoding=\"async\" width=\"768\" height=\"1024\" data-id=\"16067\" src=\"https:\/\/repam.org.br\/cop30\/wp-content\/uploads\/2025\/05\/WhatsApp-Image-2025-05-07-at-11.03.39-768x1024.jpeg\" alt=\"\" class=\"wp-image-16067\" srcset=\"https:\/\/repam.org.br\/cop30\/wp-content\/uploads\/2025\/05\/WhatsApp-Image-2025-05-07-at-11.03.39-768x1024.jpeg 768w, https:\/\/repam.org.br\/cop30\/wp-content\/uploads\/2025\/05\/WhatsApp-Image-2025-05-07-at-11.03.39-225x300.jpeg 225w, https:\/\/repam.org.br\/cop30\/wp-content\/uploads\/2025\/05\/WhatsApp-Image-2025-05-07-at-11.03.39-1152x1536.jpeg 1152w, https:\/\/repam.org.br\/cop30\/wp-content\/uploads\/2025\/05\/WhatsApp-Image-2025-05-07-at-11.03.39.jpeg 1200w\" sizes=\"(max-width: 768px) 100vw, 768px\" \/><figcaption class=\"wp-element-caption\">Mayara Lima &#8211; Comunica\u00e7\u00e3o do projeto Mobiliza\u00e7\u00e3o dos Povos pela Terra e pelo Clima<\/figcaption><\/figure>\n<\/figure>\n\n\n\n<h3 class=\"wp-block-heading\">Sobre a 5\u00aa CNMA<\/h3>\n\n\n\n<p>A 5\u00aa CNMA foi iniciada em 2024 com uma fase preparat\u00f3ria que incluiu <strong>atividades autogestionadas<\/strong> e <strong>confer\u00eancias livres, municipais e intermunicipais<\/strong>, totalizando <strong>mais de 900 encontros<\/strong> em todo o pa\u00eds e mobilizando diretamente <strong>2.570 munic\u00edpios<\/strong>.<\/p>\n\n\n\n<p>Na etapa seguinte, as <strong>confer\u00eancias estaduais e distrital<\/strong> analisaram as propostas locais e selecionaram at\u00e9 20 prioridades por Unidade da Federa\u00e7\u00e3o, al\u00e9m de elegerem os delegados que participam da etapa nacional em Bras\u00edlia.<\/p>\n\n\n\n<p>Nesta fase final, <strong>1.501 delegadas e delegados<\/strong> est\u00e3o reunidos para selecionar as <strong>100 propostas priorit\u00e1rias<\/strong> que compor\u00e3o as diretrizes da Pol\u00edtica Nacional sobre Mudan\u00e7a do Clima (PNMC). Essas propostas tamb\u00e9m consolidar\u00e3o a posi\u00e7\u00e3o da sociedade brasileira frente \u00e0 meta do Acordo de Paris de limitar o aquecimento global a 1,5\u00baC.<\/p>\n\n\n\n<p>A 5\u00aa CNMA \u00e9 um marco no fortalecimento da justi\u00e7a clim\u00e1tica, ao garantir maior representatividade: 56% dos delegados s\u00e3o mulheres e 64% se autodeclaram pessoas negras. A etapa nacional \u00e9 promovida pelo Minist\u00e9rio do Meio Ambiente e Mudan\u00e7a do Clima, com correaliza\u00e7\u00e3o da FLACSO Brasil e da Universidade de Bras\u00edlia (UnB).<\/p>\n\n\n\n\n\n\n\n<p><\/p>\n","protected":false},"excerpt":{"rendered":"<p>A REPAM Brasil participou, nesta ter\u00e7a-feira (6), da abertura oficial da 5\u00aa Confer\u00eancia Nacional do Meio Ambiente (CNMA), realizada em Bras\u00edlia (DF). Com a presen\u00e7a de cerca de 3 mil representantes de todos os estados brasileiros e do Distrito Federal, a confer\u00eancia marca a retomada do processo participativo da pol\u00edtica ambiental no Brasil, 11 anos ap\u00f3s sua \u00faltima edi\u00e7\u00e3o. Sob o tema \u201cEmerg\u00eancia Clim\u00e1tica: o Desafio da Transforma\u00e7\u00e3o Ecol\u00f3gica\u201d, o encontro, coordenado pelo Minist\u00e9rio do Meio Ambiente e Mudan\u00e7a do Clima (MMA), segue at\u00e9 sexta-feira (9) e re\u00fane autoridades, especialistas e movimentos sociais para debater os principais desafios ambientais do pa\u00eds. A cerim\u00f4nia de abertura contou com a presen\u00e7a de autoridades do governo federal e personalidades da \u00e1rea ambiental, como o cientista clim\u00e1tico Carlos Nobre. Durante o evento, o vice-presidente da Rep\u00fablica, Geraldo Alckmin, reafirmou o compromisso do Brasil com a agenda clim\u00e1tica: \u201cO Brasil foi o segundo pa\u00eds do mundo a apresentar sua NDC, o compromisso de redu\u00e7\u00e3o de emiss\u00e3o de gases de efeito estufa. Tendo 2005 como refer\u00eancia at\u00e9 2035, prevemos a redu\u00e7\u00e3o entre 59% e 67% das emiss\u00f5es. \u00c9 uma proposta ousada, mas fact\u00edvel\u201d, afirmou. O vice-presidente tamb\u00e9m destacou a import\u00e2ncia da escuta ativa durante a confer\u00eancia: \u201cAgora queremos ouvir as propostas de voc\u00eas, que v\u00e3o ajudar o governo do presidente Lula.\u201d A ministra do Meio Ambiente e Mudan\u00e7a do Clima, Marina Silva, celebrou a retomada da participa\u00e7\u00e3o popular como elemento essencial da pol\u00edtica ambiental: \u201cEssa confer\u00eancia \u00e9 uma demonstra\u00e7\u00e3o de que a mobiliza\u00e7\u00e3o da sociedade \u00e9 fundamental na formula\u00e7\u00e3o e implementa\u00e7\u00e3o das pol\u00edticas p\u00fablicas.\u201d Marina tamb\u00e9m ressaltou o protagonismo de grupos historicamente marginalizados no processo: \u201cEstabelecemos um crit\u00e9rio para que a defesa da diversidade fosse respeitada na pr\u00e1tica. Por isso temos aqui, como delegados, 56% de mulheres, 64% de pessoas pretas e um ter\u00e7o dos participantes vindos de povos ind\u00edgenas e popula\u00e7\u00f5es tradicionais.\u201d Atua\u00e7\u00e3o da REPAM Brasil A REPAM Brasil esteve presente durante todas as etapas preparat\u00f3rias da confer\u00eancia, integrando a Comiss\u00e3o Organizadora Nacional. Por meio do projeto Mobiliza\u00e7\u00e3o dos Povos pela Terra e pelo Clima \u2014 uma articula\u00e7\u00e3o da REPAM rumo \u00e0 COP30 \u2014 foram promovidas confer\u00eancias livres em diferentes regi\u00f5es da Amaz\u00f4nia, como em Afu\u00e1 (PA), em novembro de 2024, e em Marapanim (PA).\u00a0 As atividades tiveram como foco contribuir com os debates nos cinco eixos tem\u00e1ticos da confer\u00eancia: Mitiga\u00e7\u00e3o, Adapta\u00e7\u00e3o e Prepara\u00e7\u00e3o para Desastres, Justi\u00e7a Clim\u00e1tica, Transforma\u00e7\u00e3o Ecol\u00f3gica e Governan\u00e7a e Educa\u00e7\u00e3o Ambiental. Al\u00e9m disso, o projeto refor\u00e7ou a import\u00e2ncia da presen\u00e7a ativa dos territ\u00f3rios amaz\u00f4nicos nas articula\u00e7\u00f5es rumo \u00e0 COP30, que ser\u00e1 realizada em Bel\u00e9m (PA), em 2025. Vanessa Galv\u00e3o, do Comit\u00ea REPAM e IEB, comenta a import\u00e2ncia do momento: \u201c\u00c9 com muita alegria que participo da 5\u00aa Confer\u00eancia Nacional do Meio Ambiente. Estaremos representando o munic\u00edpio de L\u00e1brea (AM) \u2014 e n\u00e3o apenas L\u00e1brea, mas toda a regi\u00e3o \u2014 para contribuir na constru\u00e7\u00e3o de pol\u00edticas p\u00fablicas ambientais para a Amaz\u00f4nia e para o Brasil.\u201d Sobre a 5\u00aa CNMA A 5\u00aa CNMA foi iniciada em 2024 com uma fase preparat\u00f3ria que incluiu atividades autogestionadas e confer\u00eancias livres, municipais e intermunicipais, totalizando mais de 900 encontros em todo o pa\u00eds e mobilizando diretamente 2.570 munic\u00edpios. Na etapa seguinte, as confer\u00eancias estaduais e distrital analisaram as propostas locais e selecionaram at\u00e9 20 prioridades por Unidade da Federa\u00e7\u00e3o, al\u00e9m de elegerem os delegados que participam da etapa nacional em Bras\u00edlia. Nesta fase final, 1.501 delegadas e delegados est\u00e3o reunidos para selecionar as 100 propostas priorit\u00e1rias que compor\u00e3o as diretrizes da Pol\u00edtica Nacional sobre Mudan\u00e7a do Clima (PNMC). Essas propostas tamb\u00e9m consolidar\u00e3o a posi\u00e7\u00e3o da sociedade brasileira frente \u00e0 meta do Acordo de Paris de limitar o aquecimento global a 1,5\u00baC. A 5\u00aa CNMA \u00e9 um marco no fortalecimento da justi\u00e7a clim\u00e1tica, ao garantir maior representatividade: 56% dos delegados s\u00e3o mulheres e 64% se autodeclaram pessoas negras. A etapa nacional \u00e9 promovida pelo Minist\u00e9rio do Meio Ambiente e Mudan\u00e7a do Clima, com correaliza\u00e7\u00e3o da FLACSO Brasil e da Universidade de Bras\u00edlia (UnB).<\/p>\n","protected":false},"author":3,"featured_media":16062,"comment_status":"open","ping_status":"open","sticky":false,"template":"","format":"standard","meta":{"footnotes":""},"categories":[5],"tags":[15,17,18,7,8],"class_list":["post-16061","post","type-post","status-publish","format-standard","has-post-thumbnail","hentry","category-noticias","tag-cop-30","tag-mudanca-climatica","tag-populacoes-tradionais","tag-repam","tag-repam-brasil"],"rttpg_featured_image_url":{"full":["https:\/\/repam.org.br\/cop30\/wp-content\/uploads\/2025\/05\/WhatsApp-Image-2025-05-07-at-11.02.40-scaled.jpeg",2560,1440,false],"landscape":["https:\/\/repam.org.br\/cop30\/wp-content\/uploads\/2025\/05\/WhatsApp-Image-2025-05-07-at-11.02.40-scaled.jpeg",2560,1440,false],"portraits":["https:\/\/repam.org.br\/cop30\/wp-content\/uploads\/2025\/05\/WhatsApp-Image-2025-05-07-at-11.02.40-scaled.jpeg",2560,1440,false],"thumbnail":["https:\/\/repam.org.br\/cop30\/wp-content\/uploads\/2025\/05\/WhatsApp-Image-2025-05-07-at-11.02.40-150x150.jpeg",150,150,true],"medium":["https:\/\/repam.org.br\/cop30\/wp-content\/uploads\/2025\/05\/WhatsApp-Image-2025-05-07-at-11.02.40-300x169.jpeg",300,169,true],"large":["https:\/\/repam.org.br\/cop30\/wp-content\/uploads\/2025\/05\/WhatsApp-Image-2025-05-07-at-11.02.40-1024x576.jpeg",800,450,true],"1536x1536":["https:\/\/repam.org.br\/cop30\/wp-content\/uploads\/2025\/05\/WhatsApp-Image-2025-05-07-at-11.02.40-1536x864.jpeg",1536,864,true],"2048x2048":["https:\/\/repam.org.br\/cop30\/wp-content\/uploads\/2025\/05\/WhatsApp-Image-2025-05-07-at-11.02.40-2048x1152.jpeg",2048,1152,true]},"rttpg_author":{"display_name":"Comunica\u00e7\u00e3o Cop30","author_link":"https:\/\/repam.org.br\/cop30\/author\/comunicacaocop30\/"},"rttpg_comment":0,"rttpg_category":"<a href=\"https:\/\/repam.org.br\/cop30\/category\/noticias\/\" rel=\"category tag\">Not\u00edcias<\/a>","rttpg_excerpt":"A REPAM Brasil participou, nesta ter\u00e7a-feira (6), da abertura oficial da 5\u00aa Confer\u00eancia Nacional do Meio Ambiente (CNMA), realizada em Bras\u00edlia (DF). Com a presen\u00e7a de cerca de 3 mil representantes de todos os estados brasileiros e do Distrito Federal, a confer\u00eancia marca a retomada do processo participativo da pol\u00edtica ambiental no Brasil, 11 anos&hellip;","_links":{"self":[{"href":"https:\/\/repam.org.br\/cop30\/wp-json\/wp\/v2\/posts\/16061","targetHints":{"allow":["GET"]}}],"collection":[{"href":"https:\/\/repam.org.br\/cop30\/wp-json\/wp\/v2\/posts"}],"about":[{"href":"https:\/\/repam.org.br\/cop30\/wp-json\/wp\/v2\/types\/post"}],"author":[{"embeddable":true,"href":"https:\/\/repam.org.br\/cop30\/wp-json\/wp\/v2\/users\/3"}],"replies":[{"embeddable":true,"href":"https:\/\/repam.org.br\/cop30\/wp-json\/wp\/v2\/comments?post=16061"}],"version-history":[{"count":1,"href":"https:\/\/repam.org.br\/cop30\/wp-json\/wp\/v2\/posts\/16061\/revisions"}],"predecessor-version":[{"id":16071,"href":"https:\/\/repam.org.br\/cop30\/wp-json\/wp\/v2\/posts\/16061\/revisions\/16071"}],"wp:featuredmedia":[{"embeddable":true,"href":"https:\/\/repam.org.br\/cop30\/wp-json\/wp\/v2\/media\/16062"}],"wp:attachment":[{"href":"https:\/\/repam.org.br\/cop30\/wp-json\/wp\/v2\/media?parent=16061"}],"wp:term":[{"taxonomy":"category","embeddable":true,"href":"https:\/\/repam.org.br\/cop30\/wp-json\/wp\/v2\/categories?post=16061"},{"taxonomy":"post_tag","embeddable":true,"href":"https:\/\/repam.org.br\/cop30\/wp-json\/wp\/v2\/tags?post=16061"}],"curies":[{"name":"wp","href":"https:\/\/api.w.org\/{rel}","templated":true}]}}