{"id":16072,"date":"2025-05-07T16:09:27","date_gmt":"2025-05-07T19:09:27","guid":{"rendered":"https:\/\/repam.org.br\/cop30\/?p=16072"},"modified":"2025-05-07T16:14:34","modified_gmt":"2025-05-07T19:14:34","slug":"mobilizacao-dos-povos-pela-terra-e-pelo-clima-realiza-atividade-autogestionada-na-5a-conferencia-nacional-do-meio-ambiente","status":"publish","type":"post","link":"https:\/\/repam.org.br\/cop30\/mobilizacao-dos-povos-pela-terra-e-pelo-clima-realiza-atividade-autogestionada-na-5a-conferencia-nacional-do-meio-ambiente\/","title":{"rendered":"Mobiliza\u00e7\u00e3o dos Povos pela Terra e pelo Clima realiza atividade autogestionada na 5\u00aa Confer\u00eancia Nacional do Meio Ambiente"},"content":{"rendered":"\n<p>A Mobiliza\u00e7\u00e3o dos Povos pela Terra e pelo Clima, articula\u00e7\u00e3o da REPAM Brasil rumo \u00e0 COP30, estar\u00e1 presente na 5\u00aa Confer\u00eancia Nacional do Meio Ambiente (CNMA), que acontece em Bras\u00edlia entre os dias 6 e 9 de maio.<\/p>\n\n\n\n<p>Convidamos todos os parceiros e apoiadores, presentes na Confer\u00eancia, a participarem da atividade autogestionada promovida pela articula\u00e7\u00e3o, onde ser\u00e1 apresentada a Cartilha ABC das COPs \u2014 uma ferramenta que tem contribu\u00eddo para democratizar o acesso \u00e0 informa\u00e7\u00e3o sobre a agenda clim\u00e1tica e a COP30 nos territ\u00f3rios amaz\u00f4nicos e demais regi\u00f5es.<\/p>\n\n\n\n<p>O encontro ser\u00e1 tamb\u00e9m um espa\u00e7o de troca e constru\u00e7\u00e3o coletiva, com foco na import\u00e2ncia de fortalecer uma rede de mobiliza\u00e7\u00e3o popular que garanta o protagonismo dos povos nas discuss\u00f5es e negocia\u00e7\u00f5es sobre a crise clim\u00e1tica.<\/p>\n\n\n\n<p>Al\u00e9m dessa atividade, a REPAM, que integra a coordena\u00e7\u00e3o da C\u00fapula dos Povos, acompanha e participa de outras a\u00e7\u00f5es promovidas por organiza\u00e7\u00f5es que tamb\u00e9m comp\u00f5em a articula\u00e7\u00e3o da C\u00fapula.<\/p>\n\n\n\n<p><strong>C\u00fapula dos Povos presente nos di\u00e1logos!<\/strong><\/p>\n\n\n\n<blockquote class=\"wp-block-quote is-layout-flow wp-block-quote-is-layout-flow\">\n<p>A C\u00fapula dos Povos estar\u00e1 presente nas atividades autogestionadas <strong>por meio de organiza\u00e7\u00f5es-membro<\/strong>. Mesmo sem atividade oficial, seguimos <strong>marcando presen\u00e7a<\/strong> e <strong>fortalecendo a constru\u00e7\u00e3o coletiva<\/strong>. Em prepara\u00e7\u00e3o <strong>para ocupar Bel\u00e9m na COP30!<\/strong><\/p>\n<\/blockquote>\n\n\n\n<hr class=\"wp-block-separator has-alpha-channel-opacity\"\/>\n\n\n\n<h4 class=\"wp-block-heading\"><strong>Programa\u00e7\u00e3o<\/strong><\/h4>\n\n\n\n<p><strong>REPAM &#8211; ABC das COPs<\/strong><br>\ud83d\udcc5 <strong>Quando?<\/strong> 8 de maio<br>\ud83d\udd55 <strong>Hor\u00e1rio:<\/strong> 18h30 \u00e0s 20h30<br>\ud83d\udccd <strong>Onde?<\/strong> Sala 19 \u2013 1\u00ba andar, no Centro Internacional de Conven\u00e7\u00f5es do Brasil (CICB)<\/p>\n\n\n\n<p><strong>FBOMS &#8211; F\u00f3rum Brasileiro de ONGs e Movimentos Sociais<\/strong><br><strong>Tema:<\/strong> A import\u00e2ncia e o papel das organiza\u00e7\u00f5es e movimentos sociais frente \u00e0s emerg\u00eancias clim\u00e1ticas e \u00e0 COP30<br>\ud83d\udcc5 <strong>Quando?<\/strong> 7 de maio<br>\ud83d\udd55 <strong>Hor\u00e1rio:<\/strong> 12h30 \u00e0s 14h<br>\ud83d\udccd <strong>Onde?<\/strong> Sala 27 \u2013 1\u00ba andar<\/p>\n\n\n\n<p><strong>REBEA &#8211; Rede Brasileira de Educa\u00e7\u00e3o Ambiental<\/strong><br><strong>Tema:<\/strong> Di\u00e1logos Inter-Redes: Justi\u00e7a Clim\u00e1tica e o Tratado de Educa\u00e7\u00e3o Ambiental rumo \u00e0 C\u00fapula dos Povos na COP30<br>\ud83d\udcc5 <strong>Quando?<\/strong> 7 de maio<br>\ud83d\udd55 <strong>Hor\u00e1rio:<\/strong> 12h30 \u00e0s 14h<br>\ud83d\udccd <strong>Onde?<\/strong> Sala 26 \u2013 1\u00ba andar<\/p>\n\n\n","protected":false},"excerpt":{"rendered":"<p>A Mobiliza\u00e7\u00e3o dos Povos pela Terra e pelo Clima, articula\u00e7\u00e3o da REPAM Brasil rumo \u00e0 COP30, estar\u00e1 presente na 5\u00aa Confer\u00eancia Nacional do Meio Ambiente (CNMA), que acontece em Bras\u00edlia entre os dias 6 e 9 de maio. Convidamos todos os parceiros e apoiadores, presentes na Confer\u00eancia, a participarem da atividade autogestionada promovida pela articula\u00e7\u00e3o, onde ser\u00e1 apresentada a Cartilha ABC das COPs \u2014 uma ferramenta que tem contribu\u00eddo para democratizar o acesso \u00e0 informa\u00e7\u00e3o sobre a agenda clim\u00e1tica e a COP30 nos territ\u00f3rios amaz\u00f4nicos e demais regi\u00f5es. O encontro ser\u00e1 tamb\u00e9m um espa\u00e7o de troca e constru\u00e7\u00e3o coletiva, com foco na import\u00e2ncia de fortalecer uma rede de mobiliza\u00e7\u00e3o popular que garanta o protagonismo dos povos nas discuss\u00f5es e negocia\u00e7\u00f5es sobre a crise clim\u00e1tica. Al\u00e9m dessa atividade, a REPAM, que integra a coordena\u00e7\u00e3o da C\u00fapula dos Povos, acompanha e participa de outras a\u00e7\u00f5es promovidas por organiza\u00e7\u00f5es que tamb\u00e9m comp\u00f5em a articula\u00e7\u00e3o da C\u00fapula. C\u00fapula dos Povos presente nos di\u00e1logos! A C\u00fapula dos Povos estar\u00e1 presente nas atividades autogestionadas por meio de organiza\u00e7\u00f5es-membro. Mesmo sem atividade oficial, seguimos marcando presen\u00e7a e fortalecendo a constru\u00e7\u00e3o coletiva. Em prepara\u00e7\u00e3o para ocupar Bel\u00e9m na COP30! Programa\u00e7\u00e3o REPAM &#8211; ABC das COPs\ud83d\udcc5 Quando? 8 de maio\ud83d\udd55 Hor\u00e1rio: 18h30 \u00e0s 20h30\ud83d\udccd Onde? Sala 19 \u2013 1\u00ba andar, no Centro Internacional de Conven\u00e7\u00f5es do Brasil (CICB) FBOMS &#8211; F\u00f3rum Brasileiro de ONGs e Movimentos SociaisTema: A import\u00e2ncia e o papel das organiza\u00e7\u00f5es e movimentos sociais frente \u00e0s emerg\u00eancias clim\u00e1ticas e \u00e0 COP30\ud83d\udcc5 Quando? 7 de maio\ud83d\udd55 Hor\u00e1rio: 12h30 \u00e0s 14h\ud83d\udccd Onde? Sala 27 \u2013 1\u00ba andar REBEA &#8211; Rede Brasileira de Educa\u00e7\u00e3o AmbientalTema: Di\u00e1logos Inter-Redes: Justi\u00e7a Clim\u00e1tica e o Tratado de Educa\u00e7\u00e3o Ambiental rumo \u00e0 C\u00fapula dos Povos na COP30\ud83d\udcc5 Quando? 7 de maio\ud83d\udd55 Hor\u00e1rio: 12h30 \u00e0s 14h\ud83d\udccd Onde? Sala 26 \u2013 1\u00ba andar<\/p>\n","protected":false},"author":3,"featured_media":16073,"comment_status":"open","ping_status":"open","sticky":false,"template":"","format":"standard","meta":{"footnotes":""},"categories":[1],"tags":[],"class_list":["post-16072","post","type-post","status-publish","format-standard","has-post-thumbnail","hentry","category-sem-categoria"],"rttpg_featured_image_url":{"full":["https:\/\/repam.org.br\/cop30\/wp-content\/uploads\/2025\/05\/3ce905af-1e35-43bf-9b72-281182ba8aad.jpeg",1600,900,false],"landscape":["https:\/\/repam.org.br\/cop30\/wp-content\/uploads\/2025\/05\/3ce905af-1e35-43bf-9b72-281182ba8aad.jpeg",1600,900,false],"portraits":["https:\/\/repam.org.br\/cop30\/wp-content\/uploads\/2025\/05\/3ce905af-1e35-43bf-9b72-281182ba8aad.jpeg",1600,900,false],"thumbnail":["https:\/\/repam.org.br\/cop30\/wp-content\/uploads\/2025\/05\/3ce905af-1e35-43bf-9b72-281182ba8aad-150x150.jpeg",150,150,true],"medium":["https:\/\/repam.org.br\/cop30\/wp-content\/uploads\/2025\/05\/3ce905af-1e35-43bf-9b72-281182ba8aad-300x169.jpeg",300,169,true],"large":["https:\/\/repam.org.br\/cop30\/wp-content\/uploads\/2025\/05\/3ce905af-1e35-43bf-9b72-281182ba8aad-1024x576.jpeg",800,450,true],"1536x1536":["https:\/\/repam.org.br\/cop30\/wp-content\/uploads\/2025\/05\/3ce905af-1e35-43bf-9b72-281182ba8aad-1536x864.jpeg",1536,864,true],"2048x2048":["https:\/\/repam.org.br\/cop30\/wp-content\/uploads\/2025\/05\/3ce905af-1e35-43bf-9b72-281182ba8aad.jpeg",1600,900,false]},"rttpg_author":{"display_name":"Comunica\u00e7\u00e3o Cop30","author_link":"https:\/\/repam.org.br\/cop30\/author\/comunicacaocop30\/"},"rttpg_comment":0,"rttpg_category":"<a href=\"https:\/\/repam.org.br\/cop30\/category\/sem-categoria\/\" rel=\"category tag\">Sem categoria<\/a>","rttpg_excerpt":"A Mobiliza\u00e7\u00e3o dos Povos pela Terra e pelo Clima, articula\u00e7\u00e3o da REPAM Brasil rumo \u00e0 COP30, estar\u00e1 presente na 5\u00aa Confer\u00eancia Nacional do Meio Ambiente (CNMA), que acontece em Bras\u00edlia entre os dias 6 e 9 de maio. Convidamos todos os parceiros e apoiadores, presentes na Confer\u00eancia, a participarem da atividade autogestionada promovida pela articula\u00e7\u00e3o,&hellip;","_links":{"self":[{"href":"https:\/\/repam.org.br\/cop30\/wp-json\/wp\/v2\/posts\/16072","targetHints":{"allow":["GET"]}}],"collection":[{"href":"https:\/\/repam.org.br\/cop30\/wp-json\/wp\/v2\/posts"}],"about":[{"href":"https:\/\/repam.org.br\/cop30\/wp-json\/wp\/v2\/types\/post"}],"author":[{"embeddable":true,"href":"https:\/\/repam.org.br\/cop30\/wp-json\/wp\/v2\/users\/3"}],"replies":[{"embeddable":true,"href":"https:\/\/repam.org.br\/cop30\/wp-json\/wp\/v2\/comments?post=16072"}],"version-history":[{"count":2,"href":"https:\/\/repam.org.br\/cop30\/wp-json\/wp\/v2\/posts\/16072\/revisions"}],"predecessor-version":[{"id":16076,"href":"https:\/\/repam.org.br\/cop30\/wp-json\/wp\/v2\/posts\/16072\/revisions\/16076"}],"wp:featuredmedia":[{"embeddable":true,"href":"https:\/\/repam.org.br\/cop30\/wp-json\/wp\/v2\/media\/16073"}],"wp:attachment":[{"href":"https:\/\/repam.org.br\/cop30\/wp-json\/wp\/v2\/media?parent=16072"}],"wp:term":[{"taxonomy":"category","embeddable":true,"href":"https:\/\/repam.org.br\/cop30\/wp-json\/wp\/v2\/categories?post=16072"},{"taxonomy":"post_tag","embeddable":true,"href":"https:\/\/repam.org.br\/cop30\/wp-json\/wp\/v2\/tags?post=16072"}],"curies":[{"name":"wp","href":"https:\/\/api.w.org\/{rel}","templated":true}]}}