{"id":16078,"date":"2025-05-09T17:16:37","date_gmt":"2025-05-09T20:16:37","guid":{"rendered":"https:\/\/repam.org.br\/cop30\/?p=16078"},"modified":"2025-05-14T10:04:45","modified_gmt":"2025-05-14T13:04:45","slug":"vozes-amazonidas-marcam-presenca-na-5a-conferencia-nacional-do-meio-ambiente-em-brasilia","status":"publish","type":"post","link":"https:\/\/repam.org.br\/cop30\/vozes-amazonidas-marcam-presenca-na-5a-conferencia-nacional-do-meio-ambiente-em-brasilia\/","title":{"rendered":"Vozes Amaz\u00f4nidas marcam presen\u00e7a na 5\u00aa Confer\u00eancia Nacional do Meio Ambiente, em Bras\u00edlia"},"content":{"rendered":"\n<p class=\"has-medium-font-size\"><strong>Cartilha &#8220;ABC das COPs&#8221;, iniciativa da REPAM rumo \u00e0 COP30, foi um dos destaques das atividades autogestionadas<\/strong><\/p>\n\n\n\n<p>Terminou hoje (9\/5), em Bras\u00edlia, a 5\u00aa Confer\u00eancia Nacional do Meio Ambiente (5\u00aa CNMA), com a presen\u00e7a de 1.501 delegadas e delegados de todo o pa\u00eds. Ao final do encontro, foram selecionadas 100 propostas priorit\u00e1rias para o enfrentamento da emerg\u00eancia clim\u00e1tica no Brasil.<\/p>\n\n\n\n<p>Com forte participa\u00e7\u00e3o da sociedade civil, de representantes do setor privado e de governos, o processo reafirmou o compromisso coletivo na constru\u00e7\u00e3o de pol\u00edticas p\u00fablicas que respondam \u00e0 diversidade dos territ\u00f3rios e \u00e0 urg\u00eancia da crise ambiental.<\/p>\n\n\n\n<p>Entre os destaques das atividades autogestionadas, esteve a roda de di\u00e1logo sobre a <strong><a href=\"https:\/\/repam.org.br\/cop30\/abc-das-cops\/\">Cartilha ABC das COPs<\/a>,<\/strong> parte do projeto <em>Mobiliza\u00e7\u00e3o dos Povos pela Terra e pelo Clima<\/em>, uma articula\u00e7\u00e3o da REPAM rumo \u00e0 COP30. O material tem servido como instrumento de forma\u00e7\u00e3o e informa\u00e7\u00e3o sobre a agenda clim\u00e1tica e o papel das comunidades na constru\u00e7\u00e3o de solu\u00e7\u00f5es para a crise do clima.<\/p>\n\n\n\n<figure class=\"wp-block-image size-large\"><img fetchpriority=\"high\" decoding=\"async\" width=\"1024\" height=\"768\" src=\"https:\/\/repam.org.br\/cop30\/wp-content\/uploads\/2025\/05\/WhatsApp-Image-2025-05-08-at-14.39.44-1-1024x768.jpeg\" alt=\"\" class=\"wp-image-16085\" srcset=\"https:\/\/repam.org.br\/cop30\/wp-content\/uploads\/2025\/05\/WhatsApp-Image-2025-05-08-at-14.39.44-1-1024x768.jpeg 1024w, https:\/\/repam.org.br\/cop30\/wp-content\/uploads\/2025\/05\/WhatsApp-Image-2025-05-08-at-14.39.44-1-300x225.jpeg 300w, https:\/\/repam.org.br\/cop30\/wp-content\/uploads\/2025\/05\/WhatsApp-Image-2025-05-08-at-14.39.44-1-768x576.jpeg 768w, https:\/\/repam.org.br\/cop30\/wp-content\/uploads\/2025\/05\/WhatsApp-Image-2025-05-08-at-14.39.44-1-1536x1152.jpeg 1536w, https:\/\/repam.org.br\/cop30\/wp-content\/uploads\/2025\/05\/WhatsApp-Image-2025-05-08-at-14.39.44-1-2048x1536.jpeg 2048w\" sizes=\"(max-width: 1024px) 100vw, 1024px\" \/><\/figure>\n\n\n\n<p><strong>Representatividade amaz\u00f4nica<\/strong><\/p>\n\n\n\n<p>Adriana Leite, da Diocese de Balsas (MA), representou a REPAM na confer\u00eancia. Para ela, o espa\u00e7o foi uma oportunidade de troca e constru\u00e7\u00e3o coletiva:<\/p>\n\n\n\n<blockquote class=\"wp-block-quote is-layout-flow wp-block-quote-is-layout-flow\">\n<p>&#8220;\u00c9 de grande import\u00e2ncia estarmos aqui. Cada territ\u00f3rio trouxe suas dores, lutas e propostas. Essa partilha fortalece o nosso trabalho e nos prepara para uma incid\u00eancia mais organizada rumo \u00e0 COP30 em Bel\u00e9m. A oficina do ABC das COPs foi um momento rico para pensarmos em como cada realidade pode contribuir com o todo&#8221;, afirmou Adriana.<\/p>\n<\/blockquote>\n\n\n\n<figure class=\"wp-block-image size-large is-resized\"><img decoding=\"async\" width=\"691\" height=\"1024\" src=\"https:\/\/repam.org.br\/cop30\/wp-content\/uploads\/2025\/05\/WhatsApp-Image-2025-05-07-at-10.49.06-691x1024.jpeg\" alt=\"\" class=\"wp-image-16087\" style=\"width:691px;height:auto\"\/><figcaption class=\"wp-element-caption\">Adriana Leite &#8211; Delega\u00e7\u00e3o do Maranh\u00e3o<\/figcaption><\/figure>\n\n\n\n<p>A atividade reuniu participantes de diferentes regi\u00f5es, como Par\u00e1, Acre, Maranh\u00e3o e Centro-Oeste, e refor\u00e7ou a import\u00e2ncia da comunica\u00e7\u00e3o popular e da articula\u00e7\u00e3o em rede para garantir o protagonismo dos povos tradicionais nas decis\u00f5es sobre o clima.<\/p>\n\n\n\n<p>Aldenice Monteiro, uma das fundadoras do projeto Guardi\u00f5es Ribeirinhos de Afu\u00e1 (PA), tamb\u00e9m esteve presente e destacou o impacto do material entre os jovens da regi\u00e3o:<\/p>\n\n\n\n<blockquote class=\"wp-block-quote is-layout-flow wp-block-quote-is-layout-flow\">\n<p>\u201cA cartilha tem sido essencial para despertar a consci\u00eancia dos nossos jovens. Muitos est\u00e3o se tornando refer\u00eancia local quando o assunto \u00e9 clima. Eles entendem a import\u00e2ncia do tema, se posicionam, participam de eventos e ajudam a levar essas discuss\u00f5es para dentro das comunidades. Isso tem mudado a forma como nos enxergamos como povo e como sujeitos pol\u00edticos.\u201d<\/p>\n<\/blockquote>\n\n\n\n<figure class=\"wp-block-image size-large\"><img decoding=\"async\" width=\"1024\" height=\"768\" src=\"https:\/\/repam.org.br\/cop30\/wp-content\/uploads\/2025\/05\/WhatsApp-Image-2025-05-07-at-10.14.47-1024x768.jpeg\" alt=\"\" class=\"wp-image-16090\" srcset=\"https:\/\/repam.org.br\/cop30\/wp-content\/uploads\/2025\/05\/WhatsApp-Image-2025-05-07-at-10.14.47-1024x768.jpeg 1024w, https:\/\/repam.org.br\/cop30\/wp-content\/uploads\/2025\/05\/WhatsApp-Image-2025-05-07-at-10.14.47-300x225.jpeg 300w, https:\/\/repam.org.br\/cop30\/wp-content\/uploads\/2025\/05\/WhatsApp-Image-2025-05-07-at-10.14.47-768x576.jpeg 768w, https:\/\/repam.org.br\/cop30\/wp-content\/uploads\/2025\/05\/WhatsApp-Image-2025-05-07-at-10.14.47.jpeg 1280w\" sizes=\"(max-width: 1024px) 100vw, 1024px\" \/><figcaption class=\"wp-element-caption\">Aldenice Monteiro &#8211; Delega\u00e7\u00e3o do Par\u00e1<\/figcaption><\/figure>\n\n\n\n<p><strong>As propostas<\/strong><\/p>\n\n\n\n<p>Durante a plen\u00e1ria final da confer\u00eancia, nesta quinta-feira (8), foram apresentadas as 100 propostas priorit\u00e1rias, organizadas em cinco eixos tem\u00e1ticos:<\/p>\n\n\n\n<ul class=\"wp-block-list\">\n<li>Mitiga\u00e7\u00e3o<\/li>\n\n\n\n<li>Adapta\u00e7\u00e3o e Prepara\u00e7\u00e3o para Desastres<\/li>\n\n\n\n<li>Justi\u00e7a Clim\u00e1tica<\/li>\n\n\n\n<li>Transforma\u00e7\u00e3o Ecol\u00f3gica<\/li>\n\n\n\n<li>Governan\u00e7a e Educa\u00e7\u00e3o Ambiental<\/li>\n<\/ul>\n\n\n\n<p>Cada eixo re\u00fane 20 propostas consideradas estrat\u00e9gicas para orientar a\u00e7\u00f5es de enfrentamento \u00e0 emerg\u00eancia clim\u00e1tica.<\/p>\n\n\n\n<p>Na sexta-feira (9), os participantes escolher\u00e3o, entre as 100, as 10 propostas mais urgentes. Para acessar a lista completa com as 100 propostas eleitas,&nbsp;<a href=\"https:\/\/www.gov.br\/mma\/pt-br\/noticias\/propostas-priorizadas-pelos-eixos-para-a-plenaria-de-encerramento.pdf\">clique aqui<\/a>.<\/p>\n\n\n\n<p>A ministra do Meio Ambiente e Mudan\u00e7a do Clima, Marina Silva, refor\u00e7ou o peso do momento:<\/p>\n\n\n\n<blockquote class=\"wp-block-quote is-layout-flow wp-block-quote-is-layout-flow\">\n<p>\u201cEstamos diante de uma responsabilidade que transcende o tempo, pois diz respeito \u00e0 vida das futuras gera\u00e7\u00f5es. Temos apenas o tempo da emerg\u00eancia. Vamos cumprir o objetivo da CNMA: fortalecer o Sistema Nacional de Meio Ambiente e subsidiar o enfrentamento da emerg\u00eancia clim\u00e1tica com justi\u00e7a e propostas reais de mitiga\u00e7\u00e3o e adapta\u00e7\u00e3o. Queremos avan\u00e7ar na transi\u00e7\u00e3o ecol\u00f3gica, com o Brasil liderando pelo exemplo.\u201d<\/p>\n<\/blockquote>\n\n\n\n<p><strong>Sobre a 5\u00aa CNMA<\/strong><\/p>\n\n\n\n<p>A atual edi\u00e7\u00e3o da CNMA come\u00e7ou em 2024 com mais de 900 confer\u00eancias livres, municipais e intermunicipais, mobilizando 2.570 munic\u00edpios. A fase seguinte envolveu confer\u00eancias estaduais e a distrital, que elegeram os delegados e priorizaram 539 propostas.<\/p>\n\n\n\n<p>A etapa nacional aconteceu de 6 a 9 de maio, no Centro Internacional de Conven\u00e7\u00f5es do Brasil (CICB), em Bras\u00edlia. A organiza\u00e7\u00e3o \u00e9 do Minist\u00e9rio do Meio Ambiente e Mudan\u00e7a do Clima, com correaliza\u00e7\u00e3o da Flacso Brasil e da Universidade de Bras\u00edlia (UnB).<\/p>\n\n\n\n<figure class=\"wp-block-gallery has-nested-images columns-default is-cropped wp-block-gallery-1 is-layout-flex wp-block-gallery-is-layout-flex\">\n<figure class=\"wp-block-image size-large\"><img loading=\"lazy\" decoding=\"async\" width=\"1024\" height=\"768\" data-id=\"16103\" src=\"https:\/\/repam.org.br\/cop30\/wp-content\/uploads\/2025\/05\/WhatsApp-Image-2025-05-08-at-14.39.45-2-1024x768.jpeg\" alt=\"\" class=\"wp-image-16103\" srcset=\"https:\/\/repam.org.br\/cop30\/wp-content\/uploads\/2025\/05\/WhatsApp-Image-2025-05-08-at-14.39.45-2-1024x768.jpeg 1024w, https:\/\/repam.org.br\/cop30\/wp-content\/uploads\/2025\/05\/WhatsApp-Image-2025-05-08-at-14.39.45-2-300x225.jpeg 300w, https:\/\/repam.org.br\/cop30\/wp-content\/uploads\/2025\/05\/WhatsApp-Image-2025-05-08-at-14.39.45-2-768x576.jpeg 768w, https:\/\/repam.org.br\/cop30\/wp-content\/uploads\/2025\/05\/WhatsApp-Image-2025-05-08-at-14.39.45-2-1536x1152.jpeg 1536w, https:\/\/repam.org.br\/cop30\/wp-content\/uploads\/2025\/05\/WhatsApp-Image-2025-05-08-at-14.39.45-2-2048x1536.jpeg 2048w\" sizes=\"(max-width: 1024px) 100vw, 1024px\" \/><\/figure>\n\n\n\n<figure class=\"wp-block-image size-large\"><img loading=\"lazy\" decoding=\"async\" width=\"1024\" height=\"768\" data-id=\"16104\" src=\"https:\/\/repam.org.br\/cop30\/wp-content\/uploads\/2025\/05\/WhatsApp-Image-2025-05-08-at-14.39.44-9-1024x768.jpeg\" alt=\"\" class=\"wp-image-16104\" srcset=\"https:\/\/repam.org.br\/cop30\/wp-content\/uploads\/2025\/05\/WhatsApp-Image-2025-05-08-at-14.39.44-9-1024x768.jpeg 1024w, https:\/\/repam.org.br\/cop30\/wp-content\/uploads\/2025\/05\/WhatsApp-Image-2025-05-08-at-14.39.44-9-300x225.jpeg 300w, https:\/\/repam.org.br\/cop30\/wp-content\/uploads\/2025\/05\/WhatsApp-Image-2025-05-08-at-14.39.44-9-768x576.jpeg 768w, https:\/\/repam.org.br\/cop30\/wp-content\/uploads\/2025\/05\/WhatsApp-Image-2025-05-08-at-14.39.44-9-1536x1152.jpeg 1536w, https:\/\/repam.org.br\/cop30\/wp-content\/uploads\/2025\/05\/WhatsApp-Image-2025-05-08-at-14.39.44-9-2048x1536.jpeg 2048w\" sizes=\"(max-width: 1024px) 100vw, 1024px\" \/><\/figure>\n<\/figure>\n\n\n\n<p><\/p>\n","protected":false},"excerpt":{"rendered":"<p>Cartilha &#8220;ABC das COPs&#8221;, iniciativa da REPAM rumo \u00e0 COP30, foi um dos destaques das atividades autogestionadas Terminou hoje (9\/5), em Bras\u00edlia, a 5\u00aa Confer\u00eancia Nacional do Meio Ambiente (5\u00aa CNMA), com a presen\u00e7a de 1.501 delegadas e delegados de todo o pa\u00eds. Ao final do encontro, foram selecionadas 100 propostas priorit\u00e1rias para o enfrentamento da emerg\u00eancia clim\u00e1tica no Brasil. Com forte participa\u00e7\u00e3o da sociedade civil, de representantes do setor privado e de governos, o processo reafirmou o compromisso coletivo na constru\u00e7\u00e3o de pol\u00edticas p\u00fablicas que respondam \u00e0 diversidade dos territ\u00f3rios e \u00e0 urg\u00eancia da crise ambiental. Entre os destaques das atividades autogestionadas, esteve a roda de di\u00e1logo sobre a Cartilha ABC das COPs, parte do projeto Mobiliza\u00e7\u00e3o dos Povos pela Terra e pelo Clima, uma articula\u00e7\u00e3o da REPAM rumo \u00e0 COP30. O material tem servido como instrumento de forma\u00e7\u00e3o e informa\u00e7\u00e3o sobre a agenda clim\u00e1tica e o papel das comunidades na constru\u00e7\u00e3o de solu\u00e7\u00f5es para a crise do clima. Representatividade amaz\u00f4nica Adriana Leite, da Diocese de Balsas (MA), representou a REPAM na confer\u00eancia. Para ela, o espa\u00e7o foi uma oportunidade de troca e constru\u00e7\u00e3o coletiva: &#8220;\u00c9 de grande import\u00e2ncia estarmos aqui. Cada territ\u00f3rio trouxe suas dores, lutas e propostas. Essa partilha fortalece o nosso trabalho e nos prepara para uma incid\u00eancia mais organizada rumo \u00e0 COP30 em Bel\u00e9m. A oficina do ABC das COPs foi um momento rico para pensarmos em como cada realidade pode contribuir com o todo&#8221;, afirmou Adriana. A atividade reuniu participantes de diferentes regi\u00f5es, como Par\u00e1, Acre, Maranh\u00e3o e Centro-Oeste, e refor\u00e7ou a import\u00e2ncia da comunica\u00e7\u00e3o popular e da articula\u00e7\u00e3o em rede para garantir o protagonismo dos povos tradicionais nas decis\u00f5es sobre o clima. Aldenice Monteiro, uma das fundadoras do projeto Guardi\u00f5es Ribeirinhos de Afu\u00e1 (PA), tamb\u00e9m esteve presente e destacou o impacto do material entre os jovens da regi\u00e3o: \u201cA cartilha tem sido essencial para despertar a consci\u00eancia dos nossos jovens. Muitos est\u00e3o se tornando refer\u00eancia local quando o assunto \u00e9 clima. Eles entendem a import\u00e2ncia do tema, se posicionam, participam de eventos e ajudam a levar essas discuss\u00f5es para dentro das comunidades. Isso tem mudado a forma como nos enxergamos como povo e como sujeitos pol\u00edticos.\u201d As propostas Durante a plen\u00e1ria final da confer\u00eancia, nesta quinta-feira (8), foram apresentadas as 100 propostas priorit\u00e1rias, organizadas em cinco eixos tem\u00e1ticos: Cada eixo re\u00fane 20 propostas consideradas estrat\u00e9gicas para orientar a\u00e7\u00f5es de enfrentamento \u00e0 emerg\u00eancia clim\u00e1tica. Na sexta-feira (9), os participantes escolher\u00e3o, entre as 100, as 10 propostas mais urgentes. Para acessar a lista completa com as 100 propostas eleitas,&nbsp;clique aqui. A ministra do Meio Ambiente e Mudan\u00e7a do Clima, Marina Silva, refor\u00e7ou o peso do momento: \u201cEstamos diante de uma responsabilidade que transcende o tempo, pois diz respeito \u00e0 vida das futuras gera\u00e7\u00f5es. Temos apenas o tempo da emerg\u00eancia. Vamos cumprir o objetivo da CNMA: fortalecer o Sistema Nacional de Meio Ambiente e subsidiar o enfrentamento da emerg\u00eancia clim\u00e1tica com justi\u00e7a e propostas reais de mitiga\u00e7\u00e3o e adapta\u00e7\u00e3o. Queremos avan\u00e7ar na transi\u00e7\u00e3o ecol\u00f3gica, com o Brasil liderando pelo exemplo.\u201d Sobre a 5\u00aa CNMA A atual edi\u00e7\u00e3o da CNMA come\u00e7ou em 2024 com mais de 900 confer\u00eancias livres, municipais e intermunicipais, mobilizando 2.570 munic\u00edpios. A fase seguinte envolveu confer\u00eancias estaduais e a distrital, que elegeram os delegados e priorizaram 539 propostas. A etapa nacional aconteceu de 6 a 9 de maio, no Centro Internacional de Conven\u00e7\u00f5es do Brasil (CICB), em Bras\u00edlia. A organiza\u00e7\u00e3o \u00e9 do Minist\u00e9rio do Meio Ambiente e Mudan\u00e7a do Clima, com correaliza\u00e7\u00e3o da Flacso Brasil e da Universidade de Bras\u00edlia (UnB).<\/p>\n","protected":false},"author":3,"featured_media":16083,"comment_status":"open","ping_status":"open","sticky":false,"template":"","format":"standard","meta":{"footnotes":""},"categories":[5],"tags":[15,17,18,7,8],"class_list":["post-16078","post","type-post","status-publish","format-standard","has-post-thumbnail","hentry","category-noticias","tag-cop-30","tag-mudanca-climatica","tag-populacoes-tradionais","tag-repam","tag-repam-brasil"],"rttpg_featured_image_url":{"full":["https:\/\/repam.org.br\/cop30\/wp-content\/uploads\/2025\/05\/WhatsApp-Image-2025-05-08-at-14.39.37-scaled.jpeg",2560,1920,false],"landscape":["https:\/\/repam.org.br\/cop30\/wp-content\/uploads\/2025\/05\/WhatsApp-Image-2025-05-08-at-14.39.37-scaled.jpeg",2560,1920,false],"portraits":["https:\/\/repam.org.br\/cop30\/wp-content\/uploads\/2025\/05\/WhatsApp-Image-2025-05-08-at-14.39.37-scaled.jpeg",2560,1920,false],"thumbnail":["https:\/\/repam.org.br\/cop30\/wp-content\/uploads\/2025\/05\/WhatsApp-Image-2025-05-08-at-14.39.37-150x150.jpeg",150,150,true],"medium":["https:\/\/repam.org.br\/cop30\/wp-content\/uploads\/2025\/05\/WhatsApp-Image-2025-05-08-at-14.39.37-300x225.jpeg",300,225,true],"large":["https:\/\/repam.org.br\/cop30\/wp-content\/uploads\/2025\/05\/WhatsApp-Image-2025-05-08-at-14.39.37-1024x768.jpeg",800,600,true],"1536x1536":["https:\/\/repam.org.br\/cop30\/wp-content\/uploads\/2025\/05\/WhatsApp-Image-2025-05-08-at-14.39.37-1536x1152.jpeg",1536,1152,true],"2048x2048":["https:\/\/repam.org.br\/cop30\/wp-content\/uploads\/2025\/05\/WhatsApp-Image-2025-05-08-at-14.39.37-scaled.jpeg",2048,1536,false]},"rttpg_author":{"display_name":"Comunica\u00e7\u00e3o Cop30","author_link":"https:\/\/repam.org.br\/cop30\/author\/comunicacaocop30\/"},"rttpg_comment":0,"rttpg_category":"<a href=\"https:\/\/repam.org.br\/cop30\/category\/noticias\/\" rel=\"category tag\">Not\u00edcias<\/a>","rttpg_excerpt":"Cartilha &#8220;ABC das COPs&#8221;, iniciativa da REPAM rumo \u00e0 COP30, foi um dos destaques das atividades autogestionadas Terminou hoje (9\/5), em Bras\u00edlia, a 5\u00aa Confer\u00eancia Nacional do Meio Ambiente (5\u00aa CNMA), com a presen\u00e7a de 1.501 delegadas e delegados de todo o pa\u00eds. Ao final do encontro, foram selecionadas 100 propostas priorit\u00e1rias para o enfrentamento&hellip;","_links":{"self":[{"href":"https:\/\/repam.org.br\/cop30\/wp-json\/wp\/v2\/posts\/16078","targetHints":{"allow":["GET"]}}],"collection":[{"href":"https:\/\/repam.org.br\/cop30\/wp-json\/wp\/v2\/posts"}],"about":[{"href":"https:\/\/repam.org.br\/cop30\/wp-json\/wp\/v2\/types\/post"}],"author":[{"embeddable":true,"href":"https:\/\/repam.org.br\/cop30\/wp-json\/wp\/v2\/users\/3"}],"replies":[{"embeddable":true,"href":"https:\/\/repam.org.br\/cop30\/wp-json\/wp\/v2\/comments?post=16078"}],"version-history":[{"count":4,"href":"https:\/\/repam.org.br\/cop30\/wp-json\/wp\/v2\/posts\/16078\/revisions"}],"predecessor-version":[{"id":16119,"href":"https:\/\/repam.org.br\/cop30\/wp-json\/wp\/v2\/posts\/16078\/revisions\/16119"}],"wp:featuredmedia":[{"embeddable":true,"href":"https:\/\/repam.org.br\/cop30\/wp-json\/wp\/v2\/media\/16083"}],"wp:attachment":[{"href":"https:\/\/repam.org.br\/cop30\/wp-json\/wp\/v2\/media?parent=16078"}],"wp:term":[{"taxonomy":"category","embeddable":true,"href":"https:\/\/repam.org.br\/cop30\/wp-json\/wp\/v2\/categories?post=16078"},{"taxonomy":"post_tag","embeddable":true,"href":"https:\/\/repam.org.br\/cop30\/wp-json\/wp\/v2\/tags?post=16078"}],"curies":[{"name":"wp","href":"https:\/\/api.w.org\/{rel}","templated":true}]}}