{"id":16109,"date":"2025-05-13T17:21:52","date_gmt":"2025-05-13T20:21:52","guid":{"rendered":"https:\/\/repam.org.br\/cop30\/?p=16109"},"modified":"2025-05-13T17:21:52","modified_gmt":"2025-05-13T20:21:52","slug":"mobilizacao-pela-terra-e-pelo-clima-marca-presenca-em-encontros-estrategicos-rumo-a-cop30","status":"publish","type":"post","link":"https:\/\/repam.org.br\/cop30\/mobilizacao-pela-terra-e-pelo-clima-marca-presenca-em-encontros-estrategicos-rumo-a-cop30\/","title":{"rendered":"Mobiliza\u00e7\u00e3o pela Terra e pelo Clima marca presen\u00e7a em encontros estrat\u00e9gicos rumo \u00e0 COP30"},"content":{"rendered":"\n<p>A equipe do projeto <em>Mobiliza\u00e7\u00e3o dos Povos pela Terra e pelo Clima<\/em>, Articula\u00e7\u00e3o REPAM rumo \u00e0 COP30, participou de tr\u00eas momentos importantes com comunidades, lideran\u00e7as e institui\u00e7\u00f5es da Amaz\u00f4nia. As atividades refor\u00e7am o compromisso com a forma\u00e7\u00e3o, escuta e articula\u00e7\u00e3o de propostas concretas para a agenda clim\u00e1tica a partir dos territ\u00f3rios.<\/p>\n\n\n\n<p>No dia 24 de abril, na sede da CNBB Norte 2, em Bel\u00e9m, o projeto esteve presente no Encontro da Congrega\u00e7\u00e3o das Mission\u00e1rias de Jesus Crucificado. Com o tema \u201cCOP30 e os desafios para a Amaz\u00f4nia\u201d, o encontro reuniu representantes de diversos estados da regi\u00e3o, como Amazonas, Rond\u00f4nia, Maranh\u00e3o e Par\u00e1. A <strong><a href=\"https:\/\/repam.org.br\/cop30\/abc-das-cops\/\">cartilha ABC das COPs<\/a><\/strong> foi usada como subs\u00eddio de di\u00e1logo, a partir da metodologia das Rodas de Conversa para constru\u00e7\u00e3o coletiva de uma Carta de Demandas.<\/p>\n\n\n\n<blockquote class=\"wp-block-quote is-layout-flow wp-block-quote-is-layout-flow\">\n<p>\u201cEsse tipo de escuta territorial e partilha entre diferentes experi\u00eancias \u00e9 fundamental para que a participa\u00e7\u00e3o na COP30 n\u00e3o seja apenas simb\u00f3lica, mas constru\u00edda a partir da vida real dos povos e comunidades da Amaz\u00f4nia\u201d, destacou Joana Menezes, articuladora do projeto.<\/p>\n<\/blockquote>\n\n\n\n<p>No dia 2 de maio, a equipe participou da Assembleia Regional das Irm\u00e3s Cordimarianas, onde conduziu uma conversa sobre Ecologia Integral e Justi\u00e7a Clim\u00e1tica. O espa\u00e7o foi dedicado \u00e0 reflex\u00e3o sobre os impactos socioambientais nos territ\u00f3rios e \u00e0s respostas que t\u00eam emergido das comunidades e movimentos populares.<\/p>\n\n\n\n<blockquote class=\"wp-block-quote is-layout-flow wp-block-quote-is-layout-flow\">\n<p>\u201c\u00c9 essencial que a agenda clim\u00e1tica dialogue com as espiritualidades, com as pr\u00e1ticas de cuidado e resist\u00eancia que j\u00e1 existem nos territ\u00f3rios. Nossa miss\u00e3o \u00e9 ajudar a conectar essas vozes com os grandes espa\u00e7os de decis\u00e3o como a COP30\u201d, afirmou Eduardo Soares, secret\u00e1rio do projeto.<\/p>\n<\/blockquote>\n\n\n\n<figure class=\"wp-block-image size-large\"><img fetchpriority=\"high\" decoding=\"async\" width=\"1024\" height=\"770\" src=\"https:\/\/repam.org.br\/cop30\/wp-content\/uploads\/2025\/05\/WhatsApp-Image-2025-05-07-at-17.56.32-1024x770.jpeg\" alt=\"\" class=\"wp-image-16110\" srcset=\"https:\/\/repam.org.br\/cop30\/wp-content\/uploads\/2025\/05\/WhatsApp-Image-2025-05-07-at-17.56.32-1024x770.jpeg 1024w, https:\/\/repam.org.br\/cop30\/wp-content\/uploads\/2025\/05\/WhatsApp-Image-2025-05-07-at-17.56.32-300x226.jpeg 300w, https:\/\/repam.org.br\/cop30\/wp-content\/uploads\/2025\/05\/WhatsApp-Image-2025-05-07-at-17.56.32-768x578.jpeg 768w, https:\/\/repam.org.br\/cop30\/wp-content\/uploads\/2025\/05\/WhatsApp-Image-2025-05-07-at-17.56.32.jpeg 1280w\" sizes=\"(max-width: 1024px) 100vw, 1024px\" \/><figcaption class=\"wp-element-caption\">Assembl\u00e9ia Regional das Irm\u00e3s Cordimarianas,<\/figcaption><\/figure>\n\n\n\n<p>J\u00e1 no dia 6 de maio, representantes da REPAM Norte e da C\u00e1ritas participaram do Semin\u00e1rio sobre Comit\u00eas de Bacia Hidrogr\u00e1fica, promovido pelo Minist\u00e9rio P\u00fablico do Estado do Par\u00e1, em Conc\u00f3rdia do Par\u00e1. O evento contou com a presen\u00e7a de comunidades tradicionais, poder p\u00fablico e universidades, debatendo o uso da \u00e1gua, seus conflitos e possibilidades de gest\u00e3o colaborativa.<\/p>\n\n\n\n<figure class=\"wp-block-gallery has-nested-images columns-default is-cropped wp-block-gallery-1 is-layout-flex wp-block-gallery-is-layout-flex\">\n<figure class=\"wp-block-image size-large\"><img decoding=\"async\" width=\"768\" height=\"1024\" data-id=\"16111\" src=\"https:\/\/repam.org.br\/cop30\/wp-content\/uploads\/2025\/05\/WhatsApp-Image-2025-05-06-at-21.27.18-2-768x1024.jpeg\" alt=\"\" class=\"wp-image-16111\" srcset=\"https:\/\/repam.org.br\/cop30\/wp-content\/uploads\/2025\/05\/WhatsApp-Image-2025-05-06-at-21.27.18-2-768x1024.jpeg 768w, https:\/\/repam.org.br\/cop30\/wp-content\/uploads\/2025\/05\/WhatsApp-Image-2025-05-06-at-21.27.18-2-225x300.jpeg 225w, https:\/\/repam.org.br\/cop30\/wp-content\/uploads\/2025\/05\/WhatsApp-Image-2025-05-06-at-21.27.18-2.jpeg 780w\" sizes=\"(max-width: 768px) 100vw, 768px\" \/><\/figure>\n\n\n\n<figure class=\"wp-block-image size-large\"><img decoding=\"async\" width=\"1024\" height=\"575\" data-id=\"16115\" src=\"https:\/\/repam.org.br\/cop30\/wp-content\/uploads\/2025\/05\/WhatsApp-Image-2025-05-06-at-21.27.19-1-1024x575.jpeg\" alt=\"\" class=\"wp-image-16115\" srcset=\"https:\/\/repam.org.br\/cop30\/wp-content\/uploads\/2025\/05\/WhatsApp-Image-2025-05-06-at-21.27.19-1-1024x575.jpeg 1024w, https:\/\/repam.org.br\/cop30\/wp-content\/uploads\/2025\/05\/WhatsApp-Image-2025-05-06-at-21.27.19-1-300x169.jpeg 300w, https:\/\/repam.org.br\/cop30\/wp-content\/uploads\/2025\/05\/WhatsApp-Image-2025-05-06-at-21.27.19-1-768x432.jpeg 768w, https:\/\/repam.org.br\/cop30\/wp-content\/uploads\/2025\/05\/WhatsApp-Image-2025-05-06-at-21.27.19-1-1536x863.jpeg 1536w, https:\/\/repam.org.br\/cop30\/wp-content\/uploads\/2025\/05\/WhatsApp-Image-2025-05-06-at-21.27.19-1.jpeg 1600w\" sizes=\"(max-width: 1024px) 100vw, 1024px\" \/><\/figure>\n<\/figure>\n\n\n\n<p>As a\u00e7\u00f5es fazem parte da agenda cont\u00ednua do projeto rumo \u00e0 COP30, com o objetivo de fortalecer a mobiliza\u00e7\u00e3o social, o protagonismo dos povos da Amaz\u00f4nia e a constru\u00e7\u00e3o coletiva de propostas para justi\u00e7a clim\u00e1tica e transi\u00e7\u00e3o ecol\u00f3gica.<\/p>\n","protected":false},"excerpt":{"rendered":"<p>A equipe do projeto Mobiliza\u00e7\u00e3o dos Povos pela Terra e pelo Clima, Articula\u00e7\u00e3o REPAM rumo \u00e0 COP30, participou de tr\u00eas momentos importantes com comunidades, lideran\u00e7as e institui\u00e7\u00f5es da Amaz\u00f4nia. As atividades refor\u00e7am o compromisso com a forma\u00e7\u00e3o, escuta e articula\u00e7\u00e3o de propostas concretas para a agenda clim\u00e1tica a partir dos territ\u00f3rios. No dia 24 de abril, na sede da CNBB Norte 2, em Bel\u00e9m, o projeto esteve presente no Encontro da Congrega\u00e7\u00e3o das Mission\u00e1rias de Jesus Crucificado. Com o tema \u201cCOP30 e os desafios para a Amaz\u00f4nia\u201d, o encontro reuniu representantes de diversos estados da regi\u00e3o, como Amazonas, Rond\u00f4nia, Maranh\u00e3o e Par\u00e1. A cartilha ABC das COPs foi usada como subs\u00eddio de di\u00e1logo, a partir da metodologia das Rodas de Conversa para constru\u00e7\u00e3o coletiva de uma Carta de Demandas. \u201cEsse tipo de escuta territorial e partilha entre diferentes experi\u00eancias \u00e9 fundamental para que a participa\u00e7\u00e3o na COP30 n\u00e3o seja apenas simb\u00f3lica, mas constru\u00edda a partir da vida real dos povos e comunidades da Amaz\u00f4nia\u201d, destacou Joana Menezes, articuladora do projeto. No dia 2 de maio, a equipe participou da Assembleia Regional das Irm\u00e3s Cordimarianas, onde conduziu uma conversa sobre Ecologia Integral e Justi\u00e7a Clim\u00e1tica. O espa\u00e7o foi dedicado \u00e0 reflex\u00e3o sobre os impactos socioambientais nos territ\u00f3rios e \u00e0s respostas que t\u00eam emergido das comunidades e movimentos populares. \u201c\u00c9 essencial que a agenda clim\u00e1tica dialogue com as espiritualidades, com as pr\u00e1ticas de cuidado e resist\u00eancia que j\u00e1 existem nos territ\u00f3rios. Nossa miss\u00e3o \u00e9 ajudar a conectar essas vozes com os grandes espa\u00e7os de decis\u00e3o como a COP30\u201d, afirmou Eduardo Soares, secret\u00e1rio do projeto. J\u00e1 no dia 6 de maio, representantes da REPAM Norte e da C\u00e1ritas participaram do Semin\u00e1rio sobre Comit\u00eas de Bacia Hidrogr\u00e1fica, promovido pelo Minist\u00e9rio P\u00fablico do Estado do Par\u00e1, em Conc\u00f3rdia do Par\u00e1. O evento contou com a presen\u00e7a de comunidades tradicionais, poder p\u00fablico e universidades, debatendo o uso da \u00e1gua, seus conflitos e possibilidades de gest\u00e3o colaborativa. As a\u00e7\u00f5es fazem parte da agenda cont\u00ednua do projeto rumo \u00e0 COP30, com o objetivo de fortalecer a mobiliza\u00e7\u00e3o social, o protagonismo dos povos da Amaz\u00f4nia e a constru\u00e7\u00e3o coletiva de propostas para justi\u00e7a clim\u00e1tica e transi\u00e7\u00e3o ecol\u00f3gica.<\/p>\n","protected":false},"author":3,"featured_media":16117,"comment_status":"open","ping_status":"open","sticky":false,"template":"","format":"standard","meta":{"footnotes":""},"categories":[5],"tags":[13,14,15,17,18,19,7,8],"class_list":["post-16109","post","type-post","status-publish","format-standard","has-post-thumbnail","hentry","category-noticias","tag-amazonia","tag-conferencia-do-clima-da-onu","tag-cop-30","tag-mudanca-climatica","tag-populacoes-tradionais","tag-povos-indigenas","tag-repam","tag-repam-brasil"],"rttpg_featured_image_url":{"full":["https:\/\/repam.org.br\/cop30\/wp-content\/uploads\/2025\/05\/WhatsApp-Image-2025-05-06-at-16.59.36.jpeg",1600,1200,false],"landscape":["https:\/\/repam.org.br\/cop30\/wp-content\/uploads\/2025\/05\/WhatsApp-Image-2025-05-06-at-16.59.36.jpeg",1600,1200,false],"portraits":["https:\/\/repam.org.br\/cop30\/wp-content\/uploads\/2025\/05\/WhatsApp-Image-2025-05-06-at-16.59.36.jpeg",1600,1200,false],"thumbnail":["https:\/\/repam.org.br\/cop30\/wp-content\/uploads\/2025\/05\/WhatsApp-Image-2025-05-06-at-16.59.36-150x150.jpeg",150,150,true],"medium":["https:\/\/repam.org.br\/cop30\/wp-content\/uploads\/2025\/05\/WhatsApp-Image-2025-05-06-at-16.59.36-300x225.jpeg",300,225,true],"large":["https:\/\/repam.org.br\/cop30\/wp-content\/uploads\/2025\/05\/WhatsApp-Image-2025-05-06-at-16.59.36-1024x768.jpeg",800,600,true],"1536x1536":["https:\/\/repam.org.br\/cop30\/wp-content\/uploads\/2025\/05\/WhatsApp-Image-2025-05-06-at-16.59.36-1536x1152.jpeg",1536,1152,true],"2048x2048":["https:\/\/repam.org.br\/cop30\/wp-content\/uploads\/2025\/05\/WhatsApp-Image-2025-05-06-at-16.59.36.jpeg",1600,1200,false]},"rttpg_author":{"display_name":"Comunica\u00e7\u00e3o Cop30","author_link":"https:\/\/repam.org.br\/cop30\/author\/comunicacaocop30\/"},"rttpg_comment":0,"rttpg_category":"<a href=\"https:\/\/repam.org.br\/cop30\/category\/noticias\/\" rel=\"category tag\">Not\u00edcias<\/a>","rttpg_excerpt":"A equipe do projeto Mobiliza\u00e7\u00e3o dos Povos pela Terra e pelo Clima, Articula\u00e7\u00e3o REPAM rumo \u00e0 COP30, participou de tr\u00eas momentos importantes com comunidades, lideran\u00e7as e institui\u00e7\u00f5es da Amaz\u00f4nia. As atividades refor\u00e7am o compromisso com a forma\u00e7\u00e3o, escuta e articula\u00e7\u00e3o de propostas concretas para a agenda clim\u00e1tica a partir dos territ\u00f3rios. No dia 24 de&hellip;","_links":{"self":[{"href":"https:\/\/repam.org.br\/cop30\/wp-json\/wp\/v2\/posts\/16109","targetHints":{"allow":["GET"]}}],"collection":[{"href":"https:\/\/repam.org.br\/cop30\/wp-json\/wp\/v2\/posts"}],"about":[{"href":"https:\/\/repam.org.br\/cop30\/wp-json\/wp\/v2\/types\/post"}],"author":[{"embeddable":true,"href":"https:\/\/repam.org.br\/cop30\/wp-json\/wp\/v2\/users\/3"}],"replies":[{"embeddable":true,"href":"https:\/\/repam.org.br\/cop30\/wp-json\/wp\/v2\/comments?post=16109"}],"version-history":[{"count":2,"href":"https:\/\/repam.org.br\/cop30\/wp-json\/wp\/v2\/posts\/16109\/revisions"}],"predecessor-version":[{"id":16118,"href":"https:\/\/repam.org.br\/cop30\/wp-json\/wp\/v2\/posts\/16109\/revisions\/16118"}],"wp:featuredmedia":[{"embeddable":true,"href":"https:\/\/repam.org.br\/cop30\/wp-json\/wp\/v2\/media\/16117"}],"wp:attachment":[{"href":"https:\/\/repam.org.br\/cop30\/wp-json\/wp\/v2\/media?parent=16109"}],"wp:term":[{"taxonomy":"category","embeddable":true,"href":"https:\/\/repam.org.br\/cop30\/wp-json\/wp\/v2\/categories?post=16109"},{"taxonomy":"post_tag","embeddable":true,"href":"https:\/\/repam.org.br\/cop30\/wp-json\/wp\/v2\/tags?post=16109"}],"curies":[{"name":"wp","href":"https:\/\/api.w.org\/{rel}","templated":true}]}}