{"id":16120,"date":"2025-05-06T10:38:34","date_gmt":"2025-05-06T13:38:34","guid":{"rendered":"https:\/\/repam.org.br\/cop30\/?p=16120"},"modified":"2025-05-16T07:31:59","modified_gmt":"2025-05-16T10:31:59","slug":"mobilizacao-participa-de-seminario-na-camara-sobre-rumos-da-cop30","status":"publish","type":"post","link":"https:\/\/repam.org.br\/cop30\/mobilizacao-participa-de-seminario-na-camara-sobre-rumos-da-cop30\/","title":{"rendered":"Mobiliza\u00e7\u00e3o participa de semin\u00e1rio na C\u00e2mara sobre rumos da COP30"},"content":{"rendered":"\n<p>A Frente Parlamentar Mista Ambientalista, por meio do Grupo de Trabalho sobre Clima, promoveu na ter\u00e7a-feira (06\/05) um semin\u00e1rio na C\u00e2mara dos Deputados para apresentar os aprendizados da \u00faltima Confer\u00eancia do Clima e discutir caminhos para a pr\u00f3xima \u2013 a COP30, que acontecer\u00e1 em novembro, em Bel\u00e9m (PA). O evento reuniu representantes do governo federal, parlamentares e diversas organiza\u00e7\u00f5es da sociedade civil com o objetivo de refor\u00e7ar a import\u00e2ncia de uma participa\u00e7\u00e3o mais ampla e efetiva nos processos preparat\u00f3rios da confer\u00eancia.<\/p>\n\n\n\n<p>Entre os participantes estavam o diplomata Pedro do Nascimento Filho, do Minist\u00e9rio das Rela\u00e7\u00f5es Exteriores; Monique Ferreira, chefe de gabinete da presid\u00eancia da COP30 no Minist\u00e9rio do Meio Ambiente; representantes da Coaliz\u00e3o Nacional de Juventudes pelo Clima (Conjuclima), do Instituto Alana, da Plataforma Cip\u00f3, da Rede Vozes Negras pelo Clima, al\u00e9m de parlamentares como Tarc\u00edsio Motta (Psol-RJ).<\/p>\n\n\n\n<p>Durante o semin\u00e1rio, Mayara Lima, comunicadora do projeto <em>Mobiliza\u00e7\u00e3o dos Povos pela Terra e pelo Clima<\/em>, articula\u00e7\u00e3o da REPAM rumo \u00e0 COP30, destacou a necessidade de descentralizar o debate clim\u00e1tico e garantir que a agenda da confer\u00eancia chegue at\u00e9 a base das comunidades. Ela apresentou a <strong><a href=\"https:\/\/repam.org.br\/cop30\/abc-das-cops\/\">cartilha ABC da COP<\/a><\/strong>, criada para facilitar o acesso \u00e0 informa\u00e7\u00e3o e fortalecer a atua\u00e7\u00e3o de territ\u00f3rios e popula\u00e7\u00f5es tradicionais. \u201cN\u00e3o d\u00e1 pra incidir sobre o que n\u00e3o se entende. Se a informa\u00e7\u00e3o continua restrita a diplomatas e pequenos grupos, como os territ\u00f3rios v\u00e3o construir caminhos de participa\u00e7\u00e3o real?\u201d, questionou.<\/p>\n\n\n\n<figure class=\"wp-block-image aligncenter size-full\"><img fetchpriority=\"high\" decoding=\"async\" width=\"360\" height=\"480\" src=\"https:\/\/repam.org.br\/cop30\/wp-content\/uploads\/2025\/05\/A311551F-11FA-40DE-9E99-B2AD118F227F_4_5005_c-1.jpeg\" alt=\"\" class=\"wp-image-16124\" srcset=\"https:\/\/repam.org.br\/cop30\/wp-content\/uploads\/2025\/05\/A311551F-11FA-40DE-9E99-B2AD118F227F_4_5005_c-1.jpeg 360w, https:\/\/repam.org.br\/cop30\/wp-content\/uploads\/2025\/05\/A311551F-11FA-40DE-9E99-B2AD118F227F_4_5005_c-1-225x300.jpeg 225w\" sizes=\"(max-width: 360px) 100vw, 360px\" \/><figcaption class=\"wp-element-caption\">Mayara Lima, comunicadora da Mobiliza\u00e7\u00e3o dos Povos pela Terra e pelo Clima<\/figcaption><\/figure>\n\n\n\n<p>Mayara Lima tamb\u00e9m destacou as articula\u00e7\u00f5es que v\u00eam sendo constru\u00eddas pela sociedade civil para garantir participa\u00e7\u00e3o efetiva nos debates clim\u00e1ticos, mesmo fora dos espa\u00e7os oficiais da COP30. Ela citou iniciativas como a C\u00fapula dos Povos, a COP das Baixadas e a COP do Povo, que acontecer\u00e3o paralelamente \u00e0 confer\u00eancia oficial em Bel\u00e9m. \u201cSabemos que a sociedade civil n\u00e3o conseguir\u00e1 estar integralmente dentro da COP30, por isso esses espa\u00e7os aut\u00f4nomos s\u00e3o caminhos fundamentais para ampliar a incid\u00eancia e articular as vozes dos territ\u00f3rios de forma estrat\u00e9gica e organizada\u201d, afirmou.<\/p>\n\n\n\n<p>Thalia Silva, coordenadora da Conjuclima, tamb\u00e9m cobrou mais espa\u00e7o para a juventude nas negocia\u00e7\u00f5es internacionais. \u201cA COP29 mostrou que n\u00f3s, enquanto juventude, n\u00e3o estamos pedindo um lugar \u00e0 mesa. Agora, exigimos fazer parte das decis\u00f5es e negocia\u00e7\u00f5es\u201d, afirmou.<\/p>\n\n\n\n<p>O semin\u00e1rio foi organizado pelas comiss\u00f5es de Legisla\u00e7\u00e3o Participativa e de Meio Ambiente da C\u00e2mara, com apoio da Frente Parlamentar Ambientalista, a partir de requerimento dos deputados Ivan Valente (Psol-SP) e Tal\u00edria Petrone (Psol-RJ).<\/p>\n","protected":false},"excerpt":{"rendered":"<p>A Frente Parlamentar Mista Ambientalista, por meio do Grupo de Trabalho sobre Clima, promoveu na ter\u00e7a-feira (06\/05) um semin\u00e1rio na C\u00e2mara dos Deputados para apresentar os aprendizados da \u00faltima Confer\u00eancia do Clima e discutir caminhos para a pr\u00f3xima \u2013 a COP30, que acontecer\u00e1 em novembro, em Bel\u00e9m (PA). O evento reuniu representantes do governo federal, parlamentares e diversas organiza\u00e7\u00f5es da sociedade civil com o objetivo de refor\u00e7ar a import\u00e2ncia de uma participa\u00e7\u00e3o mais ampla e efetiva nos processos preparat\u00f3rios da confer\u00eancia. Entre os participantes estavam o diplomata Pedro do Nascimento Filho, do Minist\u00e9rio das Rela\u00e7\u00f5es Exteriores; Monique Ferreira, chefe de gabinete da presid\u00eancia da COP30 no Minist\u00e9rio do Meio Ambiente; representantes da Coaliz\u00e3o Nacional de Juventudes pelo Clima (Conjuclima), do Instituto Alana, da Plataforma Cip\u00f3, da Rede Vozes Negras pelo Clima, al\u00e9m de parlamentares como Tarc\u00edsio Motta (Psol-RJ). Durante o semin\u00e1rio, Mayara Lima, comunicadora do projeto Mobiliza\u00e7\u00e3o dos Povos pela Terra e pelo Clima, articula\u00e7\u00e3o da REPAM rumo \u00e0 COP30, destacou a necessidade de descentralizar o debate clim\u00e1tico e garantir que a agenda da confer\u00eancia chegue at\u00e9 a base das comunidades. Ela apresentou a cartilha ABC da COP, criada para facilitar o acesso \u00e0 informa\u00e7\u00e3o e fortalecer a atua\u00e7\u00e3o de territ\u00f3rios e popula\u00e7\u00f5es tradicionais. \u201cN\u00e3o d\u00e1 pra incidir sobre o que n\u00e3o se entende. Se a informa\u00e7\u00e3o continua restrita a diplomatas e pequenos grupos, como os territ\u00f3rios v\u00e3o construir caminhos de participa\u00e7\u00e3o real?\u201d, questionou. Mayara Lima tamb\u00e9m destacou as articula\u00e7\u00f5es que v\u00eam sendo constru\u00eddas pela sociedade civil para garantir participa\u00e7\u00e3o efetiva nos debates clim\u00e1ticos, mesmo fora dos espa\u00e7os oficiais da COP30. Ela citou iniciativas como a C\u00fapula dos Povos, a COP das Baixadas e a COP do Povo, que acontecer\u00e3o paralelamente \u00e0 confer\u00eancia oficial em Bel\u00e9m. \u201cSabemos que a sociedade civil n\u00e3o conseguir\u00e1 estar integralmente dentro da COP30, por isso esses espa\u00e7os aut\u00f4nomos s\u00e3o caminhos fundamentais para ampliar a incid\u00eancia e articular as vozes dos territ\u00f3rios de forma estrat\u00e9gica e organizada\u201d, afirmou. Thalia Silva, coordenadora da Conjuclima, tamb\u00e9m cobrou mais espa\u00e7o para a juventude nas negocia\u00e7\u00f5es internacionais. \u201cA COP29 mostrou que n\u00f3s, enquanto juventude, n\u00e3o estamos pedindo um lugar \u00e0 mesa. Agora, exigimos fazer parte das decis\u00f5es e negocia\u00e7\u00f5es\u201d, afirmou. O semin\u00e1rio foi organizado pelas comiss\u00f5es de Legisla\u00e7\u00e3o Participativa e de Meio Ambiente da C\u00e2mara, com apoio da Frente Parlamentar Ambientalista, a partir de requerimento dos deputados Ivan Valente (Psol-SP) e Tal\u00edria Petrone (Psol-RJ).<\/p>\n","protected":false},"author":3,"featured_media":16121,"comment_status":"open","ping_status":"open","sticky":false,"template":"","format":"standard","meta":{"footnotes":""},"categories":[5],"tags":[13,14,15,16,17,18,19,8],"class_list":["post-16120","post","type-post","status-publish","format-standard","has-post-thumbnail","hentry","category-noticias","tag-amazonia","tag-conferencia-do-clima-da-onu","tag-cop-30","tag-cupula-dos-povos","tag-mudanca-climatica","tag-populacoes-tradionais","tag-povos-indigenas","tag-repam-brasil"],"rttpg_featured_image_url":{"full":["https:\/\/repam.org.br\/cop30\/wp-content\/uploads\/2025\/05\/WhatsApp-Image-2025-05-06-at-18.02.13.jpeg",1600,1060,false],"landscape":["https:\/\/repam.org.br\/cop30\/wp-content\/uploads\/2025\/05\/WhatsApp-Image-2025-05-06-at-18.02.13.jpeg",1600,1060,false],"portraits":["https:\/\/repam.org.br\/cop30\/wp-content\/uploads\/2025\/05\/WhatsApp-Image-2025-05-06-at-18.02.13.jpeg",1600,1060,false],"thumbnail":["https:\/\/repam.org.br\/cop30\/wp-content\/uploads\/2025\/05\/WhatsApp-Image-2025-05-06-at-18.02.13-150x150.jpeg",150,150,true],"medium":["https:\/\/repam.org.br\/cop30\/wp-content\/uploads\/2025\/05\/WhatsApp-Image-2025-05-06-at-18.02.13-300x199.jpeg",300,199,true],"large":["https:\/\/repam.org.br\/cop30\/wp-content\/uploads\/2025\/05\/WhatsApp-Image-2025-05-06-at-18.02.13-1024x678.jpeg",800,530,true],"1536x1536":["https:\/\/repam.org.br\/cop30\/wp-content\/uploads\/2025\/05\/WhatsApp-Image-2025-05-06-at-18.02.13-1536x1018.jpeg",1536,1018,true],"2048x2048":["https:\/\/repam.org.br\/cop30\/wp-content\/uploads\/2025\/05\/WhatsApp-Image-2025-05-06-at-18.02.13.jpeg",1600,1060,false]},"rttpg_author":{"display_name":"Comunica\u00e7\u00e3o Cop30","author_link":"https:\/\/repam.org.br\/cop30\/author\/comunicacaocop30\/"},"rttpg_comment":0,"rttpg_category":"<a href=\"https:\/\/repam.org.br\/cop30\/category\/noticias\/\" rel=\"category tag\">Not\u00edcias<\/a>","rttpg_excerpt":"A Frente Parlamentar Mista Ambientalista, por meio do Grupo de Trabalho sobre Clima, promoveu na ter\u00e7a-feira (06\/05) um semin\u00e1rio na C\u00e2mara dos Deputados para apresentar os aprendizados da \u00faltima Confer\u00eancia do Clima e discutir caminhos para a pr\u00f3xima \u2013 a COP30, que acontecer\u00e1 em novembro, em Bel\u00e9m (PA). O evento reuniu representantes do governo federal,&hellip;","_links":{"self":[{"href":"https:\/\/repam.org.br\/cop30\/wp-json\/wp\/v2\/posts\/16120","targetHints":{"allow":["GET"]}}],"collection":[{"href":"https:\/\/repam.org.br\/cop30\/wp-json\/wp\/v2\/posts"}],"about":[{"href":"https:\/\/repam.org.br\/cop30\/wp-json\/wp\/v2\/types\/post"}],"author":[{"embeddable":true,"href":"https:\/\/repam.org.br\/cop30\/wp-json\/wp\/v2\/users\/3"}],"replies":[{"embeddable":true,"href":"https:\/\/repam.org.br\/cop30\/wp-json\/wp\/v2\/comments?post=16120"}],"version-history":[{"count":1,"href":"https:\/\/repam.org.br\/cop30\/wp-json\/wp\/v2\/posts\/16120\/revisions"}],"predecessor-version":[{"id":16125,"href":"https:\/\/repam.org.br\/cop30\/wp-json\/wp\/v2\/posts\/16120\/revisions\/16125"}],"wp:featuredmedia":[{"embeddable":true,"href":"https:\/\/repam.org.br\/cop30\/wp-json\/wp\/v2\/media\/16121"}],"wp:attachment":[{"href":"https:\/\/repam.org.br\/cop30\/wp-json\/wp\/v2\/media?parent=16120"}],"wp:term":[{"taxonomy":"category","embeddable":true,"href":"https:\/\/repam.org.br\/cop30\/wp-json\/wp\/v2\/categories?post=16120"},{"taxonomy":"post_tag","embeddable":true,"href":"https:\/\/repam.org.br\/cop30\/wp-json\/wp\/v2\/tags?post=16120"}],"curies":[{"name":"wp","href":"https:\/\/api.w.org\/{rel}","templated":true}]}}