{"id":16148,"date":"2025-06-02T17:35:19","date_gmt":"2025-06-02T20:35:19","guid":{"rendered":"https:\/\/repam.org.br\/cop30\/?p=16148"},"modified":"2025-06-02T17:35:20","modified_gmt":"2025-06-02T20:35:20","slug":"comunidade-do-maranhao-discute-cop30-em-roda-de-conversa-promovida-pela-repam-brasil","status":"publish","type":"post","link":"https:\/\/repam.org.br\/cop30\/comunidade-do-maranhao-discute-cop30-em-roda-de-conversa-promovida-pela-repam-brasil\/","title":{"rendered":"Comunidade do Maranh\u00e3o discute COP30 em roda de conversa promovida pela REPAM-Brasil"},"content":{"rendered":"\n<p>No dia 30 de maio, a REPAM-Brasil realizou uma roda de conversa sobre a COP30 na comunidade Reparti\u00e7\u00e3o, localizada na diocese de Brejo (MA). O encontro reuniu cerca de 40 lideran\u00e7as \u2014 entre ribeirinhos, agricultores familiares e artes\u00e3s \u2014 para refletir coletivamente sobre os impactos das mudan\u00e7as clim\u00e1ticas nas comunidades tradicionais da Amaz\u00f4nia e construir uma carta de demandas voltada \u00e0 confer\u00eancia.<\/p>\n\n\n\n<p>A atividade foi organizada pelas artes\u00e3s do Projeto Tecendo Sonhos e Esperan\u00e7a, apoiado pela REPAM desde 2020. Al\u00e9m de fortalecer o protagonismo feminino, o projeto \u00e9 um exemplo de como o cuidado com a Casa Comum se constr\u00f3i a partir das bases comunit\u00e1rias.<\/p>\n\n\n\n<p>Durante a roda de conversa, as lideran\u00e7as ressaltaram a import\u00e2ncia das a\u00e7\u00f5es da REPAM, especialmente por meio da iniciativa Bem Viver, que visibiliza o trabalho das mulheres, apoia projetos sustent\u00e1veis e promove forma\u00e7\u00e3o e informa\u00e7\u00e3o nos territ\u00f3rios. A elabora\u00e7\u00e3o da carta para a COP30 foi vista como um passo estrat\u00e9gico para enfrentar, em unidade, os desafios das mudan\u00e7as clim\u00e1ticas.<\/p>\n\n\n\n<p>A coordenadora de projetos da REPAM, Arlete Gomes, destacou o impacto do encontro:<\/p>\n\n\n\n<blockquote class=\"wp-block-quote is-layout-flow wp-block-quote-is-layout-flow\">\n<p class=\"has-medium-font-size\"><strong>\u201cA COP30 ainda era um tema distante para muitas dessas lideran\u00e7as. Quando conseguimos traduzir esse debate para a realidade vivida por elas \u2014 com escuta, acolhimento e linguagem acess\u00edvel \u2014 o que vemos \u00e9 um salto na mobiliza\u00e7\u00e3o. A pot\u00eancia desse momento est\u00e1 justamente no protagonismo coletivo que ele despertou.\u201d<\/strong><\/p>\n<\/blockquote>\n\n\n\n<p>A escuta atenta, o di\u00e1logo aberto e o uso de uma abordagem acess\u00edvel permitiram que lideran\u00e7as anteriormente afastadas dos debates clim\u00e1ticos se sentissem parte ativa da constru\u00e7\u00e3o de solu\u00e7\u00f5es. As imagens do encontro registram n\u00e3o apenas um momento de di\u00e1logo, mas de fortalecimento das redes de cuidado e resist\u00eancia.<\/p>\n\n\n\n<p>A escuta atenta, o di\u00e1logo aberto e o uso de uma abordagem acess\u00edvel permitiram que lideran\u00e7as anteriormente afastadas dos debates clim\u00e1ticos se sentissem parte ativa da constru\u00e7\u00e3o de solu\u00e7\u00f5es. Parte das a\u00e7\u00f5es da REPAM para democratizar o acesso \u00e0 informa\u00e7\u00e3o sobre a COP e a COP30 \u00e9 a cartilha <strong><a href=\"https:\/\/repam.org.br\/cop30\/abc-das-cops\/\">&#8220;ABC das COPs \u2013 Entendendo tudo sobre a Confer\u00eancia do Clima da ONU e a COP30 na Amaz\u00f4nia&#8221;<\/a><\/strong>. Escrita em portugu\u00eas, ingl\u00eas e espanhol, a cartilha tem sido uma ferramenta fundamental para levar informa\u00e7\u00e3o qualificada aos territ\u00f3rios, apoiar processos de forma\u00e7\u00e3o de adultos e jovens e fortalecer o entendimento coletivo sobre o que est\u00e1 em jogo na COP30.<\/p>\n\n\n\n<figure class=\"wp-block-gallery has-nested-images columns-default is-cropped wp-block-gallery-1 is-layout-flex wp-block-gallery-is-layout-flex\">\n<figure class=\"wp-block-image size-large\"><img fetchpriority=\"high\" decoding=\"async\" width=\"768\" height=\"1024\" data-id=\"16150\" src=\"https:\/\/repam.org.br\/cop30\/wp-content\/uploads\/2025\/06\/WhatsApp-Image-2025-06-02-at-17.26.12-768x1024.jpeg\" alt=\"\" class=\"wp-image-16150\" srcset=\"https:\/\/repam.org.br\/cop30\/wp-content\/uploads\/2025\/06\/WhatsApp-Image-2025-06-02-at-17.26.12-768x1024.jpeg 768w, https:\/\/repam.org.br\/cop30\/wp-content\/uploads\/2025\/06\/WhatsApp-Image-2025-06-02-at-17.26.12-225x300.jpeg 225w, https:\/\/repam.org.br\/cop30\/wp-content\/uploads\/2025\/06\/WhatsApp-Image-2025-06-02-at-17.26.12.jpeg 960w\" sizes=\"(max-width: 768px) 100vw, 768px\" \/><\/figure>\n\n\n\n<figure class=\"wp-block-image size-large\"><img decoding=\"async\" width=\"768\" height=\"1024\" data-id=\"16153\" src=\"https:\/\/repam.org.br\/cop30\/wp-content\/uploads\/2025\/06\/WhatsApp-Image-2025-06-02-at-17.26.13-768x1024.jpeg\" alt=\"\" class=\"wp-image-16153\"\/><\/figure>\n\n\n\n<figure class=\"wp-block-image size-large\"><img decoding=\"async\" width=\"1024\" height=\"768\" data-id=\"16156\" src=\"https:\/\/repam.org.br\/cop30\/wp-content\/uploads\/2025\/06\/WhatsApp-Image-2025-06-02-at-17.26.14-1-1024x768.jpeg\" alt=\"\" class=\"wp-image-16156\" srcset=\"https:\/\/repam.org.br\/cop30\/wp-content\/uploads\/2025\/06\/WhatsApp-Image-2025-06-02-at-17.26.14-1-1024x768.jpeg 1024w, https:\/\/repam.org.br\/cop30\/wp-content\/uploads\/2025\/06\/WhatsApp-Image-2025-06-02-at-17.26.14-1-300x225.jpeg 300w, https:\/\/repam.org.br\/cop30\/wp-content\/uploads\/2025\/06\/WhatsApp-Image-2025-06-02-at-17.26.14-1-768x576.jpeg 768w, https:\/\/repam.org.br\/cop30\/wp-content\/uploads\/2025\/06\/WhatsApp-Image-2025-06-02-at-17.26.14-1.jpeg 1280w\" sizes=\"(max-width: 1024px) 100vw, 1024px\" \/><\/figure>\n\n\n\n<figure class=\"wp-block-image size-large\"><img loading=\"lazy\" decoding=\"async\" width=\"1024\" height=\"768\" data-id=\"16155\" src=\"https:\/\/repam.org.br\/cop30\/wp-content\/uploads\/2025\/06\/WhatsApp-Image-2025-06-02-at-17.26.14-1024x768.jpeg\" alt=\"\" class=\"wp-image-16155\" srcset=\"https:\/\/repam.org.br\/cop30\/wp-content\/uploads\/2025\/06\/WhatsApp-Image-2025-06-02-at-17.26.14-1024x768.jpeg 1024w, https:\/\/repam.org.br\/cop30\/wp-content\/uploads\/2025\/06\/WhatsApp-Image-2025-06-02-at-17.26.14-300x225.jpeg 300w, https:\/\/repam.org.br\/cop30\/wp-content\/uploads\/2025\/06\/WhatsApp-Image-2025-06-02-at-17.26.14-768x576.jpeg 768w, https:\/\/repam.org.br\/cop30\/wp-content\/uploads\/2025\/06\/WhatsApp-Image-2025-06-02-at-17.26.14-1536x1152.jpeg 1536w, https:\/\/repam.org.br\/cop30\/wp-content\/uploads\/2025\/06\/WhatsApp-Image-2025-06-02-at-17.26.14.jpeg 1600w\" sizes=\"(max-width: 1024px) 100vw, 1024px\" \/><\/figure>\n\n\n\n<figure class=\"wp-block-image size-large\"><img loading=\"lazy\" decoding=\"async\" width=\"1024\" height=\"768\" data-id=\"16151\" src=\"https:\/\/repam.org.br\/cop30\/wp-content\/uploads\/2025\/06\/WhatsApp-Image-2025-06-02-at-17.26.15-1-1024x768.jpeg\" alt=\"\" class=\"wp-image-16151\" srcset=\"https:\/\/repam.org.br\/cop30\/wp-content\/uploads\/2025\/06\/WhatsApp-Image-2025-06-02-at-17.26.15-1-1024x768.jpeg 1024w, https:\/\/repam.org.br\/cop30\/wp-content\/uploads\/2025\/06\/WhatsApp-Image-2025-06-02-at-17.26.15-1-300x225.jpeg 300w, https:\/\/repam.org.br\/cop30\/wp-content\/uploads\/2025\/06\/WhatsApp-Image-2025-06-02-at-17.26.15-1-768x576.jpeg 768w, https:\/\/repam.org.br\/cop30\/wp-content\/uploads\/2025\/06\/WhatsApp-Image-2025-06-02-at-17.26.15-1.jpeg 1280w\" sizes=\"(max-width: 1024px) 100vw, 1024px\" \/><\/figure>\n<\/figure>\n","protected":false},"excerpt":{"rendered":"<p>No dia 30 de maio, a REPAM-Brasil realizou uma roda de conversa sobre a COP30 na comunidade Reparti\u00e7\u00e3o, localizada na diocese de Brejo (MA). O encontro reuniu cerca de 40 lideran\u00e7as \u2014 entre ribeirinhos, agricultores familiares e artes\u00e3s \u2014 para refletir coletivamente sobre os impactos das mudan\u00e7as clim\u00e1ticas nas comunidades tradicionais da Amaz\u00f4nia e construir uma carta de demandas voltada \u00e0 confer\u00eancia. A atividade foi organizada pelas artes\u00e3s do Projeto Tecendo Sonhos e Esperan\u00e7a, apoiado pela REPAM desde 2020. Al\u00e9m de fortalecer o protagonismo feminino, o projeto \u00e9 um exemplo de como o cuidado com a Casa Comum se constr\u00f3i a partir das bases comunit\u00e1rias. Durante a roda de conversa, as lideran\u00e7as ressaltaram a import\u00e2ncia das a\u00e7\u00f5es da REPAM, especialmente por meio da iniciativa Bem Viver, que visibiliza o trabalho das mulheres, apoia projetos sustent\u00e1veis e promove forma\u00e7\u00e3o e informa\u00e7\u00e3o nos territ\u00f3rios. A elabora\u00e7\u00e3o da carta para a COP30 foi vista como um passo estrat\u00e9gico para enfrentar, em unidade, os desafios das mudan\u00e7as clim\u00e1ticas. A coordenadora de projetos da REPAM, Arlete Gomes, destacou o impacto do encontro: \u201cA COP30 ainda era um tema distante para muitas dessas lideran\u00e7as. Quando conseguimos traduzir esse debate para a realidade vivida por elas \u2014 com escuta, acolhimento e linguagem acess\u00edvel \u2014 o que vemos \u00e9 um salto na mobiliza\u00e7\u00e3o. A pot\u00eancia desse momento est\u00e1 justamente no protagonismo coletivo que ele despertou.\u201d A escuta atenta, o di\u00e1logo aberto e o uso de uma abordagem acess\u00edvel permitiram que lideran\u00e7as anteriormente afastadas dos debates clim\u00e1ticos se sentissem parte ativa da constru\u00e7\u00e3o de solu\u00e7\u00f5es. As imagens do encontro registram n\u00e3o apenas um momento de di\u00e1logo, mas de fortalecimento das redes de cuidado e resist\u00eancia. A escuta atenta, o di\u00e1logo aberto e o uso de uma abordagem acess\u00edvel permitiram que lideran\u00e7as anteriormente afastadas dos debates clim\u00e1ticos se sentissem parte ativa da constru\u00e7\u00e3o de solu\u00e7\u00f5es. Parte das a\u00e7\u00f5es da REPAM para democratizar o acesso \u00e0 informa\u00e7\u00e3o sobre a COP e a COP30 \u00e9 a cartilha &#8220;ABC das COPs \u2013 Entendendo tudo sobre a Confer\u00eancia do Clima da ONU e a COP30 na Amaz\u00f4nia&#8221;. Escrita em portugu\u00eas, ingl\u00eas e espanhol, a cartilha tem sido uma ferramenta fundamental para levar informa\u00e7\u00e3o qualificada aos territ\u00f3rios, apoiar processos de forma\u00e7\u00e3o de adultos e jovens e fortalecer o entendimento coletivo sobre o que est\u00e1 em jogo na COP30.<\/p>\n","protected":false},"author":3,"featured_media":16156,"comment_status":"open","ping_status":"open","sticky":false,"template":"","format":"standard","meta":{"footnotes":""},"categories":[5],"tags":[14,15,16,17,18,7,8],"class_list":["post-16148","post","type-post","status-publish","format-standard","has-post-thumbnail","hentry","category-noticias","tag-conferencia-do-clima-da-onu","tag-cop-30","tag-cupula-dos-povos","tag-mudanca-climatica","tag-populacoes-tradionais","tag-repam","tag-repam-brasil"],"rttpg_featured_image_url":{"full":["https:\/\/repam.org.br\/cop30\/wp-content\/uploads\/2025\/06\/WhatsApp-Image-2025-06-02-at-17.26.14-1.jpeg",1280,960,false],"landscape":["https:\/\/repam.org.br\/cop30\/wp-content\/uploads\/2025\/06\/WhatsApp-Image-2025-06-02-at-17.26.14-1.jpeg",1280,960,false],"portraits":["https:\/\/repam.org.br\/cop30\/wp-content\/uploads\/2025\/06\/WhatsApp-Image-2025-06-02-at-17.26.14-1.jpeg",1280,960,false],"thumbnail":["https:\/\/repam.org.br\/cop30\/wp-content\/uploads\/2025\/06\/WhatsApp-Image-2025-06-02-at-17.26.14-1-150x150.jpeg",150,150,true],"medium":["https:\/\/repam.org.br\/cop30\/wp-content\/uploads\/2025\/06\/WhatsApp-Image-2025-06-02-at-17.26.14-1-300x225.jpeg",300,225,true],"large":["https:\/\/repam.org.br\/cop30\/wp-content\/uploads\/2025\/06\/WhatsApp-Image-2025-06-02-at-17.26.14-1-1024x768.jpeg",800,600,true],"1536x1536":["https:\/\/repam.org.br\/cop30\/wp-content\/uploads\/2025\/06\/WhatsApp-Image-2025-06-02-at-17.26.14-1.jpeg",1280,960,false],"2048x2048":["https:\/\/repam.org.br\/cop30\/wp-content\/uploads\/2025\/06\/WhatsApp-Image-2025-06-02-at-17.26.14-1.jpeg",1280,960,false]},"rttpg_author":{"display_name":"Comunica\u00e7\u00e3o Cop30","author_link":"https:\/\/repam.org.br\/cop30\/author\/comunicacaocop30\/"},"rttpg_comment":0,"rttpg_category":"<a href=\"https:\/\/repam.org.br\/cop30\/category\/noticias\/\" rel=\"category tag\">Not\u00edcias<\/a>","rttpg_excerpt":"No dia 30 de maio, a REPAM-Brasil realizou uma roda de conversa sobre a COP30 na comunidade Reparti\u00e7\u00e3o, localizada na diocese de Brejo (MA). O encontro reuniu cerca de 40 lideran\u00e7as \u2014 entre ribeirinhos, agricultores familiares e artes\u00e3s \u2014 para refletir coletivamente sobre os impactos das mudan\u00e7as clim\u00e1ticas nas comunidades tradicionais da Amaz\u00f4nia e construir&hellip;","_links":{"self":[{"href":"https:\/\/repam.org.br\/cop30\/wp-json\/wp\/v2\/posts\/16148","targetHints":{"allow":["GET"]}}],"collection":[{"href":"https:\/\/repam.org.br\/cop30\/wp-json\/wp\/v2\/posts"}],"about":[{"href":"https:\/\/repam.org.br\/cop30\/wp-json\/wp\/v2\/types\/post"}],"author":[{"embeddable":true,"href":"https:\/\/repam.org.br\/cop30\/wp-json\/wp\/v2\/users\/3"}],"replies":[{"embeddable":true,"href":"https:\/\/repam.org.br\/cop30\/wp-json\/wp\/v2\/comments?post=16148"}],"version-history":[{"count":1,"href":"https:\/\/repam.org.br\/cop30\/wp-json\/wp\/v2\/posts\/16148\/revisions"}],"predecessor-version":[{"id":16157,"href":"https:\/\/repam.org.br\/cop30\/wp-json\/wp\/v2\/posts\/16148\/revisions\/16157"}],"wp:featuredmedia":[{"embeddable":true,"href":"https:\/\/repam.org.br\/cop30\/wp-json\/wp\/v2\/media\/16156"}],"wp:attachment":[{"href":"https:\/\/repam.org.br\/cop30\/wp-json\/wp\/v2\/media?parent=16148"}],"wp:term":[{"taxonomy":"category","embeddable":true,"href":"https:\/\/repam.org.br\/cop30\/wp-json\/wp\/v2\/categories?post=16148"},{"taxonomy":"post_tag","embeddable":true,"href":"https:\/\/repam.org.br\/cop30\/wp-json\/wp\/v2\/tags?post=16148"}],"curies":[{"name":"wp","href":"https:\/\/api.w.org\/{rel}","templated":true}]}}