{"id":16159,"date":"2025-06-02T17:38:20","date_gmt":"2025-06-02T20:38:20","guid":{"rendered":"https:\/\/repam.org.br\/cop30\/?p=16159"},"modified":"2025-06-02T17:40:41","modified_gmt":"2025-06-02T20:40:41","slug":"liderancas-indigenas-da-amazonia-definem-agenda-climatica-na-pre-cop-indigena-rumo-a-cop30","status":"publish","type":"post","link":"https:\/\/repam.org.br\/cop30\/liderancas-indigenas-da-amazonia-definem-agenda-climatica-na-pre-cop-indigena-rumo-a-cop30\/","title":{"rendered":"Lideran\u00e7as Ind\u00edgenas da Amaz\u00f4nia Definem Agenda Clim\u00e1tica na Pr\u00e9-COP Ind\u00edgena, Rumo \u00e0 COP30"},"content":{"rendered":"\n<figure class=\"wp-block-image\"><img decoding=\"async\" src=\"https:\/\/repam.org.br\/wp-content\/uploads\/2025\/06\/WhatsApp-Image-2025-06-02-at-16.10.15-1280x640.jpeg\" alt=\"\" title=\"WhatsApp Image 2025-06-02 at 16.10.15\"\/><\/figure>\n\n\n\n<p>De 2 a 5 de junho de 2025, lideran\u00e7as ind\u00edgenas de nove pa\u00edses da Bacia Amaz\u00f4nica se reunir\u00e3o em Bras\u00edlia para a Pr\u00e9-COP Ind\u00edgena. Este encontro ser\u00e1 crucial para consolidar a agenda comum dos povos ind\u00edgenas no enfrentamento das mudan\u00e7as clim\u00e1ticas e marcar o lan\u00e7amento da primeira Contribui\u00e7\u00e3o Nacionalmente Determinada (NDC) ind\u00edgena, uma proposta in\u00e9dita que integra as vis\u00f5es e solu\u00e7\u00f5es dos povos ind\u00edgenas para o enfrentamento da crise clim\u00e1tica global.<\/p>\n\n\n\n<p>A Pr\u00e9-COP Ind\u00edgena ser\u00e1 um marco na luta clim\u00e1tica global, com a presen\u00e7a de lideran\u00e7as como Toya Manchineri, coordenador geral da Coordena\u00e7\u00e3o das Organiza\u00e7\u00f5es Ind\u00edgenas da Amaz\u00f4nia Brasileira (COIAB). Durante o evento, ser\u00e1 discutido o papel central dos territ\u00f3rios ind\u00edgenas, que oferecem solu\u00e7\u00f5es reais e eficazes para a mitiga\u00e7\u00e3o e adapta\u00e7\u00e3o clim\u00e1tica. O lan\u00e7amento da NDC ind\u00edgena ser\u00e1 apresentado na Confer\u00eancia de Clima de Bonn, em junho, e na COP30, em Bel\u00e9m, no final do ano.<\/p>\n\n\n\n<p>Toya Manchineri enfatiza a urg\u00eancia do momento: \u201cEstamos diante do colapso clim\u00e1tico e da destrui\u00e7\u00e3o dos nossos territ\u00f3rios. A NDC Ind\u00edgena \u00e9 uma resposta coletiva ao sistema que insiste em ignorar quem protege a floresta h\u00e1 mil\u00eanios. A Amaz\u00f4nia est\u00e1 no limite do ponto de n\u00e3o retorno\u201d.<\/p>\n\n\n\n<p>O evento ocorre em um contexto de crescentes amea\u00e7as aos territ\u00f3rios ind\u00edgenas, incluindo a aprova\u00e7\u00e3o do \u201cPL da Devasta\u00e7\u00e3o\u201d no Senado, que facilita a explora\u00e7\u00e3o ilegal de recursos em terras ind\u00edgenas e enfraquece a prote\u00e7\u00e3o territorial. As lideran\u00e7as ind\u00edgenas reafirmam sua resist\u00eancia firme contra esses retrocessos e exigem o reconhecimento de suas terras como pol\u00edticas clim\u00e1ticas estrat\u00e9gicas, com metas claras e financiamento direto.<\/p>\n\n\n\n<p>A Pr\u00e9-COP Ind\u00edgena tamb\u00e9m representa um momento hist\u00f3rico para o reconhecimento do protagonismo ind\u00edgena na constru\u00e7\u00e3o de solu\u00e7\u00f5es clim\u00e1ticas. Patricia Suarez, da Organiza\u00e7\u00e3o Nacional dos Povos Ind\u00edgenas da Amaz\u00f4nia Colombiana (OPIAC), destaca: \u201cN\u00e3o estamos aqui apenas para sermos ouvidos \u2013 exigimos ser reconhecidos como protagonistas na constru\u00e7\u00e3o de solu\u00e7\u00f5es clim\u00e1ticas efetivas. Nossos territ\u00f3rios, nossos conhecimentos e nossas formas pr\u00f3prias de governan\u00e7a s\u00e3o fundamentais para enfrentar a crise clim\u00e1tica global.\u201d<\/p>\n\n\n\n<p>Sobre a import\u00e2ncia do evento, Melillo Dinis, articulador pol\u00edtico da REPAM, destaca: \u201cOs povos ind\u00edgenas, que est\u00e3o reunidos em Bras\u00edlia de 2 a 5 de junho, articulam-se para uma proposta in\u00e9dita de contribui\u00e7\u00e3o clim\u00e1tica constru\u00edda a partir de suas vis\u00f5es, experi\u00eancias e solu\u00e7\u00f5es. A iniciativa \u00e9 liderada pela Coordena\u00e7\u00e3o das Organiza\u00e7\u00f5es Ind\u00edgenas da Amaz\u00f4nia Brasileira (Coiab) e conta com o apoio da Articula\u00e7\u00e3o dos Povos Ind\u00edgenas do Brasil (Apib) e da coaliz\u00e3o internacional G9 da Amaz\u00f4nia Ind\u00edgena. O documento ser\u00e1 apresentado na Confer\u00eancia de Clima de Bonn, em junho, e na COP30, que acontecer\u00e1 em novembro, em Bel\u00e9m (PA). \u00c9 um importante momento de fortalecimento da luta e de participa\u00e7\u00e3o dos muitos povos em torno da Casa Comum e do protagonismo ind\u00edgena\u201d.<\/p>\n\n\n\n<p>Melillo tamb\u00e9m ressalta que o evento \u00e9 conduzido de forma aut\u00f4noma pelos povos ind\u00edgenas: \u201c\u00c9 um evento ind\u00edgena, organizado por eles e protagonizado por eles. Alguns poucos foram convidados, dentre os quais eu. Mas n\u00e3o creio que deva ser dado destaque a um n\u00e3o ind\u00edgena na cobertura da REPAM. Destaquem a turma que merece\u201d.<\/p>\n\n\n\n<p>A REPAM-Brasil reafirma seu compromisso com o fortalecimento da luta ind\u00edgena e com o reconhecimento do protagonismo dos povos ind\u00edgenas nas discuss\u00f5es globais sobre a crise clim\u00e1tica, especialmente na COP30, onde os povos ind\u00edgenas devem ocupar posi\u00e7\u00f5es de lideran\u00e7a nos espa\u00e7os de negocia\u00e7\u00e3o e decis\u00e3o.<\/p>\n\n\n\n<p>O momento \u00e9 decisivo. A luta dos povos ind\u00edgenas \u00e9 a luta pela sobreviv\u00eancia do planeta e pela preserva\u00e7\u00e3o da Casa Comum<\/p>\n","protected":false},"excerpt":{"rendered":"<p>De 2 a 5 de junho de 2025, lideran\u00e7as ind\u00edgenas de nove pa\u00edses da Bacia Amaz\u00f4nica se reunir\u00e3o em Bras\u00edlia para a Pr\u00e9-COP Ind\u00edgena. Este encontro ser\u00e1 crucial para consolidar a agenda comum dos povos ind\u00edgenas no enfrentamento das mudan\u00e7as clim\u00e1ticas e marcar o lan\u00e7amento da primeira Contribui\u00e7\u00e3o Nacionalmente Determinada (NDC) ind\u00edgena, uma proposta in\u00e9dita que integra as vis\u00f5es e solu\u00e7\u00f5es dos povos ind\u00edgenas para o enfrentamento da crise clim\u00e1tica global. A Pr\u00e9-COP Ind\u00edgena ser\u00e1 um marco na luta clim\u00e1tica global, com a presen\u00e7a de lideran\u00e7as como Toya Manchineri, coordenador geral da Coordena\u00e7\u00e3o das Organiza\u00e7\u00f5es Ind\u00edgenas da Amaz\u00f4nia Brasileira (COIAB). Durante o evento, ser\u00e1 discutido o papel central dos territ\u00f3rios ind\u00edgenas, que oferecem solu\u00e7\u00f5es reais e eficazes para a mitiga\u00e7\u00e3o e adapta\u00e7\u00e3o clim\u00e1tica. O lan\u00e7amento da NDC ind\u00edgena ser\u00e1 apresentado na Confer\u00eancia de Clima de Bonn, em junho, e na COP30, em Bel\u00e9m, no final do ano. Toya Manchineri enfatiza a urg\u00eancia do momento: \u201cEstamos diante do colapso clim\u00e1tico e da destrui\u00e7\u00e3o dos nossos territ\u00f3rios. A NDC Ind\u00edgena \u00e9 uma resposta coletiva ao sistema que insiste em ignorar quem protege a floresta h\u00e1 mil\u00eanios. A Amaz\u00f4nia est\u00e1 no limite do ponto de n\u00e3o retorno\u201d. O evento ocorre em um contexto de crescentes amea\u00e7as aos territ\u00f3rios ind\u00edgenas, incluindo a aprova\u00e7\u00e3o do \u201cPL da Devasta\u00e7\u00e3o\u201d no Senado, que facilita a explora\u00e7\u00e3o ilegal de recursos em terras ind\u00edgenas e enfraquece a prote\u00e7\u00e3o territorial. As lideran\u00e7as ind\u00edgenas reafirmam sua resist\u00eancia firme contra esses retrocessos e exigem o reconhecimento de suas terras como pol\u00edticas clim\u00e1ticas estrat\u00e9gicas, com metas claras e financiamento direto. A Pr\u00e9-COP Ind\u00edgena tamb\u00e9m representa um momento hist\u00f3rico para o reconhecimento do protagonismo ind\u00edgena na constru\u00e7\u00e3o de solu\u00e7\u00f5es clim\u00e1ticas. Patricia Suarez, da Organiza\u00e7\u00e3o Nacional dos Povos Ind\u00edgenas da Amaz\u00f4nia Colombiana (OPIAC), destaca: \u201cN\u00e3o estamos aqui apenas para sermos ouvidos \u2013 exigimos ser reconhecidos como protagonistas na constru\u00e7\u00e3o de solu\u00e7\u00f5es clim\u00e1ticas efetivas. Nossos territ\u00f3rios, nossos conhecimentos e nossas formas pr\u00f3prias de governan\u00e7a s\u00e3o fundamentais para enfrentar a crise clim\u00e1tica global.\u201d Sobre a import\u00e2ncia do evento, Melillo Dinis, articulador pol\u00edtico da REPAM, destaca: \u201cOs povos ind\u00edgenas, que est\u00e3o reunidos em Bras\u00edlia de 2 a 5 de junho, articulam-se para uma proposta in\u00e9dita de contribui\u00e7\u00e3o clim\u00e1tica constru\u00edda a partir de suas vis\u00f5es, experi\u00eancias e solu\u00e7\u00f5es. A iniciativa \u00e9 liderada pela Coordena\u00e7\u00e3o das Organiza\u00e7\u00f5es Ind\u00edgenas da Amaz\u00f4nia Brasileira (Coiab) e conta com o apoio da Articula\u00e7\u00e3o dos Povos Ind\u00edgenas do Brasil (Apib) e da coaliz\u00e3o internacional G9 da Amaz\u00f4nia Ind\u00edgena. O documento ser\u00e1 apresentado na Confer\u00eancia de Clima de Bonn, em junho, e na COP30, que acontecer\u00e1 em novembro, em Bel\u00e9m (PA). \u00c9 um importante momento de fortalecimento da luta e de participa\u00e7\u00e3o dos muitos povos em torno da Casa Comum e do protagonismo ind\u00edgena\u201d. Melillo tamb\u00e9m ressalta que o evento \u00e9 conduzido de forma aut\u00f4noma pelos povos ind\u00edgenas: \u201c\u00c9 um evento ind\u00edgena, organizado por eles e protagonizado por eles. Alguns poucos foram convidados, dentre os quais eu. Mas n\u00e3o creio que deva ser dado destaque a um n\u00e3o ind\u00edgena na cobertura da REPAM. Destaquem a turma que merece\u201d. A REPAM-Brasil reafirma seu compromisso com o fortalecimento da luta ind\u00edgena e com o reconhecimento do protagonismo dos povos ind\u00edgenas nas discuss\u00f5es globais sobre a crise clim\u00e1tica, especialmente na COP30, onde os povos ind\u00edgenas devem ocupar posi\u00e7\u00f5es de lideran\u00e7a nos espa\u00e7os de negocia\u00e7\u00e3o e decis\u00e3o. O momento \u00e9 decisivo. A luta dos povos ind\u00edgenas \u00e9 a luta pela sobreviv\u00eancia do planeta e pela preserva\u00e7\u00e3o da Casa Comum<\/p>\n","protected":false},"author":3,"featured_media":16161,"comment_status":"open","ping_status":"open","sticky":false,"template":"","format":"standard","meta":{"footnotes":""},"categories":[5],"tags":[15,17,18,19,8],"class_list":["post-16159","post","type-post","status-publish","format-standard","has-post-thumbnail","hentry","category-noticias","tag-cop-30","tag-mudanca-climatica","tag-populacoes-tradionais","tag-povos-indigenas","tag-repam-brasil"],"rttpg_featured_image_url":{"full":["https:\/\/repam.org.br\/cop30\/wp-content\/uploads\/2025\/06\/WhatsApp-Image-2025-06-02-at-16.10.15-1280x640-1.jpeg",1280,640,false],"landscape":["https:\/\/repam.org.br\/cop30\/wp-content\/uploads\/2025\/06\/WhatsApp-Image-2025-06-02-at-16.10.15-1280x640-1.jpeg",1280,640,false],"portraits":["https:\/\/repam.org.br\/cop30\/wp-content\/uploads\/2025\/06\/WhatsApp-Image-2025-06-02-at-16.10.15-1280x640-1.jpeg",1280,640,false],"thumbnail":["https:\/\/repam.org.br\/cop30\/wp-content\/uploads\/2025\/06\/WhatsApp-Image-2025-06-02-at-16.10.15-1280x640-1-150x150.jpeg",150,150,true],"medium":["https:\/\/repam.org.br\/cop30\/wp-content\/uploads\/2025\/06\/WhatsApp-Image-2025-06-02-at-16.10.15-1280x640-1-300x150.jpeg",300,150,true],"large":["https:\/\/repam.org.br\/cop30\/wp-content\/uploads\/2025\/06\/WhatsApp-Image-2025-06-02-at-16.10.15-1280x640-1-1024x512.jpeg",800,400,true],"1536x1536":["https:\/\/repam.org.br\/cop30\/wp-content\/uploads\/2025\/06\/WhatsApp-Image-2025-06-02-at-16.10.15-1280x640-1.jpeg",1280,640,false],"2048x2048":["https:\/\/repam.org.br\/cop30\/wp-content\/uploads\/2025\/06\/WhatsApp-Image-2025-06-02-at-16.10.15-1280x640-1.jpeg",1280,640,false]},"rttpg_author":{"display_name":"Comunica\u00e7\u00e3o Cop30","author_link":"https:\/\/repam.org.br\/cop30\/author\/comunicacaocop30\/"},"rttpg_comment":0,"rttpg_category":"<a href=\"https:\/\/repam.org.br\/cop30\/category\/noticias\/\" rel=\"category tag\">Not\u00edcias<\/a>","rttpg_excerpt":"De 2 a 5 de junho de 2025, lideran\u00e7as ind\u00edgenas de nove pa\u00edses da Bacia Amaz\u00f4nica se reunir\u00e3o em Bras\u00edlia para a Pr\u00e9-COP Ind\u00edgena. Este encontro ser\u00e1 crucial para consolidar a agenda comum dos povos ind\u00edgenas no enfrentamento das mudan\u00e7as clim\u00e1ticas e marcar o lan\u00e7amento da primeira Contribui\u00e7\u00e3o Nacionalmente Determinada (NDC) ind\u00edgena, uma proposta in\u00e9dita&hellip;","_links":{"self":[{"href":"https:\/\/repam.org.br\/cop30\/wp-json\/wp\/v2\/posts\/16159","targetHints":{"allow":["GET"]}}],"collection":[{"href":"https:\/\/repam.org.br\/cop30\/wp-json\/wp\/v2\/posts"}],"about":[{"href":"https:\/\/repam.org.br\/cop30\/wp-json\/wp\/v2\/types\/post"}],"author":[{"embeddable":true,"href":"https:\/\/repam.org.br\/cop30\/wp-json\/wp\/v2\/users\/3"}],"replies":[{"embeddable":true,"href":"https:\/\/repam.org.br\/cop30\/wp-json\/wp\/v2\/comments?post=16159"}],"version-history":[{"count":1,"href":"https:\/\/repam.org.br\/cop30\/wp-json\/wp\/v2\/posts\/16159\/revisions"}],"predecessor-version":[{"id":16160,"href":"https:\/\/repam.org.br\/cop30\/wp-json\/wp\/v2\/posts\/16159\/revisions\/16160"}],"wp:featuredmedia":[{"embeddable":true,"href":"https:\/\/repam.org.br\/cop30\/wp-json\/wp\/v2\/media\/16161"}],"wp:attachment":[{"href":"https:\/\/repam.org.br\/cop30\/wp-json\/wp\/v2\/media?parent=16159"}],"wp:term":[{"taxonomy":"category","embeddable":true,"href":"https:\/\/repam.org.br\/cop30\/wp-json\/wp\/v2\/categories?post=16159"},{"taxonomy":"post_tag","embeddable":true,"href":"https:\/\/repam.org.br\/cop30\/wp-json\/wp\/v2\/tags?post=16159"}],"curies":[{"name":"wp","href":"https:\/\/api.w.org\/{rel}","templated":true}]}}