{"id":16167,"date":"2025-06-02T19:35:25","date_gmt":"2025-06-02T22:35:25","guid":{"rendered":"https:\/\/repam.org.br\/cop30\/?p=16167"},"modified":"2025-06-02T20:26:15","modified_gmt":"2025-06-02T23:26:15","slug":"cupula-dos-povos-cobra-acao-real-na-cop30-e-encerra-encontro-com-ato-contra-o-pl-da-devastacao-ambiental","status":"publish","type":"post","link":"https:\/\/repam.org.br\/cop30\/cupula-dos-povos-cobra-acao-real-na-cop30-e-encerra-encontro-com-ato-contra-o-pl-da-devastacao-ambiental\/","title":{"rendered":"C\u00fapula dos Povos cobra a\u00e7\u00e3o real na COP30 e realiza ato contra o PL da devasta\u00e7\u00e3o ambiental"},"content":{"rendered":"\n<p>Terminou nesta segunda-feira (2\/6), em Bel\u00e9m do Par\u00e1, o encontro internacional da Comiss\u00e3o Pol\u00edtica da C\u00fapula dos Povos rumo \u00e0 COP30. Durante quatro dias, mais de 60 organiza\u00e7\u00f5es, redes e movimentos sociais do Brasil, Am\u00e9rica Latina, \u00c1frica, \u00c1sia e Europa se reuniram para alinhar estrat\u00e9gias de mobiliza\u00e7\u00e3o e den\u00fancia em torno da justi\u00e7a clim\u00e1tica, tendo como horizonte a realiza\u00e7\u00e3o da COP30 em 2025, tamb\u00e9m na capital paraense.<\/p>\n\n\n\n<p>A programa\u00e7\u00e3o come\u00e7ou no dia 30 de maio com um grande ato pol\u00edtico na Universidade Federal do Par\u00e1 (UFPA), sob o tema \u201cDa Amaz\u00f4nia para o Mundo: Justi\u00e7a Clim\u00e1tica J\u00e1!\u201d. O evento reuniu representantes de povos ind\u00edgenas, quilombolas, juventudes, comunidades perif\u00e9ricas, movimentos populares e organiza\u00e7\u00f5es nacionais e internacionais que, juntos, proclamaram: n\u00e3o h\u00e1 sa\u00edda para a crise clim\u00e1tica sem a centralidade dos povos origin\u00e1rios e tradicionais.<\/p>\n\n\n\n<p><strong>\u201cEstamos vivendo tempos em que a crise \u00e9 clara: injusti\u00e7a, explora\u00e7\u00e3o, inseguran\u00e7a, extrativismo. Em momentos assim, precisamos construir uma solidariedade profunda\u201d, declarou Tasneem Essop, da Climate Action Network (CAN).<\/strong><\/p>\n\n\n\n<p>Durante o ato, foi anunciado que a UFPA ser\u00e1 o territ\u00f3rio oficial da C\u00fapula dos Povos durante a COP30, um marco simb\u00f3lico e pol\u00edtico para o movimento.<\/p>\n\n\n\n<p><strong>\u201c\u00c9 muito importante ter infraestrutura, mas o mais importante \u00e9 mudar mentalidades. A C\u00fapula tem esse papel de provocar reflex\u00e3o sobre a Amaz\u00f4nia, seus povos e seus direitos\u201d, afirmou o reitor Gilmar Pereira da Silva.<\/strong><\/p>\n\n\n\n<h3 class=\"wp-block-heading\"><strong>Den\u00fancia, mem\u00f3ria e resist\u00eancia<\/strong><\/h3>\n\n\n\n<p>A programa\u00e7\u00e3o incluiu plen\u00e1rias estrat\u00e9gicas, reuni\u00f5es tem\u00e1ticas, debates sobre racismo ambiental, transi\u00e7\u00e3o energ\u00e9tica e falsas solu\u00e7\u00f5es para a crise clim\u00e1tica. Mas tamb\u00e9m houve espa\u00e7o para a\u00e7\u00e3o direta: no s\u00e1bado (1\/6), j\u00e1 marcando o in\u00edcio da Semana Internacional do Meio Ambiente, organiza\u00e7\u00f5es parceiras e movimentos sociais realizaram um ato p\u00fablico contra o PL 2159\/21, conhecido como o \u201cPL da Devasta\u00e7\u00e3o\u201d, que amea\u00e7a desmontar o licenciamento ambiental no Brasil.<\/p>\n\n\n\n<p>A manifesta\u00e7\u00e3o ocorreu na Pra\u00e7a da Rep\u00fablica, centro de Bel\u00e9m, e denunciou os impactos da proposta legislativa sobre os povos e os territ\u00f3rios, refor\u00e7ando o papel da C\u00fapula como espa\u00e7o leg\u00edtimo de resist\u00eancia e constru\u00e7\u00e3o de alternativas populares \u00e0 crise clim\u00e1tica.<\/p>\n\n\n\n<blockquote class=\"wp-block-quote is-layout-flow wp-block-quote-is-layout-flow\">\n<p><strong>\u201cEssas autodeclara\u00e7\u00f5es s\u00e3o declara\u00e7\u00f5es de morte. Contra a natureza, contra as pessoas, contra as comunidades, sobretudo aquelas que mais sofrem com o racismo ambiental\u201d, afirmou Pe. Dario Bossi, da Igreja Rumo \u00e0 COP30, com apoio da REPAM.<\/strong><\/p>\n<\/blockquote>\n\n\n\n<figure class=\"wp-block-image size-large\"><img fetchpriority=\"high\" decoding=\"async\" width=\"1017\" height=\"1024\" src=\"https:\/\/repam.org.br\/cop30\/wp-content\/uploads\/2025\/06\/WhatsApp-Image-2025-06-01-at-11.55.54-e1748903423553-1017x1024.jpeg\" alt=\"\" class=\"wp-image-16168\" srcset=\"https:\/\/repam.org.br\/cop30\/wp-content\/uploads\/2025\/06\/WhatsApp-Image-2025-06-01-at-11.55.54-e1748903423553-1017x1024.jpeg 1017w, https:\/\/repam.org.br\/cop30\/wp-content\/uploads\/2025\/06\/WhatsApp-Image-2025-06-01-at-11.55.54-e1748903423553-298x300.jpeg 298w, https:\/\/repam.org.br\/cop30\/wp-content\/uploads\/2025\/06\/WhatsApp-Image-2025-06-01-at-11.55.54-e1748903423553-150x150.jpeg 150w, https:\/\/repam.org.br\/cop30\/wp-content\/uploads\/2025\/06\/WhatsApp-Image-2025-06-01-at-11.55.54-e1748903423553-768x773.jpeg 768w, https:\/\/repam.org.br\/cop30\/wp-content\/uploads\/2025\/06\/WhatsApp-Image-2025-06-01-at-11.55.54-e1748903423553.jpeg 1200w\" sizes=\"(max-width: 1017px) 100vw, 1017px\" \/><figcaption class=\"wp-element-caption\">Padre Dario em ato contra o PL da Devasta\u00e7\u00e3o<\/figcaption><\/figure>\n\n\n\n<p>A cr\u00edtica \u00e0 coniv\u00eancia do Estado com grandes empresas tamb\u00e9m foi ponto de destaque para lideran\u00e7as da sociedade civil organizada.<\/p>\n\n\n\n<blockquote class=\"wp-block-quote is-layout-flow wp-block-quote-is-layout-flow\">\n<p>\u201cN\u00f3s somos contra esse PL da devasta\u00e7\u00e3o. Estamos ao lado da ministra Marina. Eu, como mulher preta e amaz\u00f4nida, me senti ofendida. Ele mexeu com uma, mexeu com todas. E para dizer tamb\u00e9m: n\u00f3s compomos a C\u00fapula dos Povos rumo \u00e0 COP30, que est\u00e1 em constru\u00e7\u00e3o, em processo coletivo. Somos aut\u00f4nomos \u2014 n\u00e3o estamos, como diz a minha m\u00e3e, <em>macomunados<\/em> com governos ou empresas. Estamos construindo esse espa\u00e7o com homens e mulheres de 13 pa\u00edses, junto com muitos outros coletivos, para mostrar que h\u00e1 um outro caminho poss\u00edvel\u201d, afirmou Joana Menezes, da Mobiliza\u00e7\u00e3o dos Povos pela Terra e pelo Clima.<\/p>\n<\/blockquote>\n\n\n\n<figure class=\"wp-block-image size-full\"><img decoding=\"async\" width=\"544\" height=\"544\" src=\"https:\/\/repam.org.br\/cop30\/wp-content\/uploads\/2025\/06\/WhatsApp-Image-2025-06-02-at-19.38.41.jpeg\" alt=\"\" class=\"wp-image-16177\" srcset=\"https:\/\/repam.org.br\/cop30\/wp-content\/uploads\/2025\/06\/WhatsApp-Image-2025-06-02-at-19.38.41.jpeg 544w, https:\/\/repam.org.br\/cop30\/wp-content\/uploads\/2025\/06\/WhatsApp-Image-2025-06-02-at-19.38.41-300x300.jpeg 300w, https:\/\/repam.org.br\/cop30\/wp-content\/uploads\/2025\/06\/WhatsApp-Image-2025-06-02-at-19.38.41-150x150.jpeg 150w\" sizes=\"(max-width: 544px) 100vw, 544px\" \/><figcaption class=\"wp-element-caption\">Joana Menezes, da Mobiliza\u00e7\u00e3o dos Povos pela Terra e pelo Clima, durante ato contra o PL2159<\/figcaption><\/figure>\n\n\n\n<p>A den\u00fancia do PL tamb\u00e9m ganhou voz nas falas das juventudes negras presentes no ato, que refor\u00e7aram o impacto direto da crise e das pol\u00edticas ambientais injustas sobre os corpos mais vulnerabilizados.<\/p>\n\n\n\n<blockquote class=\"wp-block-quote is-layout-flow wp-block-quote-is-layout-flow\">\n<p>\u201cEsse PL tem nome e sobrenome, porque quando a gente pensa quem \u00e9 que est\u00e1 nos \u00f4nibus, atravessando a cidade e seguindo seus trabalhos para a periferia, fritando literalmente, quem \u00e9 que est\u00e1 sentindo o cheiro da fuma\u00e7a que \u00e9 queimada pelo ar? Somos n\u00f3s, somos mulheres, somos negras, somos povo perif\u00e9rico, somos povo que planta e que alimenta a boca do campo e da cidade\u201d, declarou uma jovem ativista do Movimento Negro Unificado.<\/p>\n<\/blockquote>\n\n\n\n<h3 class=\"wp-block-heading\">Di\u00e1logos finais e perspectivas<\/h3>\n\n\n\n<p>No \u00faltimo dia da programa\u00e7\u00e3o (2\/6), a C\u00fapula dos Povos seguiu com di\u00e1logos fundamentais sobre o processo de comunica\u00e7\u00e3o coletiva e popular do evento, seus desafios e pot\u00eancias. Tamb\u00e9m foram realizados webin\u00e1rios sobre os Eixos de Converg\u00eancia, que estruturam politicamente a proposta da C\u00fapula: transforma\u00e7\u00f5es estruturais que coloquem a vida e os direitos coletivos acima do lucro. Esses eixos refletem um projeto de sociedade baseado na equidade, na harmonia com a natureza e no poder popular, em oposi\u00e7\u00e3o \u00e0s agendas elitistas e corporativas que dominam os f\u00f3runs oficiais.<\/p>\n\n\n\n<p>Al\u00e9m disso, foram socializados espa\u00e7os importantes da constru\u00e7\u00e3o como o Tapiri Ecum\u00eanico e Inter-religioso e a C\u00fapula das Inf\u00e2ncias, que refor\u00e7am o car\u00e1ter plural, inclusivo e integrador do processo. A proposta \u00e9 que esses espa\u00e7os n\u00e3o apenas estejam presentes durante a C\u00fapula oficial, mas que tamb\u00e9m sejam reconhecidos na contagem oficial de p\u00fablico e na composi\u00e7\u00e3o pol\u00edtica do evento.<\/p>\n\n\n\n<figure class=\"wp-block-image size-large\"><img decoding=\"async\" width=\"768\" height=\"1024\" src=\"https:\/\/repam.org.br\/cop30\/wp-content\/uploads\/2025\/06\/WhatsApp-Image-2025-06-02-at-20.03.33-768x1024.jpeg\" alt=\"\" class=\"wp-image-16180\" srcset=\"https:\/\/repam.org.br\/cop30\/wp-content\/uploads\/2025\/06\/WhatsApp-Image-2025-06-02-at-20.03.33-768x1024.jpeg 768w, https:\/\/repam.org.br\/cop30\/wp-content\/uploads\/2025\/06\/WhatsApp-Image-2025-06-02-at-20.03.33-225x300.jpeg 225w, https:\/\/repam.org.br\/cop30\/wp-content\/uploads\/2025\/06\/WhatsApp-Image-2025-06-02-at-20.03.33.jpeg 960w\" sizes=\"(max-width: 768px) 100vw, 768px\" \/><\/figure>\n\n\n\n<h3 class=\"wp-block-heading\"><strong>A C\u00fapula dos Povos segue em constru\u00e7\u00e3o<\/strong><\/h3>\n\n\n\n<p>O encontro marcou um passo decisivo na prepara\u00e7\u00e3o para a C\u00fapula dos Povos durante a COP30, prevista para novembro de 2025, em Bel\u00e9m. A expectativa \u00e9 reunir cerca de 15 mil pessoas em uma programa\u00e7\u00e3o intensa, com barqueata nos rios amaz\u00f4nicos, marcha global, plen\u00e1rias populares, feira de saberes e articula\u00e7\u00e3o de propostas concretas para enfrentar a crise clim\u00e1tica com justi\u00e7a social.<\/p>\n\n\n\n<p>A REPAM segue somando for\u00e7as nesse processo, junto a dezenas de organiza\u00e7\u00f5es, para garantir que a COP30 escute e respeite as vozes da Amaz\u00f4nia profunda. Como afirmam os movimentos: \u201cTodos os rios levam a Bel\u00e9m. N\u00e3o h\u00e1 futuro sem n\u00f3s.\u201d<\/p>\n\n\n\n<figure class=\"wp-block-image size-large\"><img loading=\"lazy\" decoding=\"async\" width=\"768\" height=\"1024\" src=\"https:\/\/repam.org.br\/cop30\/wp-content\/uploads\/2025\/06\/WhatsApp-Image-2025-06-01-at-11.55.54-1-768x1024.jpeg\" alt=\"\" class=\"wp-image-16173\" srcset=\"https:\/\/repam.org.br\/cop30\/wp-content\/uploads\/2025\/06\/WhatsApp-Image-2025-06-01-at-11.55.54-1-768x1024.jpeg 768w, https:\/\/repam.org.br\/cop30\/wp-content\/uploads\/2025\/06\/WhatsApp-Image-2025-06-01-at-11.55.54-1-225x300.jpeg 225w, https:\/\/repam.org.br\/cop30\/wp-content\/uploads\/2025\/06\/WhatsApp-Image-2025-06-01-at-11.55.54-1-1152x1536.jpeg 1152w, https:\/\/repam.org.br\/cop30\/wp-content\/uploads\/2025\/06\/WhatsApp-Image-2025-06-01-at-11.55.54-1.jpeg 1200w\" sizes=\"(max-width: 768px) 100vw, 768px\" \/><\/figure>\n","protected":false},"excerpt":{"rendered":"<p>Terminou nesta segunda-feira (2\/6), em Bel\u00e9m do Par\u00e1, o encontro internacional da Comiss\u00e3o Pol\u00edtica da C\u00fapula dos Povos rumo \u00e0 COP30. Durante quatro dias, mais de 60 organiza\u00e7\u00f5es, redes e movimentos sociais do Brasil, Am\u00e9rica Latina, \u00c1frica, \u00c1sia e Europa se reuniram para alinhar estrat\u00e9gias de mobiliza\u00e7\u00e3o e den\u00fancia em torno da justi\u00e7a clim\u00e1tica, tendo como horizonte a realiza\u00e7\u00e3o da COP30 em 2025, tamb\u00e9m na capital paraense. A programa\u00e7\u00e3o come\u00e7ou no dia 30 de maio com um grande ato pol\u00edtico na Universidade Federal do Par\u00e1 (UFPA), sob o tema \u201cDa Amaz\u00f4nia para o Mundo: Justi\u00e7a Clim\u00e1tica J\u00e1!\u201d. O evento reuniu representantes de povos ind\u00edgenas, quilombolas, juventudes, comunidades perif\u00e9ricas, movimentos populares e organiza\u00e7\u00f5es nacionais e internacionais que, juntos, proclamaram: n\u00e3o h\u00e1 sa\u00edda para a crise clim\u00e1tica sem a centralidade dos povos origin\u00e1rios e tradicionais. \u201cEstamos vivendo tempos em que a crise \u00e9 clara: injusti\u00e7a, explora\u00e7\u00e3o, inseguran\u00e7a, extrativismo. Em momentos assim, precisamos construir uma solidariedade profunda\u201d, declarou Tasneem Essop, da Climate Action Network (CAN). Durante o ato, foi anunciado que a UFPA ser\u00e1 o territ\u00f3rio oficial da C\u00fapula dos Povos durante a COP30, um marco simb\u00f3lico e pol\u00edtico para o movimento. \u201c\u00c9 muito importante ter infraestrutura, mas o mais importante \u00e9 mudar mentalidades. A C\u00fapula tem esse papel de provocar reflex\u00e3o sobre a Amaz\u00f4nia, seus povos e seus direitos\u201d, afirmou o reitor Gilmar Pereira da Silva. Den\u00fancia, mem\u00f3ria e resist\u00eancia A programa\u00e7\u00e3o incluiu plen\u00e1rias estrat\u00e9gicas, reuni\u00f5es tem\u00e1ticas, debates sobre racismo ambiental, transi\u00e7\u00e3o energ\u00e9tica e falsas solu\u00e7\u00f5es para a crise clim\u00e1tica. Mas tamb\u00e9m houve espa\u00e7o para a\u00e7\u00e3o direta: no s\u00e1bado (1\/6), j\u00e1 marcando o in\u00edcio da Semana Internacional do Meio Ambiente, organiza\u00e7\u00f5es parceiras e movimentos sociais realizaram um ato p\u00fablico contra o PL 2159\/21, conhecido como o \u201cPL da Devasta\u00e7\u00e3o\u201d, que amea\u00e7a desmontar o licenciamento ambiental no Brasil. A manifesta\u00e7\u00e3o ocorreu na Pra\u00e7a da Rep\u00fablica, centro de Bel\u00e9m, e denunciou os impactos da proposta legislativa sobre os povos e os territ\u00f3rios, refor\u00e7ando o papel da C\u00fapula como espa\u00e7o leg\u00edtimo de resist\u00eancia e constru\u00e7\u00e3o de alternativas populares \u00e0 crise clim\u00e1tica. \u201cEssas autodeclara\u00e7\u00f5es s\u00e3o declara\u00e7\u00f5es de morte. Contra a natureza, contra as pessoas, contra as comunidades, sobretudo aquelas que mais sofrem com o racismo ambiental\u201d, afirmou Pe. Dario Bossi, da Igreja Rumo \u00e0 COP30, com apoio da REPAM. A cr\u00edtica \u00e0 coniv\u00eancia do Estado com grandes empresas tamb\u00e9m foi ponto de destaque para lideran\u00e7as da sociedade civil organizada. \u201cN\u00f3s somos contra esse PL da devasta\u00e7\u00e3o. Estamos ao lado da ministra Marina. Eu, como mulher preta e amaz\u00f4nida, me senti ofendida. Ele mexeu com uma, mexeu com todas. E para dizer tamb\u00e9m: n\u00f3s compomos a C\u00fapula dos Povos rumo \u00e0 COP30, que est\u00e1 em constru\u00e7\u00e3o, em processo coletivo. Somos aut\u00f4nomos \u2014 n\u00e3o estamos, como diz a minha m\u00e3e, macomunados com governos ou empresas. Estamos construindo esse espa\u00e7o com homens e mulheres de 13 pa\u00edses, junto com muitos outros coletivos, para mostrar que h\u00e1 um outro caminho poss\u00edvel\u201d, afirmou Joana Menezes, da Mobiliza\u00e7\u00e3o dos Povos pela Terra e pelo Clima. A den\u00fancia do PL tamb\u00e9m ganhou voz nas falas das juventudes negras presentes no ato, que refor\u00e7aram o impacto direto da crise e das pol\u00edticas ambientais injustas sobre os corpos mais vulnerabilizados. \u201cEsse PL tem nome e sobrenome, porque quando a gente pensa quem \u00e9 que est\u00e1 nos \u00f4nibus, atravessando a cidade e seguindo seus trabalhos para a periferia, fritando literalmente, quem \u00e9 que est\u00e1 sentindo o cheiro da fuma\u00e7a que \u00e9 queimada pelo ar? Somos n\u00f3s, somos mulheres, somos negras, somos povo perif\u00e9rico, somos povo que planta e que alimenta a boca do campo e da cidade\u201d, declarou uma jovem ativista do Movimento Negro Unificado. Di\u00e1logos finais e perspectivas No \u00faltimo dia da programa\u00e7\u00e3o (2\/6), a C\u00fapula dos Povos seguiu com di\u00e1logos fundamentais sobre o processo de comunica\u00e7\u00e3o coletiva e popular do evento, seus desafios e pot\u00eancias. Tamb\u00e9m foram realizados webin\u00e1rios sobre os Eixos de Converg\u00eancia, que estruturam politicamente a proposta da C\u00fapula: transforma\u00e7\u00f5es estruturais que coloquem a vida e os direitos coletivos acima do lucro. Esses eixos refletem um projeto de sociedade baseado na equidade, na harmonia com a natureza e no poder popular, em oposi\u00e7\u00e3o \u00e0s agendas elitistas e corporativas que dominam os f\u00f3runs oficiais. Al\u00e9m disso, foram socializados espa\u00e7os importantes da constru\u00e7\u00e3o como o Tapiri Ecum\u00eanico e Inter-religioso e a C\u00fapula das Inf\u00e2ncias, que refor\u00e7am o car\u00e1ter plural, inclusivo e integrador do processo. A proposta \u00e9 que esses espa\u00e7os n\u00e3o apenas estejam presentes durante a C\u00fapula oficial, mas que tamb\u00e9m sejam reconhecidos na contagem oficial de p\u00fablico e na composi\u00e7\u00e3o pol\u00edtica do evento. A C\u00fapula dos Povos segue em constru\u00e7\u00e3o O encontro marcou um passo decisivo na prepara\u00e7\u00e3o para a C\u00fapula dos Povos durante a COP30, prevista para novembro de 2025, em Bel\u00e9m. A expectativa \u00e9 reunir cerca de 15 mil pessoas em uma programa\u00e7\u00e3o intensa, com barqueata nos rios amaz\u00f4nicos, marcha global, plen\u00e1rias populares, feira de saberes e articula\u00e7\u00e3o de propostas concretas para enfrentar a crise clim\u00e1tica com justi\u00e7a social. A REPAM segue somando for\u00e7as nesse processo, junto a dezenas de organiza\u00e7\u00f5es, para garantir que a COP30 escute e respeite as vozes da Amaz\u00f4nia profunda. Como afirmam os movimentos: \u201cTodos os rios levam a Bel\u00e9m. N\u00e3o h\u00e1 futuro sem n\u00f3s.\u201d<\/p>\n","protected":false},"author":3,"featured_media":16174,"comment_status":"open","ping_status":"open","sticky":false,"template":"","format":"standard","meta":{"footnotes":""},"categories":[5],"tags":[13,14,15,16,17,38,39,40,18,19,8],"class_list":["post-16167","post","type-post","status-publish","format-standard","has-post-thumbnail","hentry","category-noticias","tag-amazonia","tag-conferencia-do-clima-da-onu","tag-cop-30","tag-cupula-dos-povos","tag-mudanca-climatica","tag-pl2159","tag-pldadevastacao","tag-pldolicenciamentoambiental","tag-populacoes-tradionais","tag-povos-indigenas","tag-repam-brasil"],"rttpg_featured_image_url":{"full":["https:\/\/repam.org.br\/cop30\/wp-content\/uploads\/2025\/06\/WhatsApp-Image-2025-06-01-at-11.56.15.jpeg",963,1280,false],"landscape":["https:\/\/repam.org.br\/cop30\/wp-content\/uploads\/2025\/06\/WhatsApp-Image-2025-06-01-at-11.56.15.jpeg",963,1280,false],"portraits":["https:\/\/repam.org.br\/cop30\/wp-content\/uploads\/2025\/06\/WhatsApp-Image-2025-06-01-at-11.56.15.jpeg",963,1280,false],"thumbnail":["https:\/\/repam.org.br\/cop30\/wp-content\/uploads\/2025\/06\/WhatsApp-Image-2025-06-01-at-11.56.15-150x150.jpeg",150,150,true],"medium":["https:\/\/repam.org.br\/cop30\/wp-content\/uploads\/2025\/06\/WhatsApp-Image-2025-06-01-at-11.56.15-226x300.jpeg",226,300,true],"large":["https:\/\/repam.org.br\/cop30\/wp-content\/uploads\/2025\/06\/WhatsApp-Image-2025-06-01-at-11.56.15-770x1024.jpeg",770,1024,true],"1536x1536":["https:\/\/repam.org.br\/cop30\/wp-content\/uploads\/2025\/06\/WhatsApp-Image-2025-06-01-at-11.56.15.jpeg",963,1280,false],"2048x2048":["https:\/\/repam.org.br\/cop30\/wp-content\/uploads\/2025\/06\/WhatsApp-Image-2025-06-01-at-11.56.15.jpeg",963,1280,false]},"rttpg_author":{"display_name":"Comunica\u00e7\u00e3o Cop30","author_link":"https:\/\/repam.org.br\/cop30\/author\/comunicacaocop30\/"},"rttpg_comment":0,"rttpg_category":"<a href=\"https:\/\/repam.org.br\/cop30\/category\/noticias\/\" rel=\"category tag\">Not\u00edcias<\/a>","rttpg_excerpt":"Terminou nesta segunda-feira (2\/6), em Bel\u00e9m do Par\u00e1, o encontro internacional da Comiss\u00e3o Pol\u00edtica da C\u00fapula dos Povos rumo \u00e0 COP30. Durante quatro dias, mais de 60 organiza\u00e7\u00f5es, redes e movimentos sociais do Brasil, Am\u00e9rica Latina, \u00c1frica, \u00c1sia e Europa se reuniram para alinhar estrat\u00e9gias de mobiliza\u00e7\u00e3o e den\u00fancia em torno da justi\u00e7a clim\u00e1tica, tendo&hellip;","_links":{"self":[{"href":"https:\/\/repam.org.br\/cop30\/wp-json\/wp\/v2\/posts\/16167","targetHints":{"allow":["GET"]}}],"collection":[{"href":"https:\/\/repam.org.br\/cop30\/wp-json\/wp\/v2\/posts"}],"about":[{"href":"https:\/\/repam.org.br\/cop30\/wp-json\/wp\/v2\/types\/post"}],"author":[{"embeddable":true,"href":"https:\/\/repam.org.br\/cop30\/wp-json\/wp\/v2\/users\/3"}],"replies":[{"embeddable":true,"href":"https:\/\/repam.org.br\/cop30\/wp-json\/wp\/v2\/comments?post=16167"}],"version-history":[{"count":3,"href":"https:\/\/repam.org.br\/cop30\/wp-json\/wp\/v2\/posts\/16167\/revisions"}],"predecessor-version":[{"id":16181,"href":"https:\/\/repam.org.br\/cop30\/wp-json\/wp\/v2\/posts\/16167\/revisions\/16181"}],"wp:featuredmedia":[{"embeddable":true,"href":"https:\/\/repam.org.br\/cop30\/wp-json\/wp\/v2\/media\/16174"}],"wp:attachment":[{"href":"https:\/\/repam.org.br\/cop30\/wp-json\/wp\/v2\/media?parent=16167"}],"wp:term":[{"taxonomy":"category","embeddable":true,"href":"https:\/\/repam.org.br\/cop30\/wp-json\/wp\/v2\/categories?post=16167"},{"taxonomy":"post_tag","embeddable":true,"href":"https:\/\/repam.org.br\/cop30\/wp-json\/wp\/v2\/tags?post=16167"}],"curies":[{"name":"wp","href":"https:\/\/api.w.org\/{rel}","templated":true}]}}