{"id":16183,"date":"2025-06-06T17:23:55","date_gmt":"2025-06-06T20:23:55","guid":{"rendered":"https:\/\/repam.org.br\/cop30\/?p=16183"},"modified":"2025-06-06T17:29:48","modified_gmt":"2025-06-06T20:29:48","slug":"comunicacao-e-territorio-articulacao-cop30-chega-ao-4o-forum-internacional-sobre-a-amazonia","status":"publish","type":"post","link":"https:\/\/repam.org.br\/cop30\/comunicacao-e-territorio-articulacao-cop30-chega-ao-4o-forum-internacional-sobre-a-amazonia\/","title":{"rendered":"Comunica\u00e7\u00e3o e Territ\u00f3rio: Articula\u00e7\u00e3o COP30 chega ao 4\u00ba F\u00f3rum Internacional sobre a Amaz\u00f4nia"},"content":{"rendered":"\n<h2 class=\"wp-block-heading\">Oficina visa fortalecer o di\u00e1logo entre comunicadores, lideran\u00e7as e redes em defesa da Amaz\u00f4nia e da justi\u00e7a clim\u00e1tica.<\/h2>\n\n\n\n<p>A Mobiliza\u00e7\u00e3o dos Povos pela Terra e pelo Clima, articula\u00e7\u00e3o promovida pela REPAM-Brasil rumo \u00e0 COP30, estar\u00e1 presente no <a href=\"https:\/\/neaz.unb.br\/4fia\/\">4\u00ba F\u00f3rum Internacional sobre a Amaz\u00f4nia (4\u00ba FIA)<\/a>, que acontece entre os dias 10 e 13 de junho de 2025, na Universidade de Bras\u00edlia (UnB). A iniciativa chega ao evento com o compromisso de fortalecer a escuta ativa das lideran\u00e7as amaz\u00f4nicas e fomentar a\u00e7\u00f5es coletivas voltadas \u00e0 justi\u00e7a clim\u00e1tica e \u00e0 defesa dos territ\u00f3rios.<\/p>\n\n\n\n<p>O F\u00f3rum reunir\u00e1 participantes de diversas regi\u00f5es do Brasil e da Pan-Amaz\u00f4nia, incluindo representantes ind\u00edgenas, quilombolas, ribeirinhos, pesquisadores e movimentos sociais. A REPAM-Brasil se soma a esse espa\u00e7o com a\u00e7\u00f5es que ampliam a escuta dos territ\u00f3rios e articulam caminhos conjuntos rumo \u00e0 30\u00aa Confer\u00eancia das Partes da Conven\u00e7\u00e3o do Clima (COP30), que ser\u00e1 realizada em novembro, em Bel\u00e9m (PA).<\/p>\n\n\n\n<p>Entre os representantes da REPAM no evento est\u00e1 D\u00f3ris Almeida de Vasconcelos, articuladora da REPAM e refer\u00eancia em processos de forma\u00e7\u00e3o e articula\u00e7\u00e3o comunit\u00e1ria. Ela acompanhar\u00e1 as oficinas tem\u00e1ticas e contribuir\u00e1 com o fortalecimento de redes e estrat\u00e9gias de incid\u00eancia territorial. Nat\u00e1lia Mitie, jornalista e uma das respons\u00e1veis pela comunica\u00e7\u00e3o do projeto Mobiliza\u00e7\u00e3o dos Povos pela Terra e pelo Clima, tamb\u00e9m participar\u00e1 das atividades e conduzir\u00e1 uma oficina estrat\u00e9gica de comunica\u00e7\u00e3o popular.<\/p>\n\n\n\n<p>Est\u00e3o confirmadas tamb\u00e9m as participa\u00e7\u00f5es de lideran\u00e7as amaz\u00f4nicas como <strong>Valdenia Paulino (Maranh\u00e3o), Wellington Lamburgini (Ji-Paran\u00e1), Vanalda Ara\u00fajo (Marab\u00e1), Giovane (Acre), Geslane (Roraima)<\/strong> e <strong>Aldenice Monteiro (Amap\u00e1)<\/strong> \u2014 vozes que trar\u00e3o suas viv\u00eancias, desafios e propostas para o centro dos debates.<\/p>\n\n\n\n<p>O 4\u00ba FIA se consolida como um espa\u00e7o estrat\u00e9gico de reflex\u00e3o cr\u00edtica, interc\u00e2mbio de saberes e constru\u00e7\u00e3o de alternativas para enfrentar a crise clim\u00e1tica a partir dos territ\u00f3rios e das lutas de base.<\/p>\n\n\n\n<p>\ud83d\uddd3 <strong>Data<\/strong>: Durante o 4\u00ba FIA (10 a 13 de junho)<br>\ud83d\udccd <strong>Local<\/strong>: Universidade de Bras\u00edlia (UnB)<br>\ud83c\udf9f <strong>Atividade gratuita<\/strong> \u2014 <strong>Inscreva-se aqui<\/strong>:<br>\ud83d\udd17 <a class=\"\" href=\"https:\/\/docs.google.com\/forms\/d\/e\/1FAIpQLSdIfyn2tyXDYnriN48TUawlhMnHrCwg1rfeoM_vbx2RBp-gZA\/viewform\">Formul\u00e1rio de inscri\u00e7\u00e3o<\/a><\/p>\n\n\n\n<h3 class=\"wp-block-heading\">Sobre a Oficina de Comunica\u00e7\u00e3o Popular<\/h3>\n\n\n\n<p>Como parte da programa\u00e7\u00e3o do 4\u00ba FIA, a Mobiliza\u00e7\u00e3o dos Povos pela Terra e pelo Clima promover\u00e1 a oficina:<\/p>\n\n\n\n<p><strong>\u201cComunica\u00e7\u00e3o popular: caminhos para a justi\u00e7a clim\u00e1tica e defesa dos territ\u00f3rios\u201d<\/strong><\/p>\n\n\n\n<p>Ser\u00e1 um espa\u00e7o de partilha entre comunicadores, redes e lideran\u00e7as, focado na constru\u00e7\u00e3o de estrat\u00e9gias para dar visibilidade \u00e0s lutas e fortalecer uma incid\u00eancia coletiva rumo \u00e0 COP30.<\/p>\n\n\n\n<p><strong>Participa\u00e7\u00f5es confirmadas:<\/strong><\/p>\n\n\n\n<figure class=\"wp-block-image size-large\"><img fetchpriority=\"high\" decoding=\"async\" width=\"768\" height=\"1024\" src=\"https:\/\/repam.org.br\/cop30\/wp-content\/uploads\/2025\/06\/2025_06_06_POST_26-768x1024.jpg\" alt=\"\" class=\"wp-image-16186\" srcset=\"https:\/\/repam.org.br\/cop30\/wp-content\/uploads\/2025\/06\/2025_06_06_POST_26-768x1024.jpg 768w, https:\/\/repam.org.br\/cop30\/wp-content\/uploads\/2025\/06\/2025_06_06_POST_26-225x300.jpg 225w, https:\/\/repam.org.br\/cop30\/wp-content\/uploads\/2025\/06\/2025_06_06_POST_26.jpg 1080w\" sizes=\"(max-width: 768px) 100vw, 768px\" \/><\/figure>\n\n\n\n<p><\/p>\n","protected":false},"excerpt":{"rendered":"<p>Oficina visa fortalecer o di\u00e1logo entre comunicadores, lideran\u00e7as e redes em defesa da Amaz\u00f4nia e da justi\u00e7a clim\u00e1tica. A Mobiliza\u00e7\u00e3o dos Povos pela Terra e pelo Clima, articula\u00e7\u00e3o promovida pela REPAM-Brasil rumo \u00e0 COP30, estar\u00e1 presente no 4\u00ba F\u00f3rum Internacional sobre a Amaz\u00f4nia (4\u00ba FIA), que acontece entre os dias 10 e 13 de junho de 2025, na Universidade de Bras\u00edlia (UnB). A iniciativa chega ao evento com o compromisso de fortalecer a escuta ativa das lideran\u00e7as amaz\u00f4nicas e fomentar a\u00e7\u00f5es coletivas voltadas \u00e0 justi\u00e7a clim\u00e1tica e \u00e0 defesa dos territ\u00f3rios. O F\u00f3rum reunir\u00e1 participantes de diversas regi\u00f5es do Brasil e da Pan-Amaz\u00f4nia, incluindo representantes ind\u00edgenas, quilombolas, ribeirinhos, pesquisadores e movimentos sociais. A REPAM-Brasil se soma a esse espa\u00e7o com a\u00e7\u00f5es que ampliam a escuta dos territ\u00f3rios e articulam caminhos conjuntos rumo \u00e0 30\u00aa Confer\u00eancia das Partes da Conven\u00e7\u00e3o do Clima (COP30), que ser\u00e1 realizada em novembro, em Bel\u00e9m (PA). Entre os representantes da REPAM no evento est\u00e1 D\u00f3ris Almeida de Vasconcelos, articuladora da REPAM e refer\u00eancia em processos de forma\u00e7\u00e3o e articula\u00e7\u00e3o comunit\u00e1ria. Ela acompanhar\u00e1 as oficinas tem\u00e1ticas e contribuir\u00e1 com o fortalecimento de redes e estrat\u00e9gias de incid\u00eancia territorial. Nat\u00e1lia Mitie, jornalista e uma das respons\u00e1veis pela comunica\u00e7\u00e3o do projeto Mobiliza\u00e7\u00e3o dos Povos pela Terra e pelo Clima, tamb\u00e9m participar\u00e1 das atividades e conduzir\u00e1 uma oficina estrat\u00e9gica de comunica\u00e7\u00e3o popular. Est\u00e3o confirmadas tamb\u00e9m as participa\u00e7\u00f5es de lideran\u00e7as amaz\u00f4nicas como Valdenia Paulino (Maranh\u00e3o), Wellington Lamburgini (Ji-Paran\u00e1), Vanalda Ara\u00fajo (Marab\u00e1), Giovane (Acre), Geslane (Roraima) e Aldenice Monteiro (Amap\u00e1) \u2014 vozes que trar\u00e3o suas viv\u00eancias, desafios e propostas para o centro dos debates. O 4\u00ba FIA se consolida como um espa\u00e7o estrat\u00e9gico de reflex\u00e3o cr\u00edtica, interc\u00e2mbio de saberes e constru\u00e7\u00e3o de alternativas para enfrentar a crise clim\u00e1tica a partir dos territ\u00f3rios e das lutas de base. \ud83d\uddd3 Data: Durante o 4\u00ba FIA (10 a 13 de junho)\ud83d\udccd Local: Universidade de Bras\u00edlia (UnB)\ud83c\udf9f Atividade gratuita \u2014 Inscreva-se aqui:\ud83d\udd17 Formul\u00e1rio de inscri\u00e7\u00e3o Sobre a Oficina de Comunica\u00e7\u00e3o Popular Como parte da programa\u00e7\u00e3o do 4\u00ba FIA, a Mobiliza\u00e7\u00e3o dos Povos pela Terra e pelo Clima promover\u00e1 a oficina: \u201cComunica\u00e7\u00e3o popular: caminhos para a justi\u00e7a clim\u00e1tica e defesa dos territ\u00f3rios\u201d Ser\u00e1 um espa\u00e7o de partilha entre comunicadores, redes e lideran\u00e7as, focado na constru\u00e7\u00e3o de estrat\u00e9gias para dar visibilidade \u00e0s lutas e fortalecer uma incid\u00eancia coletiva rumo \u00e0 COP30. Participa\u00e7\u00f5es confirmadas:<\/p>\n","protected":false},"author":3,"featured_media":16188,"comment_status":"open","ping_status":"open","sticky":false,"template":"","format":"standard","meta":{"footnotes":""},"categories":[5],"tags":[13,14,15,17,19,7,8],"class_list":["post-16183","post","type-post","status-publish","format-standard","has-post-thumbnail","hentry","category-noticias","tag-amazonia","tag-conferencia-do-clima-da-onu","tag-cop-30","tag-mudanca-climatica","tag-povos-indigenas","tag-repam","tag-repam-brasil"],"rttpg_featured_image_url":{"full":["https:\/\/repam.org.br\/cop30\/wp-content\/uploads\/2025\/06\/WhatsApp-Image-2025-06-05-at-14.57.58-e1749241780567.jpeg",840,525,false],"landscape":["https:\/\/repam.org.br\/cop30\/wp-content\/uploads\/2025\/06\/WhatsApp-Image-2025-06-05-at-14.57.58-e1749241780567.jpeg",840,525,false],"portraits":["https:\/\/repam.org.br\/cop30\/wp-content\/uploads\/2025\/06\/WhatsApp-Image-2025-06-05-at-14.57.58-e1749241780567.jpeg",840,525,false],"thumbnail":["https:\/\/repam.org.br\/cop30\/wp-content\/uploads\/2025\/06\/WhatsApp-Image-2025-06-05-at-14.57.58-e1749241780567-150x150.jpeg",150,150,true],"medium":["https:\/\/repam.org.br\/cop30\/wp-content\/uploads\/2025\/06\/WhatsApp-Image-2025-06-05-at-14.57.58-e1749241780567-300x188.jpeg",300,188,true],"large":["https:\/\/repam.org.br\/cop30\/wp-content\/uploads\/2025\/06\/WhatsApp-Image-2025-06-05-at-14.57.58-e1749241780567.jpeg",800,500,false],"1536x1536":["https:\/\/repam.org.br\/cop30\/wp-content\/uploads\/2025\/06\/WhatsApp-Image-2025-06-05-at-14.57.58-e1749241780567.jpeg",840,525,false],"2048x2048":["https:\/\/repam.org.br\/cop30\/wp-content\/uploads\/2025\/06\/WhatsApp-Image-2025-06-05-at-14.57.58-e1749241780567.jpeg",840,525,false]},"rttpg_author":{"display_name":"Comunica\u00e7\u00e3o Cop30","author_link":"https:\/\/repam.org.br\/cop30\/author\/comunicacaocop30\/"},"rttpg_comment":0,"rttpg_category":"<a href=\"https:\/\/repam.org.br\/cop30\/category\/noticias\/\" rel=\"category tag\">Not\u00edcias<\/a>","rttpg_excerpt":"Oficina visa fortalecer o di\u00e1logo entre comunicadores, lideran\u00e7as e redes em defesa da Amaz\u00f4nia e da justi\u00e7a clim\u00e1tica. A Mobiliza\u00e7\u00e3o dos Povos pela Terra e pelo Clima, articula\u00e7\u00e3o promovida pela REPAM-Brasil rumo \u00e0 COP30, estar\u00e1 presente no 4\u00ba F\u00f3rum Internacional sobre a Amaz\u00f4nia (4\u00ba FIA), que acontece entre os dias 10 e 13 de junho&hellip;","_links":{"self":[{"href":"https:\/\/repam.org.br\/cop30\/wp-json\/wp\/v2\/posts\/16183","targetHints":{"allow":["GET"]}}],"collection":[{"href":"https:\/\/repam.org.br\/cop30\/wp-json\/wp\/v2\/posts"}],"about":[{"href":"https:\/\/repam.org.br\/cop30\/wp-json\/wp\/v2\/types\/post"}],"author":[{"embeddable":true,"href":"https:\/\/repam.org.br\/cop30\/wp-json\/wp\/v2\/users\/3"}],"replies":[{"embeddable":true,"href":"https:\/\/repam.org.br\/cop30\/wp-json\/wp\/v2\/comments?post=16183"}],"version-history":[{"count":2,"href":"https:\/\/repam.org.br\/cop30\/wp-json\/wp\/v2\/posts\/16183\/revisions"}],"predecessor-version":[{"id":16187,"href":"https:\/\/repam.org.br\/cop30\/wp-json\/wp\/v2\/posts\/16183\/revisions\/16187"}],"wp:featuredmedia":[{"embeddable":true,"href":"https:\/\/repam.org.br\/cop30\/wp-json\/wp\/v2\/media\/16188"}],"wp:attachment":[{"href":"https:\/\/repam.org.br\/cop30\/wp-json\/wp\/v2\/media?parent=16183"}],"wp:term":[{"taxonomy":"category","embeddable":true,"href":"https:\/\/repam.org.br\/cop30\/wp-json\/wp\/v2\/categories?post=16183"},{"taxonomy":"post_tag","embeddable":true,"href":"https:\/\/repam.org.br\/cop30\/wp-json\/wp\/v2\/tags?post=16183"}],"curies":[{"name":"wp","href":"https:\/\/api.w.org\/{rel}","templated":true}]}}