{"id":16189,"date":"2025-06-06T18:00:11","date_gmt":"2025-06-06T21:00:11","guid":{"rendered":"https:\/\/repam.org.br\/cop30\/?p=16189"},"modified":"2025-06-09T13:35:06","modified_gmt":"2025-06-09T16:35:06","slug":"mobilizacao-dos-povos-realiza-oficina-em-comunidade-do-maranhao-para-construcao-de-carta-de-demandas-rumo-a-cop30","status":"publish","type":"post","link":"https:\/\/repam.org.br\/cop30\/mobilizacao-dos-povos-realiza-oficina-em-comunidade-do-maranhao-para-construcao-de-carta-de-demandas-rumo-a-cop30\/","title":{"rendered":"Mobiliza\u00e7\u00e3o dos Povos realiza oficina em comunidade do Maranh\u00e3o para constru\u00e7\u00e3o de carta de demandas rumo \u00e0 COP30"},"content":{"rendered":"\n<p class=\"has-medium-font-size\"><em><strong>Encontro na Comunidade Alegria do munic\u00edpio de Timbiras<\/strong><\/em> <em><strong>fortalece vozes dos territ\u00f3rios na luta por justi\u00e7a clim\u00e1tica e soberania dos povos<\/strong><\/em><\/p>\n\n\n\n<p>A Repam Brasil, por meio do projeto Mobiliza\u00e7\u00e3o dos Povos pela Terra e pelo Clima, realizou no dia 1\u00ba de junho uma oficina na comunidade Alegria, no munic\u00edpio de Timbiras (MA). A atividade reuniu cerca de 40 trabalhadores e trabalhadoras de assentamentos locais com o objetivo de construir uma <strong>carta compromisso<\/strong>, expressando as principais demandas e den\u00fancias do territ\u00f3rio. O documento ser\u00e1 levado como instrumento de incid\u00eancia rumo \u00e0 COP30, que acontece em 2025, em Bel\u00e9m (PA).<\/p>\n\n\n\n<blockquote class=\"wp-block-quote is-layout-flow wp-block-quote-is-layout-flow\">\n<p>A maioria dos participantes era composta por mulheres, que denunciaram os impactos da pulveriza\u00e7\u00e3o a\u00e9rea de agrot\u00f3xicos nos igarap\u00e9s da regi\u00e3o. <strong>\u201cO alimento fica comprometido, os peixes morrem, os peixes s\u00e3o afetados e, consequentemente, a comunidade\u201d, registrou a carta produzida coletivamente durante a roda de conversa.<\/strong><\/p>\n<\/blockquote>\n\n\n\n<hr class=\"wp-block-separator has-alpha-channel-opacity\"\/>\n\n\n\n<h3 class=\"wp-block-heading\">Uma metodologia de di\u00e1logo e pertencimento<\/h3>\n\n\n\n<p>A atividade seguiu a metodologia das rodas de conversa adotada pela Repam, que prioriza a escuta ativa, o di\u00e1logo horizontal e a valoriza\u00e7\u00e3o dos saberes populares. As oficinas s\u00e3o realizadas diretamente nas comunidades, com linguagens acess\u00edveis e acolhimento das experi\u00eancias locais \u2014 inclusive por meio da produ\u00e7\u00e3o de desenhos que ilustram os principais desafios e sonhos dos povos.<\/p>\n\n\n\n<blockquote class=\"wp-block-quote is-layout-flow wp-block-quote-is-layout-flow\">\n<p>\u201cOptamos por uma metodologia desenhada, porque as imagens permitem que a pr\u00f3pria comunidade se reconhe\u00e7a nas situa\u00e7\u00f5es retratadas. Isso \u00e9 fundamental em territ\u00f3rios onde o letramento formal ainda \u00e9 limitado. Foi emocionante ver como cada pessoa se identificava com os desenhos e conseguia, por meio deles, nomear os problemas e sonhar solu\u00e7\u00f5es.<\/p>\n<\/blockquote>\n\n\n\n<figure class=\"wp-block-image size-large\"><img fetchpriority=\"high\" decoding=\"async\" width=\"1024\" height=\"660\" src=\"https:\/\/repam.org.br\/cop30\/wp-content\/uploads\/2025\/06\/WhatsApp-Image-2025-06-09-at-11.15.47-1024x660.jpeg\" alt=\"\" class=\"wp-image-16211\" srcset=\"https:\/\/repam.org.br\/cop30\/wp-content\/uploads\/2025\/06\/WhatsApp-Image-2025-06-09-at-11.15.47-1024x660.jpeg 1024w, https:\/\/repam.org.br\/cop30\/wp-content\/uploads\/2025\/06\/WhatsApp-Image-2025-06-09-at-11.15.47-300x193.jpeg 300w, https:\/\/repam.org.br\/cop30\/wp-content\/uploads\/2025\/06\/WhatsApp-Image-2025-06-09-at-11.15.47-768x495.jpeg 768w, https:\/\/repam.org.br\/cop30\/wp-content\/uploads\/2025\/06\/WhatsApp-Image-2025-06-09-at-11.15.47-1536x990.jpeg 1536w, https:\/\/repam.org.br\/cop30\/wp-content\/uploads\/2025\/06\/WhatsApp-Image-2025-06-09-at-11.15.47-2048x1319.jpeg 2048w\" sizes=\"(max-width: 1024px) 100vw, 1024px\" \/><figcaption class=\"wp-element-caption\">Metodologia desenhada da roda de conversa<\/figcaption><\/figure>\n\n\n\n<blockquote class=\"wp-block-quote is-layout-flow wp-block-quote-is-layout-flow\">\n<p>\u201cEstamos indo at\u00e9 o interior do interior das dioceses. Sentamos com os agricultores, comemos juntos, ouvimos as preocupa\u00e7\u00f5es e elaboramos, com eles, as cartas que traduzem seus clamores e sonhos\u201d, afirma Arlete Gomes, coordenadora de projetos da Repam Brasil. \u201c\u00c9 debaixo das \u00e1rvores, nos lugares de encontro das \u00e1guas, que nascem essas propostas que dialogam com temas globais como a fome e as mudan\u00e7as clim\u00e1ticas.\u201d<\/p>\n<\/blockquote>\n\n\n\n<p>Esse processo tamb\u00e9m reconhece e valoriza as potencialidades dos territ\u00f3rios, al\u00e9m de evidenciar os conflitos socioambientais. <strong>\u201cAs rodas de conversa t\u00eam sido uma alternativa fundamental para que possamos ouvir n\u00e3o apenas os problemas, mas tamb\u00e9m as for\u00e7as e iniciativas que resistem no cotidiano das comunidades\u201d, completa Arlete.<\/strong><\/p>\n\n\n\n<h3 class=\"wp-block-heading\">Territ\u00f3rios com hist\u00f3ria, luta e futuro<\/h3>\n\n\n\n<p>A Comunidade Alegria est\u00e1 localizada em um territ\u00f3rio que j\u00e1 foi marcado pela escravid\u00e3o e pelo controle dos fazendeiros. Hoje, os moradores protagonizam um processo de reconstru\u00e7\u00e3o da autonomia, com produ\u00e7\u00e3o agr\u00edcola local, com\u00e9rcio de produtos e fortalecimento da economia popular.<\/p>\n\n\n\n<p>\u201cFoi muito impactante estar reunida com o povo em um territ\u00f3rio que era cativeiro e hoje \u00e9 espa\u00e7o de liberdade e reconstru\u00e7\u00e3o. Esse \u00e9 o sentido da Mobiliza\u00e7\u00e3o dos Povos: escutar, dialogar e construir junto com quem vive os efeitos diretos das mudan\u00e7as clim\u00e1ticas\u201d, reflete Arlete Gomes.<\/p>\n\n\n\n<h3 class=\"wp-block-heading\">Do territ\u00f3rio para os espa\u00e7os de decis\u00e3o<\/h3>\n\n\n\n<p>Ao final da atividade, a comunidade expressou gratid\u00e3o pela escuta e pela constru\u00e7\u00e3o conjunta da carta compromisso, que agora se soma a outras cartas produzidas pela Mobiliza\u00e7\u00e3o em diferentes territ\u00f3rios amaz\u00f4nicos. A expectativa \u00e9 que esses documentos sirvam como ferramentas pol\u00edticas e simb\u00f3licas para levar a voz das comunidades aos espa\u00e7os de debate da COP30 e al\u00e9m.<\/p>\n\n\n\n<figure class=\"wp-block-image size-large\"><img decoding=\"async\" width=\"1024\" height=\"576\" src=\"https:\/\/repam.org.br\/cop30\/wp-content\/uploads\/2025\/06\/WhatsApp-Image-2025-06-05-at-08.30.44-1-1024x576.jpeg\" alt=\"\" class=\"wp-image-16191\" srcset=\"https:\/\/repam.org.br\/cop30\/wp-content\/uploads\/2025\/06\/WhatsApp-Image-2025-06-05-at-08.30.44-1-1024x576.jpeg 1024w, https:\/\/repam.org.br\/cop30\/wp-content\/uploads\/2025\/06\/WhatsApp-Image-2025-06-05-at-08.30.44-1-300x169.jpeg 300w, https:\/\/repam.org.br\/cop30\/wp-content\/uploads\/2025\/06\/WhatsApp-Image-2025-06-05-at-08.30.44-1-768x432.jpeg 768w, https:\/\/repam.org.br\/cop30\/wp-content\/uploads\/2025\/06\/WhatsApp-Image-2025-06-05-at-08.30.44-1-1536x864.jpeg 1536w\" sizes=\"(max-width: 1024px) 100vw, 1024px\" \/><\/figure>\n","protected":false},"excerpt":{"rendered":"<p>Encontro na Comunidade Alegria do munic\u00edpio de Timbiras fortalece vozes dos territ\u00f3rios na luta por justi\u00e7a clim\u00e1tica e soberania dos povos A Repam Brasil, por meio do projeto Mobiliza\u00e7\u00e3o dos Povos pela Terra e pelo Clima, realizou no dia 1\u00ba de junho uma oficina na comunidade Alegria, no munic\u00edpio de Timbiras (MA). A atividade reuniu cerca de 40 trabalhadores e trabalhadoras de assentamentos locais com o objetivo de construir uma carta compromisso, expressando as principais demandas e den\u00fancias do territ\u00f3rio. O documento ser\u00e1 levado como instrumento de incid\u00eancia rumo \u00e0 COP30, que acontece em 2025, em Bel\u00e9m (PA). A maioria dos participantes era composta por mulheres, que denunciaram os impactos da pulveriza\u00e7\u00e3o a\u00e9rea de agrot\u00f3xicos nos igarap\u00e9s da regi\u00e3o. \u201cO alimento fica comprometido, os peixes morrem, os peixes s\u00e3o afetados e, consequentemente, a comunidade\u201d, registrou a carta produzida coletivamente durante a roda de conversa. Uma metodologia de di\u00e1logo e pertencimento A atividade seguiu a metodologia das rodas de conversa adotada pela Repam, que prioriza a escuta ativa, o di\u00e1logo horizontal e a valoriza\u00e7\u00e3o dos saberes populares. As oficinas s\u00e3o realizadas diretamente nas comunidades, com linguagens acess\u00edveis e acolhimento das experi\u00eancias locais \u2014 inclusive por meio da produ\u00e7\u00e3o de desenhos que ilustram os principais desafios e sonhos dos povos. \u201cOptamos por uma metodologia desenhada, porque as imagens permitem que a pr\u00f3pria comunidade se reconhe\u00e7a nas situa\u00e7\u00f5es retratadas. Isso \u00e9 fundamental em territ\u00f3rios onde o letramento formal ainda \u00e9 limitado. Foi emocionante ver como cada pessoa se identificava com os desenhos e conseguia, por meio deles, nomear os problemas e sonhar solu\u00e7\u00f5es. \u201cEstamos indo at\u00e9 o interior do interior das dioceses. Sentamos com os agricultores, comemos juntos, ouvimos as preocupa\u00e7\u00f5es e elaboramos, com eles, as cartas que traduzem seus clamores e sonhos\u201d, afirma Arlete Gomes, coordenadora de projetos da Repam Brasil. \u201c\u00c9 debaixo das \u00e1rvores, nos lugares de encontro das \u00e1guas, que nascem essas propostas que dialogam com temas globais como a fome e as mudan\u00e7as clim\u00e1ticas.\u201d Esse processo tamb\u00e9m reconhece e valoriza as potencialidades dos territ\u00f3rios, al\u00e9m de evidenciar os conflitos socioambientais. \u201cAs rodas de conversa t\u00eam sido uma alternativa fundamental para que possamos ouvir n\u00e3o apenas os problemas, mas tamb\u00e9m as for\u00e7as e iniciativas que resistem no cotidiano das comunidades\u201d, completa Arlete. Territ\u00f3rios com hist\u00f3ria, luta e futuro A Comunidade Alegria est\u00e1 localizada em um territ\u00f3rio que j\u00e1 foi marcado pela escravid\u00e3o e pelo controle dos fazendeiros. Hoje, os moradores protagonizam um processo de reconstru\u00e7\u00e3o da autonomia, com produ\u00e7\u00e3o agr\u00edcola local, com\u00e9rcio de produtos e fortalecimento da economia popular. \u201cFoi muito impactante estar reunida com o povo em um territ\u00f3rio que era cativeiro e hoje \u00e9 espa\u00e7o de liberdade e reconstru\u00e7\u00e3o. Esse \u00e9 o sentido da Mobiliza\u00e7\u00e3o dos Povos: escutar, dialogar e construir junto com quem vive os efeitos diretos das mudan\u00e7as clim\u00e1ticas\u201d, reflete Arlete Gomes. Do territ\u00f3rio para os espa\u00e7os de decis\u00e3o Ao final da atividade, a comunidade expressou gratid\u00e3o pela escuta e pela constru\u00e7\u00e3o conjunta da carta compromisso, que agora se soma a outras cartas produzidas pela Mobiliza\u00e7\u00e3o em diferentes territ\u00f3rios amaz\u00f4nicos. A expectativa \u00e9 que esses documentos sirvam como ferramentas pol\u00edticas e simb\u00f3licas para levar a voz das comunidades aos espa\u00e7os de debate da COP30 e al\u00e9m.<\/p>\n","protected":false},"author":3,"featured_media":16192,"comment_status":"open","ping_status":"open","sticky":false,"template":"","format":"standard","meta":{"footnotes":""},"categories":[5],"tags":[13,14,15,17,18,7,8],"class_list":["post-16189","post","type-post","status-publish","format-standard","has-post-thumbnail","hentry","category-noticias","tag-amazonia","tag-conferencia-do-clima-da-onu","tag-cop-30","tag-mudanca-climatica","tag-populacoes-tradionais","tag-repam","tag-repam-brasil"],"rttpg_featured_image_url":{"full":["https:\/\/repam.org.br\/cop30\/wp-content\/uploads\/2025\/06\/Captura-de-Tela-2025-06-06-as-17.57.25.png",1786,1344,false],"landscape":["https:\/\/repam.org.br\/cop30\/wp-content\/uploads\/2025\/06\/Captura-de-Tela-2025-06-06-as-17.57.25.png",1786,1344,false],"portraits":["https:\/\/repam.org.br\/cop30\/wp-content\/uploads\/2025\/06\/Captura-de-Tela-2025-06-06-as-17.57.25.png",1786,1344,false],"thumbnail":["https:\/\/repam.org.br\/cop30\/wp-content\/uploads\/2025\/06\/Captura-de-Tela-2025-06-06-as-17.57.25-150x150.png",150,150,true],"medium":["https:\/\/repam.org.br\/cop30\/wp-content\/uploads\/2025\/06\/Captura-de-Tela-2025-06-06-as-17.57.25-300x226.png",300,226,true],"large":["https:\/\/repam.org.br\/cop30\/wp-content\/uploads\/2025\/06\/Captura-de-Tela-2025-06-06-as-17.57.25-1024x771.png",800,602,true],"1536x1536":["https:\/\/repam.org.br\/cop30\/wp-content\/uploads\/2025\/06\/Captura-de-Tela-2025-06-06-as-17.57.25-1536x1156.png",1536,1156,true],"2048x2048":["https:\/\/repam.org.br\/cop30\/wp-content\/uploads\/2025\/06\/Captura-de-Tela-2025-06-06-as-17.57.25.png",1786,1344,false]},"rttpg_author":{"display_name":"Comunica\u00e7\u00e3o Cop30","author_link":"https:\/\/repam.org.br\/cop30\/author\/comunicacaocop30\/"},"rttpg_comment":0,"rttpg_category":"<a href=\"https:\/\/repam.org.br\/cop30\/category\/noticias\/\" rel=\"category tag\">Not\u00edcias<\/a>","rttpg_excerpt":"Encontro na Comunidade Alegria do munic\u00edpio de Timbiras fortalece vozes dos territ\u00f3rios na luta por justi\u00e7a clim\u00e1tica e soberania dos povos A Repam Brasil, por meio do projeto Mobiliza\u00e7\u00e3o dos Povos pela Terra e pelo Clima, realizou no dia 1\u00ba de junho uma oficina na comunidade Alegria, no munic\u00edpio de Timbiras (MA). A atividade reuniu&hellip;","_links":{"self":[{"href":"https:\/\/repam.org.br\/cop30\/wp-json\/wp\/v2\/posts\/16189","targetHints":{"allow":["GET"]}}],"collection":[{"href":"https:\/\/repam.org.br\/cop30\/wp-json\/wp\/v2\/posts"}],"about":[{"href":"https:\/\/repam.org.br\/cop30\/wp-json\/wp\/v2\/types\/post"}],"author":[{"embeddable":true,"href":"https:\/\/repam.org.br\/cop30\/wp-json\/wp\/v2\/users\/3"}],"replies":[{"embeddable":true,"href":"https:\/\/repam.org.br\/cop30\/wp-json\/wp\/v2\/comments?post=16189"}],"version-history":[{"count":8,"href":"https:\/\/repam.org.br\/cop30\/wp-json\/wp\/v2\/posts\/16189\/revisions"}],"predecessor-version":[{"id":16214,"href":"https:\/\/repam.org.br\/cop30\/wp-json\/wp\/v2\/posts\/16189\/revisions\/16214"}],"wp:featuredmedia":[{"embeddable":true,"href":"https:\/\/repam.org.br\/cop30\/wp-json\/wp\/v2\/media\/16192"}],"wp:attachment":[{"href":"https:\/\/repam.org.br\/cop30\/wp-json\/wp\/v2\/media?parent=16189"}],"wp:term":[{"taxonomy":"category","embeddable":true,"href":"https:\/\/repam.org.br\/cop30\/wp-json\/wp\/v2\/categories?post=16189"},{"taxonomy":"post_tag","embeddable":true,"href":"https:\/\/repam.org.br\/cop30\/wp-json\/wp\/v2\/tags?post=16189"}],"curies":[{"name":"wp","href":"https:\/\/api.w.org\/{rel}","templated":true}]}}