{"id":16216,"date":"2025-06-17T12:18:54","date_gmt":"2025-06-17T15:18:54","guid":{"rendered":"https:\/\/repam.org.br\/cop30\/?p=16216"},"modified":"2025-06-17T12:18:55","modified_gmt":"2025-06-17T15:18:55","slug":"4o-forum-internacional-da-amazonia-destaca-justica-climatica-e-o-papel-da-comunicacao-popular-nos-territorios","status":"publish","type":"post","link":"https:\/\/repam.org.br\/cop30\/4o-forum-internacional-da-amazonia-destaca-justica-climatica-e-o-papel-da-comunicacao-popular-nos-territorios\/","title":{"rendered":"4\u00ba F\u00f3rum Internacional da Amaz\u00f4nia destaca justi\u00e7a clim\u00e1tica e o papel da comunica\u00e7\u00e3o popular nos territ\u00f3rios"},"content":{"rendered":"\n<p class=\"has-medium-font-size\"><em>Realizado na UnB, o evento reuniu lideran\u00e7as sociais, acad\u00eamicas e governamentais e abriu espa\u00e7o para experi\u00eancias de comunica\u00e7\u00e3o comunit\u00e1ria rumo \u00e0 COP30.<\/em><\/p>\n\n\n\n<p>Realizado entre os dias 10 e 13 de junho na Universidade de Bras\u00edlia (UnB), o 4\u00ba F\u00f3rum Internacional da Amaz\u00f4nia reuniu lideran\u00e7as sociais, acad\u00eamicas, governamentais e representantes de pa\u00edses pan-amaz\u00f4nicos em uma ampla programa\u00e7\u00e3o voltada \u00e0 justi\u00e7a clim\u00e1tica, prote\u00e7\u00e3o dos territ\u00f3rios e valoriza\u00e7\u00e3o dos saberes tradicionais.<\/p>\n\n\n\n<p>Com a presen\u00e7a de povos extrativistas, quilombolas, ind\u00edgenas, ribeirinhos, pesquisadores e ativistas, o F\u00f3rum foi um espa\u00e7o de escuta e articula\u00e7\u00e3o entre diferentes setores comprometidos com a defesa da Amaz\u00f4nia e dos povos que nela vivem.<\/p>\n\n\n\n<p>Ao longo da semana, o evento promoveu debates, oficinas, apresenta\u00e7\u00f5es culturais e rodas de conversa com temas como transi\u00e7\u00e3o ecol\u00f3gica, seguran\u00e7a alimentar, educa\u00e7\u00e3o, juventude, direitos territoriais e enfrentamento \u00e0 crise clim\u00e1tica. Uma feira com produtos da Amaz\u00f4nia tamb\u00e9m integrou a programa\u00e7\u00e3o.<\/p>\n\n\n\n<p><strong>Comunica\u00e7\u00e3o popular como ferramenta de justi\u00e7a clim\u00e1tica<\/strong><\/p>\n\n\n\n<p>No dia 12 de junho, o 4\u00ba F\u00f3rum Internacional sobre a Amaz\u00f4nia contou com a roda de conversa&nbsp;\u201cCOP30 e Amaz\u00f4nia: Comunica\u00e7\u00e3o Popular, Justi\u00e7a Clim\u00e1tica e Prote\u00e7\u00e3o dos Territ\u00f3rios\u201d, reunindo comunicadores de diferentes regi\u00f5es, territ\u00f3rios e trajet\u00f3rias de luta. Participaram da roda Nathalia Purifica\u00e7\u00e3o (CONAQ), Elisa Estronioli (MAB), Marcos Wesley (Tapaj\u00f3s de Fato \/ Comit\u00ea COP30), Let\u00edcia Leite (Vem de \u00c1udio \/ Escola de R\u00e1dio e Clima) e Erisvan Guajajara (Coletivo M\u00eddia Ind\u00edgena).<\/p>\n\n\n\n<p>A atividade foi promovida pela Mobiliza\u00e7\u00e3o COP30, articulada pela REPAM-Brasil, e faz parte de um esfor\u00e7o coletivo de escuta, articula\u00e7\u00e3o e fortalecimento dos territ\u00f3rios rumo \u00e0 Confer\u00eancia do Clima da ONU, que ser\u00e1 realizada em 2025, em Bel\u00e9m do Par\u00e1. Durante a conversa, os participantes compartilharam experi\u00eancias e estrat\u00e9gias que colocam a comunica\u00e7\u00e3o como ferramenta de den\u00fancia, mem\u00f3ria, forma\u00e7\u00e3o pol\u00edtica e mobiliza\u00e7\u00e3o popular.<\/p>\n\n\n\n<p>\u201cElisa Estronioli, do Movimento dos Atingidos por Barragens, destacou que \u2018a comunica\u00e7\u00e3o, pra n\u00f3s, \u00e9 parte da estrat\u00e9gia do movimento. Ela precisa estar nas m\u00e3os da milit\u00e2ncia, ser uma ferramenta viva de organiza\u00e7\u00e3o e den\u00fancia das viola\u00e7\u00f5es que os territ\u00f3rios sofrem\u2019.\u201d<\/p>\n\n\n\n<p>Let\u00edcia Leite, da Escola de R\u00e1dio e Clima da UnB, ressaltou o valor dos espa\u00e7os de forma\u00e7\u00e3o que valorizam a pr\u00e1tica e o aprendizado coletivo: \u201cA gente precisa criar espa\u00e7os de comunica\u00e7\u00e3o onde o erro n\u00e3o seja um problema, onde a gente possa simplesmente se juntar pra falar do que \u00e9 importante pra nossa cultura \u2014 e aprender fazendo.\u201d<\/p>\n\n\n\n<p>Na mesma dire\u00e7\u00e3o, Nathalia Purifica\u00e7\u00e3o, da CONAQ, afirmou: \u201cFortalecer a comunica\u00e7\u00e3o popular \u00e9 fortalecer os territ\u00f3rios. A gente precisa se reconhecer como parte de um ecossistema de presen\u00e7a \u2014 um sistema vivo, diverso, que se comunica no seu tempo, no seu idioma, com sua for\u00e7a ancestral.\u201d<\/p>\n\n\n\n<p>Marcos Wesley, do Tapaj\u00f3s de Fato e do Comit\u00ea COP30, trouxe uma cr\u00edtica \u00e0 forma como o poder p\u00fablico tem comunicado a COP30: \u201cA COP30 n\u00e3o pode ser s\u00f3 uma vitrine de turismo e neg\u00f3cios. O real debate clim\u00e1tico tem que vir dos territ\u00f3rios, das periferias, das comunidades impactadas \u2014 e a comunica\u00e7\u00e3o popular tem o papel de levar essas vozes at\u00e9 onde as decis\u00f5es s\u00e3o tomadas.\u201d<\/p>\n\n\n\n<p>J\u00e1 Erisvan Guajajara, do Coletivo M\u00eddia Ind\u00edgena, apontou que comunicar \u00e9, tamb\u00e9m, um direito coletivo dos povos: \u201cA gente comunica o tempo todo. A comunica\u00e7\u00e3o \u00e9 um direito dos povos ind\u00edgenas e um instrumento de luta. Estamos organizando uma rede de comunicadores ind\u00edgenas para atuar de forma coletiva e estrat\u00e9gica, com foco na defesa dos territ\u00f3rios.\u201d<br><br>Na oficina, a <a href=\"https:\/\/repam.org.br\/cop30\/abc-das-cops\/\"><em>Cartilha ABC das COPs<\/em> \u2014<\/a> iniciativa da Articula\u00e7\u00e3o da REPAM rumo \u00e0 COP30 \u2014 tamb\u00e9m teve destaque como um material acess\u00edvel e did\u00e1tico para abordar os temas da agenda clim\u00e1tica com comunidades e territ\u00f3rios. A proposta da Cartilha \u00e9 democratizar o acesso \u00e0 informa\u00e7\u00e3o, levando para al\u00e9m das salas de reuni\u00e3o os debates sobre clima, para que cheguem diretamente \u00e0s popula\u00e7\u00f5es ind\u00edgenas, tradicionais e perif\u00e9ricas.<\/p>\n\n\n\n<p><em>&#8220;A Cartilha nasceu do compromisso de traduzir uma linguagem t\u00e9cnica em algo que possa ser vivido e discutido nos territ\u00f3rios. \u00c9 uma ferramenta feita para que mais pessoas se reconhe\u00e7am no debate clim\u00e1tico e participem ativamente da constru\u00e7\u00e3o de solu\u00e7\u00f5es.&#8221;<\/em> \u2014 Nat\u00e1lia Mitie, REPAM-Brasil<\/p>\n\n\n\n<p>A roda evidenciou que o fortalecimento das vozes da base \u2014 com suas linguagens, contextos e pr\u00e1ticas pr\u00f3prias \u2014 \u00e9 condi\u00e7\u00e3o fundamental para uma justi\u00e7a clim\u00e1tica que, de fato, reconhe\u00e7a e valorize os povos e territ\u00f3rios da Amaz\u00f4nia.<\/p>\n\n\n\n<div class=\"wp-block-group is-nowrap is-layout-flex wp-container-core-group-is-layout-6c531013 wp-block-group-is-layout-flex\">\n<div class=\"wp-block-columns is-layout-flex wp-container-core-columns-is-layout-28f84493 wp-block-columns-is-layout-flex\">\n<div class=\"wp-block-column is-layout-flow wp-block-column-is-layout-flow\" style=\"flex-basis:100%\">\n<figure class=\"wp-block-gallery has-nested-images columns-default is-cropped wp-block-gallery-1 is-layout-flex wp-block-gallery-is-layout-flex\">\n<figure class=\"wp-block-image size-large\"><img fetchpriority=\"high\" decoding=\"async\" width=\"1024\" height=\"683\" data-id=\"16218\" src=\"https:\/\/repam.org.br\/cop30\/wp-content\/uploads\/2025\/06\/IMG_6202-1024x683.jpg\" alt=\"\" class=\"wp-image-16218\" srcset=\"https:\/\/repam.org.br\/cop30\/wp-content\/uploads\/2025\/06\/IMG_6202-1024x683.jpg 1024w, https:\/\/repam.org.br\/cop30\/wp-content\/uploads\/2025\/06\/IMG_6202-300x200.jpg 300w, https:\/\/repam.org.br\/cop30\/wp-content\/uploads\/2025\/06\/IMG_6202-768x512.jpg 768w, https:\/\/repam.org.br\/cop30\/wp-content\/uploads\/2025\/06\/IMG_6202-1536x1024.jpg 1536w, https:\/\/repam.org.br\/cop30\/wp-content\/uploads\/2025\/06\/IMG_6202-2048x1365.jpg 2048w\" sizes=\"(max-width: 1024px) 100vw, 1024px\" \/><\/figure>\n\n\n\n<figure class=\"wp-block-image size-large\"><img decoding=\"async\" width=\"1024\" height=\"683\" data-id=\"16219\" src=\"https:\/\/repam.org.br\/cop30\/wp-content\/uploads\/2025\/06\/IMG_6221-1024x683.jpg\" alt=\"\" class=\"wp-image-16219\" srcset=\"https:\/\/repam.org.br\/cop30\/wp-content\/uploads\/2025\/06\/IMG_6221-1024x683.jpg 1024w, https:\/\/repam.org.br\/cop30\/wp-content\/uploads\/2025\/06\/IMG_6221-300x200.jpg 300w, https:\/\/repam.org.br\/cop30\/wp-content\/uploads\/2025\/06\/IMG_6221-768x512.jpg 768w, https:\/\/repam.org.br\/cop30\/wp-content\/uploads\/2025\/06\/IMG_6221-1536x1024.jpg 1536w, https:\/\/repam.org.br\/cop30\/wp-content\/uploads\/2025\/06\/IMG_6221-2048x1365.jpg 2048w\" sizes=\"(max-width: 1024px) 100vw, 1024px\" \/><\/figure>\n\n\n\n<figure class=\"wp-block-image size-large\"><img decoding=\"async\" data-id=\"16220\" src=\"https:\/\/repam.org.br\/cop30\/wp-content\/uploads\/2025\/06\/IMG_6224.jpg\" alt=\"\" class=\"wp-image-16220\"\/><\/figure>\n\n\n\n<figure class=\"wp-block-image size-large\"><img decoding=\"async\" width=\"1024\" height=\"683\" data-id=\"16229\" src=\"https:\/\/repam.org.br\/cop30\/wp-content\/uploads\/2025\/06\/IMG_6225-1-1024x683.jpg\" alt=\"\" class=\"wp-image-16229\" srcset=\"https:\/\/repam.org.br\/cop30\/wp-content\/uploads\/2025\/06\/IMG_6225-1-1024x683.jpg 1024w, https:\/\/repam.org.br\/cop30\/wp-content\/uploads\/2025\/06\/IMG_6225-1-300x200.jpg 300w, https:\/\/repam.org.br\/cop30\/wp-content\/uploads\/2025\/06\/IMG_6225-1-768x512.jpg 768w, https:\/\/repam.org.br\/cop30\/wp-content\/uploads\/2025\/06\/IMG_6225-1-1536x1024.jpg 1536w, https:\/\/repam.org.br\/cop30\/wp-content\/uploads\/2025\/06\/IMG_6225-1-2048x1365.jpg 2048w\" sizes=\"(max-width: 1024px) 100vw, 1024px\" \/><\/figure>\n\n\n\n<figure class=\"wp-block-image size-large\"><img decoding=\"async\" data-id=\"16228\" src=\"https:\/\/repam.org.br\/cop30\/wp-content\/uploads\/2025\/06\/IMG_6212-1.jpg\" alt=\"\" class=\"wp-image-16228\"\/><\/figure>\n\n\n\n<figure class=\"wp-block-image size-large\"><img loading=\"lazy\" decoding=\"async\" width=\"1024\" height=\"683\" data-id=\"16223\" src=\"https:\/\/repam.org.br\/cop30\/wp-content\/uploads\/2025\/06\/IMG_6226-1024x683.jpg\" alt=\"\" class=\"wp-image-16223\" srcset=\"https:\/\/repam.org.br\/cop30\/wp-content\/uploads\/2025\/06\/IMG_6226-1024x683.jpg 1024w, https:\/\/repam.org.br\/cop30\/wp-content\/uploads\/2025\/06\/IMG_6226-300x200.jpg 300w, https:\/\/repam.org.br\/cop30\/wp-content\/uploads\/2025\/06\/IMG_6226-768x512.jpg 768w, https:\/\/repam.org.br\/cop30\/wp-content\/uploads\/2025\/06\/IMG_6226-1536x1024.jpg 1536w, https:\/\/repam.org.br\/cop30\/wp-content\/uploads\/2025\/06\/IMG_6226-2048x1365.jpg 2048w\" sizes=\"(max-width: 1024px) 100vw, 1024px\" \/><\/figure>\n<\/figure>\n<\/div>\n<\/div>\n<\/div>\n","protected":false},"excerpt":{"rendered":"<p>Realizado na UnB, o evento reuniu lideran\u00e7as sociais, acad\u00eamicas e governamentais e abriu espa\u00e7o para experi\u00eancias de comunica\u00e7\u00e3o comunit\u00e1ria rumo \u00e0 COP30. Realizado entre os dias 10 e 13 de junho na Universidade de Bras\u00edlia (UnB), o 4\u00ba F\u00f3rum Internacional da Amaz\u00f4nia reuniu lideran\u00e7as sociais, acad\u00eamicas, governamentais e representantes de pa\u00edses pan-amaz\u00f4nicos em uma ampla programa\u00e7\u00e3o voltada \u00e0 justi\u00e7a clim\u00e1tica, prote\u00e7\u00e3o dos territ\u00f3rios e valoriza\u00e7\u00e3o dos saberes tradicionais. Com a presen\u00e7a de povos extrativistas, quilombolas, ind\u00edgenas, ribeirinhos, pesquisadores e ativistas, o F\u00f3rum foi um espa\u00e7o de escuta e articula\u00e7\u00e3o entre diferentes setores comprometidos com a defesa da Amaz\u00f4nia e dos povos que nela vivem. Ao longo da semana, o evento promoveu debates, oficinas, apresenta\u00e7\u00f5es culturais e rodas de conversa com temas como transi\u00e7\u00e3o ecol\u00f3gica, seguran\u00e7a alimentar, educa\u00e7\u00e3o, juventude, direitos territoriais e enfrentamento \u00e0 crise clim\u00e1tica. Uma feira com produtos da Amaz\u00f4nia tamb\u00e9m integrou a programa\u00e7\u00e3o. Comunica\u00e7\u00e3o popular como ferramenta de justi\u00e7a clim\u00e1tica No dia 12 de junho, o 4\u00ba F\u00f3rum Internacional sobre a Amaz\u00f4nia contou com a roda de conversa&nbsp;\u201cCOP30 e Amaz\u00f4nia: Comunica\u00e7\u00e3o Popular, Justi\u00e7a Clim\u00e1tica e Prote\u00e7\u00e3o dos Territ\u00f3rios\u201d, reunindo comunicadores de diferentes regi\u00f5es, territ\u00f3rios e trajet\u00f3rias de luta. Participaram da roda Nathalia Purifica\u00e7\u00e3o (CONAQ), Elisa Estronioli (MAB), Marcos Wesley (Tapaj\u00f3s de Fato \/ Comit\u00ea COP30), Let\u00edcia Leite (Vem de \u00c1udio \/ Escola de R\u00e1dio e Clima) e Erisvan Guajajara (Coletivo M\u00eddia Ind\u00edgena). A atividade foi promovida pela Mobiliza\u00e7\u00e3o COP30, articulada pela REPAM-Brasil, e faz parte de um esfor\u00e7o coletivo de escuta, articula\u00e7\u00e3o e fortalecimento dos territ\u00f3rios rumo \u00e0 Confer\u00eancia do Clima da ONU, que ser\u00e1 realizada em 2025, em Bel\u00e9m do Par\u00e1. Durante a conversa, os participantes compartilharam experi\u00eancias e estrat\u00e9gias que colocam a comunica\u00e7\u00e3o como ferramenta de den\u00fancia, mem\u00f3ria, forma\u00e7\u00e3o pol\u00edtica e mobiliza\u00e7\u00e3o popular. \u201cElisa Estronioli, do Movimento dos Atingidos por Barragens, destacou que \u2018a comunica\u00e7\u00e3o, pra n\u00f3s, \u00e9 parte da estrat\u00e9gia do movimento. Ela precisa estar nas m\u00e3os da milit\u00e2ncia, ser uma ferramenta viva de organiza\u00e7\u00e3o e den\u00fancia das viola\u00e7\u00f5es que os territ\u00f3rios sofrem\u2019.\u201d Let\u00edcia Leite, da Escola de R\u00e1dio e Clima da UnB, ressaltou o valor dos espa\u00e7os de forma\u00e7\u00e3o que valorizam a pr\u00e1tica e o aprendizado coletivo: \u201cA gente precisa criar espa\u00e7os de comunica\u00e7\u00e3o onde o erro n\u00e3o seja um problema, onde a gente possa simplesmente se juntar pra falar do que \u00e9 importante pra nossa cultura \u2014 e aprender fazendo.\u201d Na mesma dire\u00e7\u00e3o, Nathalia Purifica\u00e7\u00e3o, da CONAQ, afirmou: \u201cFortalecer a comunica\u00e7\u00e3o popular \u00e9 fortalecer os territ\u00f3rios. A gente precisa se reconhecer como parte de um ecossistema de presen\u00e7a \u2014 um sistema vivo, diverso, que se comunica no seu tempo, no seu idioma, com sua for\u00e7a ancestral.\u201d Marcos Wesley, do Tapaj\u00f3s de Fato e do Comit\u00ea COP30, trouxe uma cr\u00edtica \u00e0 forma como o poder p\u00fablico tem comunicado a COP30: \u201cA COP30 n\u00e3o pode ser s\u00f3 uma vitrine de turismo e neg\u00f3cios. O real debate clim\u00e1tico tem que vir dos territ\u00f3rios, das periferias, das comunidades impactadas \u2014 e a comunica\u00e7\u00e3o popular tem o papel de levar essas vozes at\u00e9 onde as decis\u00f5es s\u00e3o tomadas.\u201d J\u00e1 Erisvan Guajajara, do Coletivo M\u00eddia Ind\u00edgena, apontou que comunicar \u00e9, tamb\u00e9m, um direito coletivo dos povos: \u201cA gente comunica o tempo todo. A comunica\u00e7\u00e3o \u00e9 um direito dos povos ind\u00edgenas e um instrumento de luta. Estamos organizando uma rede de comunicadores ind\u00edgenas para atuar de forma coletiva e estrat\u00e9gica, com foco na defesa dos territ\u00f3rios.\u201d Na oficina, a Cartilha ABC das COPs \u2014 iniciativa da Articula\u00e7\u00e3o da REPAM rumo \u00e0 COP30 \u2014 tamb\u00e9m teve destaque como um material acess\u00edvel e did\u00e1tico para abordar os temas da agenda clim\u00e1tica com comunidades e territ\u00f3rios. A proposta da Cartilha \u00e9 democratizar o acesso \u00e0 informa\u00e7\u00e3o, levando para al\u00e9m das salas de reuni\u00e3o os debates sobre clima, para que cheguem diretamente \u00e0s popula\u00e7\u00f5es ind\u00edgenas, tradicionais e perif\u00e9ricas. &#8220;A Cartilha nasceu do compromisso de traduzir uma linguagem t\u00e9cnica em algo que possa ser vivido e discutido nos territ\u00f3rios. \u00c9 uma ferramenta feita para que mais pessoas se reconhe\u00e7am no debate clim\u00e1tico e participem ativamente da constru\u00e7\u00e3o de solu\u00e7\u00f5es.&#8221; \u2014 Nat\u00e1lia Mitie, REPAM-Brasil A roda evidenciou que o fortalecimento das vozes da base \u2014 com suas linguagens, contextos e pr\u00e1ticas pr\u00f3prias \u2014 \u00e9 condi\u00e7\u00e3o fundamental para uma justi\u00e7a clim\u00e1tica que, de fato, reconhe\u00e7a e valorize os povos e territ\u00f3rios da Amaz\u00f4nia.<\/p>\n","protected":false},"author":3,"featured_media":16217,"comment_status":"open","ping_status":"open","sticky":false,"template":"","format":"standard","meta":{"footnotes":""},"categories":[5],"tags":[13,14,15,16,42,36,43,17,18,19,7,8],"class_list":["post-16216","post","type-post","status-publish","format-standard","has-post-thumbnail","hentry","category-noticias","tag-amazonia","tag-conferencia-do-clima-da-onu","tag-cop-30","tag-cupula-dos-povos","tag-m","tag-mab","tag-midia-indigena","tag-mudanca-climatica","tag-populacoes-tradionais","tag-povos-indigenas","tag-repam","tag-repam-brasil"],"rttpg_featured_image_url":{"full":["https:\/\/repam.org.br\/cop30\/wp-content\/uploads\/2025\/06\/IMG_6222-scaled.jpg",2560,1707,false],"landscape":["https:\/\/repam.org.br\/cop30\/wp-content\/uploads\/2025\/06\/IMG_6222-scaled.jpg",2560,1707,false],"portraits":["https:\/\/repam.org.br\/cop30\/wp-content\/uploads\/2025\/06\/IMG_6222-scaled.jpg",2560,1707,false],"thumbnail":["https:\/\/repam.org.br\/cop30\/wp-content\/uploads\/2025\/06\/IMG_6222-150x150.jpg",150,150,true],"medium":["https:\/\/repam.org.br\/cop30\/wp-content\/uploads\/2025\/06\/IMG_6222-300x200.jpg",300,200,true],"large":["https:\/\/repam.org.br\/cop30\/wp-content\/uploads\/2025\/06\/IMG_6222-1024x683.jpg",800,534,true],"1536x1536":["https:\/\/repam.org.br\/cop30\/wp-content\/uploads\/2025\/06\/IMG_6222-1536x1024.jpg",1536,1024,true],"2048x2048":["https:\/\/repam.org.br\/cop30\/wp-content\/uploads\/2025\/06\/IMG_6222-2048x1365.jpg",2048,1365,true]},"rttpg_author":{"display_name":"Comunica\u00e7\u00e3o Cop30","author_link":"https:\/\/repam.org.br\/cop30\/author\/comunicacaocop30\/"},"rttpg_comment":0,"rttpg_category":"<a href=\"https:\/\/repam.org.br\/cop30\/category\/noticias\/\" rel=\"category tag\">Not\u00edcias<\/a>","rttpg_excerpt":"Realizado na UnB, o evento reuniu lideran\u00e7as sociais, acad\u00eamicas e governamentais e abriu espa\u00e7o para experi\u00eancias de comunica\u00e7\u00e3o comunit\u00e1ria rumo \u00e0 COP30. Realizado entre os dias 10 e 13 de junho na Universidade de Bras\u00edlia (UnB), o 4\u00ba F\u00f3rum Internacional da Amaz\u00f4nia reuniu lideran\u00e7as sociais, acad\u00eamicas, governamentais e representantes de pa\u00edses pan-amaz\u00f4nicos em uma ampla&hellip;","_links":{"self":[{"href":"https:\/\/repam.org.br\/cop30\/wp-json\/wp\/v2\/posts\/16216","targetHints":{"allow":["GET"]}}],"collection":[{"href":"https:\/\/repam.org.br\/cop30\/wp-json\/wp\/v2\/posts"}],"about":[{"href":"https:\/\/repam.org.br\/cop30\/wp-json\/wp\/v2\/types\/post"}],"author":[{"embeddable":true,"href":"https:\/\/repam.org.br\/cop30\/wp-json\/wp\/v2\/users\/3"}],"replies":[{"embeddable":true,"href":"https:\/\/repam.org.br\/cop30\/wp-json\/wp\/v2\/comments?post=16216"}],"version-history":[{"count":1,"href":"https:\/\/repam.org.br\/cop30\/wp-json\/wp\/v2\/posts\/16216\/revisions"}],"predecessor-version":[{"id":16230,"href":"https:\/\/repam.org.br\/cop30\/wp-json\/wp\/v2\/posts\/16216\/revisions\/16230"}],"wp:featuredmedia":[{"embeddable":true,"href":"https:\/\/repam.org.br\/cop30\/wp-json\/wp\/v2\/media\/16217"}],"wp:attachment":[{"href":"https:\/\/repam.org.br\/cop30\/wp-json\/wp\/v2\/media?parent=16216"}],"wp:term":[{"taxonomy":"category","embeddable":true,"href":"https:\/\/repam.org.br\/cop30\/wp-json\/wp\/v2\/categories?post=16216"},{"taxonomy":"post_tag","embeddable":true,"href":"https:\/\/repam.org.br\/cop30\/wp-json\/wp\/v2\/tags?post=16216"}],"curies":[{"name":"wp","href":"https:\/\/api.w.org\/{rel}","templated":true}]}}