{"id":16232,"date":"2025-07-04T16:09:08","date_gmt":"2025-07-04T19:09:08","guid":{"rendered":"https:\/\/repam.org.br\/cop30\/?p=16232"},"modified":"2025-07-04T16:09:08","modified_gmt":"2025-07-04T19:09:08","slug":"boletim-trimestral-mobilizacao-dos-povos-pela-terra-e-pelo-clima","status":"publish","type":"post","link":"https:\/\/repam.org.br\/cop30\/boletim-trimestral-mobilizacao-dos-povos-pela-terra-e-pelo-clima\/","title":{"rendered":"Boletim Trimestral | Mobiliza\u00e7\u00e3o dos Povos pela Terra e pelo Clima"},"content":{"rendered":"\n<p>De abril a junho de 2025, a mobiliza\u00e7\u00e3o seguiu firme no prop\u00f3sito de escutar os territ\u00f3rios, fortalecer o protagonismo popular e levar as vozes da Amaz\u00f4nia ao centro do debate clim\u00e1tico global. \u00c0 medida que nos aproximamos da COP30, os encontros, rodas de conversa, forma\u00e7\u00f5es e a\u00e7\u00f5es de incid\u00eancia se intensificam, conectando comunidades tradicionais, juventudes, organiza\u00e7\u00f5es sociais e movimentos populares em um grande esfor\u00e7o coletivo por justi\u00e7a clim\u00e1tica.<\/p>\n\n\n\n<p>Nesta edi\u00e7\u00e3o do boletim, destacamos momentos potentes de articula\u00e7\u00e3o nos estados do Par\u00e1 e Maranh\u00e3o \u2014 com a carta de demandas sendo constru\u00edda coletivamente, den\u00fancias de racismo ambiental, protagonismo feminino e juvenil, forma\u00e7\u00f5es em escolas e f\u00f3runs internacionais. A comunica\u00e7\u00e3o popular e a escuta ativa seguem como ferramentas centrais na constru\u00e7\u00e3o de solu\u00e7\u00f5es reais e enraizadas nos territ\u00f3rios.<\/p>\n\n\n\n<p>Acesse o boletim completo e acompanhe essa mobiliza\u00e7\u00e3o que nasce das florestas, das \u00e1guas e das periferias para transformar o mundo com justi\u00e7a, mem\u00f3ria e cuidado.<\/p>\n\n\n\n<p><a href=\"https:\/\/repambrasil-my.sharepoint.com\/:b:\/g\/personal\/comunicacaocop30_repam_org_br\/EVhmUgIfESxNiSXDgUFR8UwBenw9B4UDL24a-Icj8ka4DQ?e=rt1VBU\">Acesse aqui o Boletim Trimestral 2\/2025<\/a><\/p>\n\n\n\n<p><\/p>\n","protected":false},"excerpt":{"rendered":"<p>De abril a junho de 2025, a mobiliza\u00e7\u00e3o seguiu firme no prop\u00f3sito de escutar os territ\u00f3rios, fortalecer o protagonismo popular e levar as vozes da Amaz\u00f4nia ao centro do debate clim\u00e1tico global. \u00c0 medida que nos aproximamos da COP30, os encontros, rodas de conversa, forma\u00e7\u00f5es e a\u00e7\u00f5es de incid\u00eancia se intensificam, conectando comunidades tradicionais, juventudes, organiza\u00e7\u00f5es sociais e movimentos populares em um grande esfor\u00e7o coletivo por justi\u00e7a clim\u00e1tica. Nesta edi\u00e7\u00e3o do boletim, destacamos momentos potentes de articula\u00e7\u00e3o nos estados do Par\u00e1 e Maranh\u00e3o \u2014 com a carta de demandas sendo constru\u00edda coletivamente, den\u00fancias de racismo ambiental, protagonismo feminino e juvenil, forma\u00e7\u00f5es em escolas e f\u00f3runs internacionais. A comunica\u00e7\u00e3o popular e a escuta ativa seguem como ferramentas centrais na constru\u00e7\u00e3o de solu\u00e7\u00f5es reais e enraizadas nos territ\u00f3rios. Acesse o boletim completo e acompanhe essa mobiliza\u00e7\u00e3o que nasce das florestas, das \u00e1guas e das periferias para transformar o mundo com justi\u00e7a, mem\u00f3ria e cuidado. Acesse aqui o Boletim Trimestral 2\/2025<\/p>\n","protected":false},"author":3,"featured_media":16233,"comment_status":"open","ping_status":"open","sticky":false,"template":"","format":"standard","meta":{"footnotes":""},"categories":[5],"tags":[13,14,15,17,18,19,7,8],"class_list":["post-16232","post","type-post","status-publish","format-standard","has-post-thumbnail","hentry","category-noticias","tag-amazonia","tag-conferencia-do-clima-da-onu","tag-cop-30","tag-mudanca-climatica","tag-populacoes-tradionais","tag-povos-indigenas","tag-repam","tag-repam-brasil"],"rttpg_featured_image_url":{"full":["https:\/\/repam.org.br\/cop30\/wp-content\/uploads\/2025\/07\/WhatsApp-Image-2025-07-02-at-12.00.38.jpeg",954,477,false],"landscape":["https:\/\/repam.org.br\/cop30\/wp-content\/uploads\/2025\/07\/WhatsApp-Image-2025-07-02-at-12.00.38.jpeg",954,477,false],"portraits":["https:\/\/repam.org.br\/cop30\/wp-content\/uploads\/2025\/07\/WhatsApp-Image-2025-07-02-at-12.00.38.jpeg",954,477,false],"thumbnail":["https:\/\/repam.org.br\/cop30\/wp-content\/uploads\/2025\/07\/WhatsApp-Image-2025-07-02-at-12.00.38-150x150.jpeg",150,150,true],"medium":["https:\/\/repam.org.br\/cop30\/wp-content\/uploads\/2025\/07\/WhatsApp-Image-2025-07-02-at-12.00.38-300x150.jpeg",300,150,true],"large":["https:\/\/repam.org.br\/cop30\/wp-content\/uploads\/2025\/07\/WhatsApp-Image-2025-07-02-at-12.00.38.jpeg",800,400,false],"1536x1536":["https:\/\/repam.org.br\/cop30\/wp-content\/uploads\/2025\/07\/WhatsApp-Image-2025-07-02-at-12.00.38.jpeg",954,477,false],"2048x2048":["https:\/\/repam.org.br\/cop30\/wp-content\/uploads\/2025\/07\/WhatsApp-Image-2025-07-02-at-12.00.38.jpeg",954,477,false]},"rttpg_author":{"display_name":"Comunica\u00e7\u00e3o Cop30","author_link":"https:\/\/repam.org.br\/cop30\/author\/comunicacaocop30\/"},"rttpg_comment":0,"rttpg_category":"<a href=\"https:\/\/repam.org.br\/cop30\/category\/noticias\/\" rel=\"category tag\">Not\u00edcias<\/a>","rttpg_excerpt":"De abril a junho de 2025, a mobiliza\u00e7\u00e3o seguiu firme no prop\u00f3sito de escutar os territ\u00f3rios, fortalecer o protagonismo popular e levar as vozes da Amaz\u00f4nia ao centro do debate clim\u00e1tico global. \u00c0 medida que nos aproximamos da COP30, os encontros, rodas de conversa, forma\u00e7\u00f5es e a\u00e7\u00f5es de incid\u00eancia se intensificam, conectando comunidades tradicionais, juventudes,&hellip;","_links":{"self":[{"href":"https:\/\/repam.org.br\/cop30\/wp-json\/wp\/v2\/posts\/16232","targetHints":{"allow":["GET"]}}],"collection":[{"href":"https:\/\/repam.org.br\/cop30\/wp-json\/wp\/v2\/posts"}],"about":[{"href":"https:\/\/repam.org.br\/cop30\/wp-json\/wp\/v2\/types\/post"}],"author":[{"embeddable":true,"href":"https:\/\/repam.org.br\/cop30\/wp-json\/wp\/v2\/users\/3"}],"replies":[{"embeddable":true,"href":"https:\/\/repam.org.br\/cop30\/wp-json\/wp\/v2\/comments?post=16232"}],"version-history":[{"count":3,"href":"https:\/\/repam.org.br\/cop30\/wp-json\/wp\/v2\/posts\/16232\/revisions"}],"predecessor-version":[{"id":16236,"href":"https:\/\/repam.org.br\/cop30\/wp-json\/wp\/v2\/posts\/16232\/revisions\/16236"}],"wp:featuredmedia":[{"embeddable":true,"href":"https:\/\/repam.org.br\/cop30\/wp-json\/wp\/v2\/media\/16233"}],"wp:attachment":[{"href":"https:\/\/repam.org.br\/cop30\/wp-json\/wp\/v2\/media?parent=16232"}],"wp:term":[{"taxonomy":"category","embeddable":true,"href":"https:\/\/repam.org.br\/cop30\/wp-json\/wp\/v2\/categories?post=16232"},{"taxonomy":"post_tag","embeddable":true,"href":"https:\/\/repam.org.br\/cop30\/wp-json\/wp\/v2\/tags?post=16232"}],"curies":[{"name":"wp","href":"https:\/\/api.w.org\/{rel}","templated":true}]}}