{"id":16238,"date":"2025-07-11T14:34:53","date_gmt":"2025-07-11T17:34:53","guid":{"rendered":"https:\/\/repam.org.br\/cop30\/?p=16238"},"modified":"2025-07-11T14:34:54","modified_gmt":"2025-07-11T17:34:54","slug":"repam-cop30-participa-de-evento-sobre-as-contribuicoes-da-amazonia-para-a-cop30","status":"publish","type":"post","link":"https:\/\/repam.org.br\/cop30\/repam-cop30-participa-de-evento-sobre-as-contribuicoes-da-amazonia-para-a-cop30\/","title":{"rendered":"REPAM-COP30 participa de evento sobre as contribui\u00e7\u00f5es da Amaz\u00f4nia para a COP30"},"content":{"rendered":"\n<p>REPAM-COP30 participa de evento sobre as contribui\u00e7\u00f5es da Amaz\u00f4nia para a COP30<br>Nos dias 2 e 3 de julho, a Articula\u00e7\u00e3o REPAM-COP30 marcou presen\u00e7a no evento \u201cAs Contribui\u00e7\u00f5es da Amaz\u00f4nia para a COP30\u201d, promovido pela Comiss\u00e3o Executiva da COP30 da Universidade Federal do Par\u00e1 (UFPA), em Bel\u00e9m.<br><br>O encontro reuniu acad\u00eamicos, representantes pol\u00edticos e movimentos sociais para um debate qualificado sobre o papel estrat\u00e9gico da Amaz\u00f4nia no enfrentamento das mudan\u00e7as clim\u00e1ticas. A programa\u00e7\u00e3o contou com a participa\u00e7\u00e3o de diversas iniciativas da sociedade civil, como a C\u00fapula dos Povos, que articula a mobiliza\u00e7\u00e3o popular rumo \u00e0 COP30.<\/p>\n\n\n\n<p>A presen\u00e7a da REPAM-COP30 refor\u00e7a o compromisso da rede com a escuta dos territ\u00f3rios, o di\u00e1logo interinstitucional e a constru\u00e7\u00e3o de propostas concretas a partir da realidade amaz\u00f4nica para a confer\u00eancia que ser\u00e1 realizada em 2025.<\/p>\n\n\n\n<figure class=\"wp-block-image size-large\"><img fetchpriority=\"high\" decoding=\"async\" width=\"1024\" height=\"768\" src=\"https:\/\/repam.org.br\/cop30\/wp-content\/uploads\/2025\/07\/WhatsApp-Image-2025-07-11-at-11.18.31-1-1024x768.jpeg\" alt=\"\" class=\"wp-image-16241\" srcset=\"https:\/\/repam.org.br\/cop30\/wp-content\/uploads\/2025\/07\/WhatsApp-Image-2025-07-11-at-11.18.31-1-1024x768.jpeg 1024w, https:\/\/repam.org.br\/cop30\/wp-content\/uploads\/2025\/07\/WhatsApp-Image-2025-07-11-at-11.18.31-1-300x225.jpeg 300w, https:\/\/repam.org.br\/cop30\/wp-content\/uploads\/2025\/07\/WhatsApp-Image-2025-07-11-at-11.18.31-1-768x576.jpeg 768w, https:\/\/repam.org.br\/cop30\/wp-content\/uploads\/2025\/07\/WhatsApp-Image-2025-07-11-at-11.18.31-1-1536x1152.jpeg 1536w, https:\/\/repam.org.br\/cop30\/wp-content\/uploads\/2025\/07\/WhatsApp-Image-2025-07-11-at-11.18.31-1.jpeg 1600w\" sizes=\"(max-width: 1024px) 100vw, 1024px\" \/><\/figure>\n\n\n\n<figure class=\"wp-block-image size-large\"><img decoding=\"async\" width=\"1024\" height=\"768\" src=\"https:\/\/repam.org.br\/cop30\/wp-content\/uploads\/2025\/07\/WhatsApp-Image-2025-07-11-at-11.18.32-1-1024x768.jpeg\" alt=\"\" class=\"wp-image-16240\" srcset=\"https:\/\/repam.org.br\/cop30\/wp-content\/uploads\/2025\/07\/WhatsApp-Image-2025-07-11-at-11.18.32-1-1024x768.jpeg 1024w, https:\/\/repam.org.br\/cop30\/wp-content\/uploads\/2025\/07\/WhatsApp-Image-2025-07-11-at-11.18.32-1-300x225.jpeg 300w, https:\/\/repam.org.br\/cop30\/wp-content\/uploads\/2025\/07\/WhatsApp-Image-2025-07-11-at-11.18.32-1-768x576.jpeg 768w, https:\/\/repam.org.br\/cop30\/wp-content\/uploads\/2025\/07\/WhatsApp-Image-2025-07-11-at-11.18.32-1-1536x1152.jpeg 1536w, https:\/\/repam.org.br\/cop30\/wp-content\/uploads\/2025\/07\/WhatsApp-Image-2025-07-11-at-11.18.32-1.jpeg 1600w\" sizes=\"(max-width: 1024px) 100vw, 1024px\" \/><\/figure>\n","protected":false},"excerpt":{"rendered":"<p>REPAM-COP30 participa de evento sobre as contribui\u00e7\u00f5es da Amaz\u00f4nia para a COP30Nos dias 2 e 3 de julho, a Articula\u00e7\u00e3o REPAM-COP30 marcou presen\u00e7a no evento \u201cAs Contribui\u00e7\u00f5es da Amaz\u00f4nia para a COP30\u201d, promovido pela Comiss\u00e3o Executiva da COP30 da Universidade Federal do Par\u00e1 (UFPA), em Bel\u00e9m. O encontro reuniu acad\u00eamicos, representantes pol\u00edticos e movimentos sociais para um debate qualificado sobre o papel estrat\u00e9gico da Amaz\u00f4nia no enfrentamento das mudan\u00e7as clim\u00e1ticas. A programa\u00e7\u00e3o contou com a participa\u00e7\u00e3o de diversas iniciativas da sociedade civil, como a C\u00fapula dos Povos, que articula a mobiliza\u00e7\u00e3o popular rumo \u00e0 COP30. A presen\u00e7a da REPAM-COP30 refor\u00e7a o compromisso da rede com a escuta dos territ\u00f3rios, o di\u00e1logo interinstitucional e a constru\u00e7\u00e3o de propostas concretas a partir da realidade amaz\u00f4nica para a confer\u00eancia que ser\u00e1 realizada em 2025.<\/p>\n","protected":false},"author":3,"featured_media":16239,"comment_status":"open","ping_status":"open","sticky":false,"template":"","format":"standard","meta":{"footnotes":""},"categories":[5],"tags":[13,14,15,17,18,19,7,8],"class_list":["post-16238","post","type-post","status-publish","format-standard","has-post-thumbnail","hentry","category-noticias","tag-amazonia","tag-conferencia-do-clima-da-onu","tag-cop-30","tag-mudanca-climatica","tag-populacoes-tradionais","tag-povos-indigenas","tag-repam","tag-repam-brasil"],"rttpg_featured_image_url":{"full":["https:\/\/repam.org.br\/cop30\/wp-content\/uploads\/2025\/07\/WhatsApp-Image-2025-07-11-at-11.18.32.jpeg",1600,1200,false],"landscape":["https:\/\/repam.org.br\/cop30\/wp-content\/uploads\/2025\/07\/WhatsApp-Image-2025-07-11-at-11.18.32.jpeg",1600,1200,false],"portraits":["https:\/\/repam.org.br\/cop30\/wp-content\/uploads\/2025\/07\/WhatsApp-Image-2025-07-11-at-11.18.32.jpeg",1600,1200,false],"thumbnail":["https:\/\/repam.org.br\/cop30\/wp-content\/uploads\/2025\/07\/WhatsApp-Image-2025-07-11-at-11.18.32-150x150.jpeg",150,150,true],"medium":["https:\/\/repam.org.br\/cop30\/wp-content\/uploads\/2025\/07\/WhatsApp-Image-2025-07-11-at-11.18.32-300x225.jpeg",300,225,true],"large":["https:\/\/repam.org.br\/cop30\/wp-content\/uploads\/2025\/07\/WhatsApp-Image-2025-07-11-at-11.18.32-1024x768.jpeg",800,600,true],"1536x1536":["https:\/\/repam.org.br\/cop30\/wp-content\/uploads\/2025\/07\/WhatsApp-Image-2025-07-11-at-11.18.32-1536x1152.jpeg",1536,1152,true],"2048x2048":["https:\/\/repam.org.br\/cop30\/wp-content\/uploads\/2025\/07\/WhatsApp-Image-2025-07-11-at-11.18.32.jpeg",1600,1200,false]},"rttpg_author":{"display_name":"Comunica\u00e7\u00e3o Cop30","author_link":"https:\/\/repam.org.br\/cop30\/author\/comunicacaocop30\/"},"rttpg_comment":0,"rttpg_category":"<a href=\"https:\/\/repam.org.br\/cop30\/category\/noticias\/\" rel=\"category tag\">Not\u00edcias<\/a>","rttpg_excerpt":"REPAM-COP30 participa de evento sobre as contribui\u00e7\u00f5es da Amaz\u00f4nia para a COP30Nos dias 2 e 3 de julho, a Articula\u00e7\u00e3o REPAM-COP30 marcou presen\u00e7a no evento \u201cAs Contribui\u00e7\u00f5es da Amaz\u00f4nia para a COP30\u201d, promovido pela Comiss\u00e3o Executiva da COP30 da Universidade Federal do Par\u00e1 (UFPA), em Bel\u00e9m. O encontro reuniu acad\u00eamicos, representantes pol\u00edticos e movimentos sociais&hellip;","_links":{"self":[{"href":"https:\/\/repam.org.br\/cop30\/wp-json\/wp\/v2\/posts\/16238","targetHints":{"allow":["GET"]}}],"collection":[{"href":"https:\/\/repam.org.br\/cop30\/wp-json\/wp\/v2\/posts"}],"about":[{"href":"https:\/\/repam.org.br\/cop30\/wp-json\/wp\/v2\/types\/post"}],"author":[{"embeddable":true,"href":"https:\/\/repam.org.br\/cop30\/wp-json\/wp\/v2\/users\/3"}],"replies":[{"embeddable":true,"href":"https:\/\/repam.org.br\/cop30\/wp-json\/wp\/v2\/comments?post=16238"}],"version-history":[{"count":1,"href":"https:\/\/repam.org.br\/cop30\/wp-json\/wp\/v2\/posts\/16238\/revisions"}],"predecessor-version":[{"id":16242,"href":"https:\/\/repam.org.br\/cop30\/wp-json\/wp\/v2\/posts\/16238\/revisions\/16242"}],"wp:featuredmedia":[{"embeddable":true,"href":"https:\/\/repam.org.br\/cop30\/wp-json\/wp\/v2\/media\/16239"}],"wp:attachment":[{"href":"https:\/\/repam.org.br\/cop30\/wp-json\/wp\/v2\/media?parent=16238"}],"wp:term":[{"taxonomy":"category","embeddable":true,"href":"https:\/\/repam.org.br\/cop30\/wp-json\/wp\/v2\/categories?post=16238"},{"taxonomy":"post_tag","embeddable":true,"href":"https:\/\/repam.org.br\/cop30\/wp-json\/wp\/v2\/tags?post=16238"}],"curies":[{"name":"wp","href":"https:\/\/api.w.org\/{rel}","templated":true}]}}