{"id":16243,"date":"2025-07-11T14:40:21","date_gmt":"2025-07-11T17:40:21","guid":{"rendered":"https:\/\/repam.org.br\/cop30\/?p=16243"},"modified":"2025-07-11T15:06:56","modified_gmt":"2025-07-11T18:06:56","slug":"repam-cop30-participa-de-formacao-sobre-justica-climatica-e-direito-a-cidade-em-belem","status":"publish","type":"post","link":"https:\/\/repam.org.br\/cop30\/repam-cop30-participa-de-formacao-sobre-justica-climatica-e-direito-a-cidade-em-belem\/","title":{"rendered":"REPAM-COP30 participa de forma\u00e7\u00e3o sobre Justi\u00e7a Clim\u00e1tica e Direito \u00e0 Cidade em Bel\u00e9m"},"content":{"rendered":"\n<p>No dia 28 de junho, a Articula\u00e7\u00e3o REPAM-COP30 participou do encerramento do Programa de Forma\u00e7\u00e3o de Lideran\u00e7as sobre \u201cDireito \u00e0 Cidade e Justi\u00e7a Clim\u00e1tica na Amaz\u00f4nia\u201d, realizado na Associa\u00e7\u00e3o Cultural Boi Marronzinho, em Bel\u00e9m (PA).<\/p>\n\n\n\n<p>A convite da FASE, o secret\u00e1rio da Articula\u00e7\u00e3o, Eduardo Soares apresentou a proposta da\u00a0<em><a href=\"https:\/\/cupuladospovoscop30.org\/\">C\u00fapula dos Povos rumo \u00e0 COP30<\/a><\/em>, destacando a import\u00e2ncia da organiza\u00e7\u00e3o da sociedade civil diante da crise clim\u00e1tica e do protagonismo dos territ\u00f3rios amaz\u00f4nicos na constru\u00e7\u00e3o de agendas para a confer\u00eancia clim\u00e1tica.<\/p>\n\n\n\n<p>\u201cA forma\u00e7\u00e3o \u00e9 de extrema import\u00e2ncia para ter informa\u00e7\u00f5es acerca do evento em si que \u00e0s vezes carece muito dessa informa\u00e7\u00e3o t\u00e9cnica. Como se d\u00e1 a divis\u00e3o nas discuss\u00f5es, desde o chefe de estado, at\u00e9 outras possibilidades de participa\u00e7\u00e3o, que s\u00e3o zonas por cores. E tamb\u00e9m tentar fazer uma articula\u00e7\u00e3o realizando uma contextualiza\u00e7\u00e3o a partir da realidade do lugar\u201d, refor\u00e7a Francisco Batista, do Coletivo Tela Firme.<\/p>\n\n\n\n<p>A atividade integrou o \u00faltimo m\u00f3dulo da forma\u00e7\u00e3o, que teve como foco a COP30 e seus impactos para a Amaz\u00f4nia e para as popula\u00e7\u00f5es urbanas e perif\u00e9ricas da regi\u00e3o.<\/p>\n\n\n\n<p>C\u00fapula dos Povos<\/p>\n\n\n\n<p>A C\u00fapula dos Povos rumo \u00e0 COP30 \u00e9 um espa\u00e7o aut\u00f4nomo e democr\u00e1tico de articula\u00e7\u00e3o da sociedade civil brasileira e pan-amaz\u00f4nica frente \u00e0 Confer\u00eancia das Partes da ONU sobre Mudan\u00e7as Clim\u00e1ticas (COP30), que ser\u00e1 realizada em 2025, em Bel\u00e9m do Par\u00e1. Inspirada em experi\u00eancias anteriores, como a C\u00fapula dos Povos na Rio+20, a iniciativa re\u00fane movimentos sociais, organiza\u00e7\u00f5es populares, redes e coletivos que lutam por justi\u00e7a clim\u00e1tica, ambiental, social e territorial. Seu objetivo \u00e9 fortalecer a participa\u00e7\u00e3o dos povos e comunidades tradicionais, ind\u00edgenas, quilombolas, ribeirinhos, juventudes e periferias urbanas nos debates sobre a crise clim\u00e1tica, propondo alternativas e solu\u00e7\u00f5es a partir dos territ\u00f3rios.<\/p>\n\n\n\n<figure class=\"wp-block-image size-large\"><img fetchpriority=\"high\" decoding=\"async\" width=\"1024\" height=\"769\" src=\"https:\/\/repam.org.br\/cop30\/wp-content\/uploads\/2025\/07\/WhatsApp-Image-2025-07-11-at-11.30.59-1024x769.jpeg\" alt=\"\" class=\"wp-image-16245\" srcset=\"https:\/\/repam.org.br\/cop30\/wp-content\/uploads\/2025\/07\/WhatsApp-Image-2025-07-11-at-11.30.59-1024x769.jpeg 1024w, https:\/\/repam.org.br\/cop30\/wp-content\/uploads\/2025\/07\/WhatsApp-Image-2025-07-11-at-11.30.59-300x225.jpeg 300w, https:\/\/repam.org.br\/cop30\/wp-content\/uploads\/2025\/07\/WhatsApp-Image-2025-07-11-at-11.30.59-768x576.jpeg 768w, https:\/\/repam.org.br\/cop30\/wp-content\/uploads\/2025\/07\/WhatsApp-Image-2025-07-11-at-11.30.59-1536x1153.jpeg 1536w, https:\/\/repam.org.br\/cop30\/wp-content\/uploads\/2025\/07\/WhatsApp-Image-2025-07-11-at-11.30.59.jpeg 1600w\" sizes=\"(max-width: 1024px) 100vw, 1024px\" \/><\/figure>\n","protected":false},"excerpt":{"rendered":"<p>No dia 28 de junho, a Articula\u00e7\u00e3o REPAM-COP30 participou do encerramento do Programa de Forma\u00e7\u00e3o de Lideran\u00e7as sobre \u201cDireito \u00e0 Cidade e Justi\u00e7a Clim\u00e1tica na Amaz\u00f4nia\u201d, realizado na Associa\u00e7\u00e3o Cultural Boi Marronzinho, em Bel\u00e9m (PA). A convite da FASE, o secret\u00e1rio da Articula\u00e7\u00e3o, Eduardo Soares apresentou a proposta da\u00a0C\u00fapula dos Povos rumo \u00e0 COP30, destacando a import\u00e2ncia da organiza\u00e7\u00e3o da sociedade civil diante da crise clim\u00e1tica e do protagonismo dos territ\u00f3rios amaz\u00f4nicos na constru\u00e7\u00e3o de agendas para a confer\u00eancia clim\u00e1tica. \u201cA forma\u00e7\u00e3o \u00e9 de extrema import\u00e2ncia para ter informa\u00e7\u00f5es acerca do evento em si que \u00e0s vezes carece muito dessa informa\u00e7\u00e3o t\u00e9cnica. Como se d\u00e1 a divis\u00e3o nas discuss\u00f5es, desde o chefe de estado, at\u00e9 outras possibilidades de participa\u00e7\u00e3o, que s\u00e3o zonas por cores. E tamb\u00e9m tentar fazer uma articula\u00e7\u00e3o realizando uma contextualiza\u00e7\u00e3o a partir da realidade do lugar\u201d, refor\u00e7a Francisco Batista, do Coletivo Tela Firme. A atividade integrou o \u00faltimo m\u00f3dulo da forma\u00e7\u00e3o, que teve como foco a COP30 e seus impactos para a Amaz\u00f4nia e para as popula\u00e7\u00f5es urbanas e perif\u00e9ricas da regi\u00e3o. C\u00fapula dos Povos A C\u00fapula dos Povos rumo \u00e0 COP30 \u00e9 um espa\u00e7o aut\u00f4nomo e democr\u00e1tico de articula\u00e7\u00e3o da sociedade civil brasileira e pan-amaz\u00f4nica frente \u00e0 Confer\u00eancia das Partes da ONU sobre Mudan\u00e7as Clim\u00e1ticas (COP30), que ser\u00e1 realizada em 2025, em Bel\u00e9m do Par\u00e1. Inspirada em experi\u00eancias anteriores, como a C\u00fapula dos Povos na Rio+20, a iniciativa re\u00fane movimentos sociais, organiza\u00e7\u00f5es populares, redes e coletivos que lutam por justi\u00e7a clim\u00e1tica, ambiental, social e territorial. Seu objetivo \u00e9 fortalecer a participa\u00e7\u00e3o dos povos e comunidades tradicionais, ind\u00edgenas, quilombolas, ribeirinhos, juventudes e periferias urbanas nos debates sobre a crise clim\u00e1tica, propondo alternativas e solu\u00e7\u00f5es a partir dos territ\u00f3rios.<\/p>\n","protected":false},"author":3,"featured_media":16244,"comment_status":"open","ping_status":"open","sticky":false,"template":"","format":"standard","meta":{"footnotes":""},"categories":[5],"tags":[13,15,16,17,18,19,7,8],"class_list":["post-16243","post","type-post","status-publish","format-standard","has-post-thumbnail","hentry","category-noticias","tag-amazonia","tag-cop-30","tag-cupula-dos-povos","tag-mudanca-climatica","tag-populacoes-tradionais","tag-povos-indigenas","tag-repam","tag-repam-brasil"],"rttpg_featured_image_url":{"full":["https:\/\/repam.org.br\/cop30\/wp-content\/uploads\/2025\/07\/WhatsApp-Image-2025-07-11-at-11.31.01.jpeg",1600,1200,false],"landscape":["https:\/\/repam.org.br\/cop30\/wp-content\/uploads\/2025\/07\/WhatsApp-Image-2025-07-11-at-11.31.01.jpeg",1600,1200,false],"portraits":["https:\/\/repam.org.br\/cop30\/wp-content\/uploads\/2025\/07\/WhatsApp-Image-2025-07-11-at-11.31.01.jpeg",1600,1200,false],"thumbnail":["https:\/\/repam.org.br\/cop30\/wp-content\/uploads\/2025\/07\/WhatsApp-Image-2025-07-11-at-11.31.01-150x150.jpeg",150,150,true],"medium":["https:\/\/repam.org.br\/cop30\/wp-content\/uploads\/2025\/07\/WhatsApp-Image-2025-07-11-at-11.31.01-300x225.jpeg",300,225,true],"large":["https:\/\/repam.org.br\/cop30\/wp-content\/uploads\/2025\/07\/WhatsApp-Image-2025-07-11-at-11.31.01-1024x768.jpeg",800,600,true],"1536x1536":["https:\/\/repam.org.br\/cop30\/wp-content\/uploads\/2025\/07\/WhatsApp-Image-2025-07-11-at-11.31.01-1536x1152.jpeg",1536,1152,true],"2048x2048":["https:\/\/repam.org.br\/cop30\/wp-content\/uploads\/2025\/07\/WhatsApp-Image-2025-07-11-at-11.31.01.jpeg",1600,1200,false]},"rttpg_author":{"display_name":"Comunica\u00e7\u00e3o Cop30","author_link":"https:\/\/repam.org.br\/cop30\/author\/comunicacaocop30\/"},"rttpg_comment":0,"rttpg_category":"<a href=\"https:\/\/repam.org.br\/cop30\/category\/noticias\/\" rel=\"category tag\">Not\u00edcias<\/a>","rttpg_excerpt":"No dia 28 de junho, a Articula\u00e7\u00e3o REPAM-COP30 participou do encerramento do Programa de Forma\u00e7\u00e3o de Lideran\u00e7as sobre \u201cDireito \u00e0 Cidade e Justi\u00e7a Clim\u00e1tica na Amaz\u00f4nia\u201d, realizado na Associa\u00e7\u00e3o Cultural Boi Marronzinho, em Bel\u00e9m (PA). A convite da FASE, o secret\u00e1rio da Articula\u00e7\u00e3o, Eduardo Soares apresentou a proposta da\u00a0C\u00fapula dos Povos rumo \u00e0 COP30, destacando&hellip;","_links":{"self":[{"href":"https:\/\/repam.org.br\/cop30\/wp-json\/wp\/v2\/posts\/16243","targetHints":{"allow":["GET"]}}],"collection":[{"href":"https:\/\/repam.org.br\/cop30\/wp-json\/wp\/v2\/posts"}],"about":[{"href":"https:\/\/repam.org.br\/cop30\/wp-json\/wp\/v2\/types\/post"}],"author":[{"embeddable":true,"href":"https:\/\/repam.org.br\/cop30\/wp-json\/wp\/v2\/users\/3"}],"replies":[{"embeddable":true,"href":"https:\/\/repam.org.br\/cop30\/wp-json\/wp\/v2\/comments?post=16243"}],"version-history":[{"count":2,"href":"https:\/\/repam.org.br\/cop30\/wp-json\/wp\/v2\/posts\/16243\/revisions"}],"predecessor-version":[{"id":16253,"href":"https:\/\/repam.org.br\/cop30\/wp-json\/wp\/v2\/posts\/16243\/revisions\/16253"}],"wp:featuredmedia":[{"embeddable":true,"href":"https:\/\/repam.org.br\/cop30\/wp-json\/wp\/v2\/media\/16244"}],"wp:attachment":[{"href":"https:\/\/repam.org.br\/cop30\/wp-json\/wp\/v2\/media?parent=16243"}],"wp:term":[{"taxonomy":"category","embeddable":true,"href":"https:\/\/repam.org.br\/cop30\/wp-json\/wp\/v2\/categories?post=16243"},{"taxonomy":"post_tag","embeddable":true,"href":"https:\/\/repam.org.br\/cop30\/wp-json\/wp\/v2\/tags?post=16243"}],"curies":[{"name":"wp","href":"https:\/\/api.w.org\/{rel}","templated":true}]}}