{"id":16249,"date":"2025-07-11T14:45:13","date_gmt":"2025-07-11T17:45:13","guid":{"rendered":"https:\/\/repam.org.br\/cop30\/?p=16249"},"modified":"2025-07-11T14:47:00","modified_gmt":"2025-07-11T17:47:00","slug":"repam-cop30-participa-de-pre-conferencia-para-formacao-do-comite-de-bacia-hidrografica-do-rio-acara","status":"publish","type":"post","link":"https:\/\/repam.org.br\/cop30\/repam-cop30-participa-de-pre-conferencia-para-formacao-do-comite-de-bacia-hidrografica-do-rio-acara\/","title":{"rendered":"REPAM-COP30 participa de pr\u00e9-confer\u00eancia para forma\u00e7\u00e3o do Comit\u00ea de Bacia Hidrogr\u00e1fica do Rio Acar\u00e1"},"content":{"rendered":"\n<p>Na segunda-feira, 30 de junho, a Articula\u00e7\u00e3o REPAM-COP30 esteve presente na&nbsp;<em>Pr\u00e9-Confer\u00eancia de Forma\u00e7\u00e3o do Comit\u00ea de Bacia Hidrogr\u00e1fica do Rio Acar\u00e1<\/em>, realizada pelo Minist\u00e9rio P\u00fablico do Estado do Par\u00e1, por meio da Promotoria Agr\u00e1ria, em parceria com a C\u00e1ritas Regional Norte II e a Secretaria Municipal de Meio Ambiente do Acar\u00e1.<\/p>\n\n\n\n<p>O encontro reuniu lideran\u00e7as de territ\u00f3rios quilombolas, agricultoras e agricultores familiares, pescadoras e pescadores, al\u00e9m de pesquisadoras e pesquisadores de universidades e institutos federais. O objetivo foi promover o di\u00e1logo sobre os desafios e solu\u00e7\u00f5es para a gest\u00e3o da \u00e1gua em tempos de crise clim\u00e1tica.<\/p>\n\n\n\n<p>A cria\u00e7\u00e3o do Comit\u00ea de Bacia representa um passo fundamental para a gest\u00e3o democr\u00e1tica e participativa dos recursos h\u00eddricos na regi\u00e3o. Conhecido como o \u201cparlamento das \u00e1guas\u201d, o comit\u00ea permitir\u00e1 que representantes das comunidades e do poder p\u00fablico atuem conjuntamente na media\u00e7\u00e3o de conflitos, no acompanhamento do Plano de Recursos H\u00eddricos da bacia e na tomada de decis\u00f5es com base em uma governan\u00e7a integrada e colaborativa.<\/p>\n","protected":false},"excerpt":{"rendered":"<p>Na segunda-feira, 30 de junho, a Articula\u00e7\u00e3o REPAM-COP30 esteve presente na&nbsp;Pr\u00e9-Confer\u00eancia de Forma\u00e7\u00e3o do Comit\u00ea de Bacia Hidrogr\u00e1fica do Rio Acar\u00e1, realizada pelo Minist\u00e9rio P\u00fablico do Estado do Par\u00e1, por meio da Promotoria Agr\u00e1ria, em parceria com a C\u00e1ritas Regional Norte II e a Secretaria Municipal de Meio Ambiente do Acar\u00e1. O encontro reuniu lideran\u00e7as de territ\u00f3rios quilombolas, agricultoras e agricultores familiares, pescadoras e pescadores, al\u00e9m de pesquisadoras e pesquisadores de universidades e institutos federais. O objetivo foi promover o di\u00e1logo sobre os desafios e solu\u00e7\u00f5es para a gest\u00e3o da \u00e1gua em tempos de crise clim\u00e1tica. A cria\u00e7\u00e3o do Comit\u00ea de Bacia representa um passo fundamental para a gest\u00e3o democr\u00e1tica e participativa dos recursos h\u00eddricos na regi\u00e3o. Conhecido como o \u201cparlamento das \u00e1guas\u201d, o comit\u00ea permitir\u00e1 que representantes das comunidades e do poder p\u00fablico atuem conjuntamente na media\u00e7\u00e3o de conflitos, no acompanhamento do Plano de Recursos H\u00eddricos da bacia e na tomada de decis\u00f5es com base em uma governan\u00e7a integrada e colaborativa.<\/p>\n","protected":false},"author":3,"featured_media":16252,"comment_status":"open","ping_status":"open","sticky":false,"template":"","format":"standard","meta":{"footnotes":""},"categories":[5],"tags":[13,14,15,17,18,19,7,8],"class_list":["post-16249","post","type-post","status-publish","format-standard","has-post-thumbnail","hentry","category-noticias","tag-amazonia","tag-conferencia-do-clima-da-onu","tag-cop-30","tag-mudanca-climatica","tag-populacoes-tradionais","tag-povos-indigenas","tag-repam","tag-repam-brasil"],"rttpg_featured_image_url":{"full":["https:\/\/repam.org.br\/cop30\/wp-content\/uploads\/2025\/07\/WhatsApp-Image-2025-07-11-at-14.27.35-e1752256013125.jpeg",958,1007,false],"landscape":["https:\/\/repam.org.br\/cop30\/wp-content\/uploads\/2025\/07\/WhatsApp-Image-2025-07-11-at-14.27.35-e1752256013125.jpeg",958,1007,false],"portraits":["https:\/\/repam.org.br\/cop30\/wp-content\/uploads\/2025\/07\/WhatsApp-Image-2025-07-11-at-14.27.35-e1752256013125.jpeg",958,1007,false],"thumbnail":["https:\/\/repam.org.br\/cop30\/wp-content\/uploads\/2025\/07\/WhatsApp-Image-2025-07-11-at-14.27.35-e1752256013125-150x150.jpeg",150,150,true],"medium":["https:\/\/repam.org.br\/cop30\/wp-content\/uploads\/2025\/07\/WhatsApp-Image-2025-07-11-at-14.27.35-e1752256013125-285x300.jpeg",285,300,true],"large":["https:\/\/repam.org.br\/cop30\/wp-content\/uploads\/2025\/07\/WhatsApp-Image-2025-07-11-at-14.27.35-770x1024.jpeg",770,1024,true],"1536x1536":["https:\/\/repam.org.br\/cop30\/wp-content\/uploads\/2025\/07\/WhatsApp-Image-2025-07-11-at-14.27.35-e1752256013125.jpeg",958,1007,false],"2048x2048":["https:\/\/repam.org.br\/cop30\/wp-content\/uploads\/2025\/07\/WhatsApp-Image-2025-07-11-at-14.27.35-e1752256013125.jpeg",958,1007,false]},"rttpg_author":{"display_name":"Comunica\u00e7\u00e3o Cop30","author_link":"https:\/\/repam.org.br\/cop30\/author\/comunicacaocop30\/"},"rttpg_comment":0,"rttpg_category":"<a href=\"https:\/\/repam.org.br\/cop30\/category\/noticias\/\" rel=\"category tag\">Not\u00edcias<\/a>","rttpg_excerpt":"Na segunda-feira, 30 de junho, a Articula\u00e7\u00e3o REPAM-COP30 esteve presente na&nbsp;Pr\u00e9-Confer\u00eancia de Forma\u00e7\u00e3o do Comit\u00ea de Bacia Hidrogr\u00e1fica do Rio Acar\u00e1, realizada pelo Minist\u00e9rio P\u00fablico do Estado do Par\u00e1, por meio da Promotoria Agr\u00e1ria, em parceria com a C\u00e1ritas Regional Norte II e a Secretaria Municipal de Meio Ambiente do Acar\u00e1. O encontro reuniu lideran\u00e7as&hellip;","_links":{"self":[{"href":"https:\/\/repam.org.br\/cop30\/wp-json\/wp\/v2\/posts\/16249","targetHints":{"allow":["GET"]}}],"collection":[{"href":"https:\/\/repam.org.br\/cop30\/wp-json\/wp\/v2\/posts"}],"about":[{"href":"https:\/\/repam.org.br\/cop30\/wp-json\/wp\/v2\/types\/post"}],"author":[{"embeddable":true,"href":"https:\/\/repam.org.br\/cop30\/wp-json\/wp\/v2\/users\/3"}],"replies":[{"embeddable":true,"href":"https:\/\/repam.org.br\/cop30\/wp-json\/wp\/v2\/comments?post=16249"}],"version-history":[{"count":1,"href":"https:\/\/repam.org.br\/cop30\/wp-json\/wp\/v2\/posts\/16249\/revisions"}],"predecessor-version":[{"id":16251,"href":"https:\/\/repam.org.br\/cop30\/wp-json\/wp\/v2\/posts\/16249\/revisions\/16251"}],"wp:featuredmedia":[{"embeddable":true,"href":"https:\/\/repam.org.br\/cop30\/wp-json\/wp\/v2\/media\/16252"}],"wp:attachment":[{"href":"https:\/\/repam.org.br\/cop30\/wp-json\/wp\/v2\/media?parent=16249"}],"wp:term":[{"taxonomy":"category","embeddable":true,"href":"https:\/\/repam.org.br\/cop30\/wp-json\/wp\/v2\/categories?post=16249"},{"taxonomy":"post_tag","embeddable":true,"href":"https:\/\/repam.org.br\/cop30\/wp-json\/wp\/v2\/tags?post=16249"}],"curies":[{"name":"wp","href":"https:\/\/api.w.org\/{rel}","templated":true}]}}