{"id":16295,"date":"2025-07-21T15:35:43","date_gmt":"2025-07-21T18:35:43","guid":{"rendered":"https:\/\/repam.org.br\/cop30\/?p=16295"},"modified":"2025-07-21T15:38:38","modified_gmt":"2025-07-21T18:38:38","slug":"repam-participa-de-seminario-sobre-protecao-de-liderancas-socioambientais-na-amazonia","status":"publish","type":"post","link":"https:\/\/repam.org.br\/cop30\/repam-participa-de-seminario-sobre-protecao-de-liderancas-socioambientais-na-amazonia\/","title":{"rendered":"Articula\u00e7\u00e3o COP30 participa de semin\u00e1rio sobre prote\u00e7\u00e3o de lideran\u00e7as socioambientais na Amaz\u00f4nia"},"content":{"rendered":"\n<h2 class=\"wp-block-heading has-medium-font-size\"><em>Encontro refor\u00e7a import\u00e2ncia de estrat\u00e9gias duradouras para a seguran\u00e7a de defensoras e defensores de direitos humanos rumo \u00e0 COP30<\/em><\/h2>\n\n\n\n<h3 class=\"wp-block-heading\">Um ano decisivo para a Amaz\u00f4nia e seus povos<\/h3>\n\n\n\n<p>No dia 16 de julho, a Mobiliza\u00e7\u00e3o dos Povos pela Terra e pelo Clima, articula\u00e7\u00e3o da REPAM Brasil rumo \u00e0 COP30, participou do Semin\u00e1rio &#8220;Prote\u00e7\u00e3o e seguran\u00e7a de lideran\u00e7as socioambientais&#8221;, realizado no Minist\u00e9rio P\u00fablico Federal do Par\u00e1. A atividade integrou um processo de escuta, articula\u00e7\u00e3o e mobiliza\u00e7\u00e3o em torno dos direitos humanos e ambientais na Amaz\u00f4nia, como parte do esfor\u00e7o coletivo para proteger quem est\u00e1 na linha de frente das lutas socioambientais: defensoras e defensores de direitos humanos, comunicadores populares, ambientalistas e lideran\u00e7as tradicionais.<\/p>\n\n\n\n<p>O semin\u00e1rio foi coordenado pelo Programa de Prote\u00e7\u00e3o aos Defensores de Direitos Humanos, Comunicadores e Ambientalistas (PPDDH), reunindo organiza\u00e7\u00f5es da sociedade civil, movimentos sociais e representantes de institui\u00e7\u00f5es p\u00fablicas.<\/p>\n\n\n\n<h3 class=\"wp-block-heading\">Seguran\u00e7a para al\u00e9m da COP30<\/h3>\n\n\n\n<p>Com foco central na prote\u00e7\u00e3o urgente das lideran\u00e7as que atuam nos territ\u00f3rios e &#8220;maret\u00f3rios&#8221; amaz\u00f4nicos, o evento buscou construir estrat\u00e9gias de seguran\u00e7a e justi\u00e7a que perdurem al\u00e9m da COP30, marcada para 2025 em Bel\u00e9m (PA). A REPAM compartilhou sua experi\u00eancia de atua\u00e7\u00e3o territorial no projeto Mobiliza\u00e7\u00e3o dos Povos pela Terra e pelo Clima, que tem promovido rodas de conversa, escuta ativa e elabora\u00e7\u00e3o de cartas de demanda em diversas comunidades da Amaz\u00f4nia Legal.<\/p>\n\n\n\n<p>A participa\u00e7\u00e3o da REPAM somou-se \u00e0 de organiza\u00e7\u00f5es como o Instituto Z\u00e9 Cl\u00e1udio e Maria, o Movimento dos Trabalhadores Rurais Sem Terra (MST) e a Sociedade Paraense de Defesa dos Direitos Humanos (SDDH), entre outras, que v\u00eam denunciando amea\u00e7as crescentes contra lideran\u00e7as populares e ambientalistas.<\/p>\n\n\n\n<h3 class=\"wp-block-heading\">Vozes que resistem e articulam<\/h3>\n\n\n\n<p>Para a articuladora da Articula\u00e7\u00e3o COP30, Joana Menezes, o semin\u00e1rio foi um momento crucial para fortalecer redes de prote\u00e7\u00e3o, em um contexto de crescente vulnerabilidade dos povos da floresta:<\/p>\n\n\n\n<blockquote class=\"wp-block-quote is-layout-flow wp-block-quote-is-layout-flow\">\n<p>\u201cProteger a Amaz\u00f4nia come\u00e7a por proteger quem a defende. A cada escuta que fazemos nos territ\u00f3rios, percebemos o quanto as lideran\u00e7as est\u00e3o expostas. Precisamos garantir que essas vozes continuem existindo e sendo ouvidas. A constru\u00e7\u00e3o coletiva desse semin\u00e1rio aponta caminhos concretos para que a prote\u00e7\u00e3o n\u00e3o seja apenas emergencial, mas uma pol\u00edtica permanente de justi\u00e7a e dignidade\u201d, afirmou Joana.<\/p>\n<\/blockquote>\n\n\n\n<h3 class=\"wp-block-heading\">Compromissos que se expandem<\/h3>\n\n\n\n<p>A articula\u00e7\u00e3o da REPAM para a COP30 segue mobilizada, ampliando espa\u00e7os de di\u00e1logo e incid\u00eancia com foco nos direitos dos povos e da M\u00e3e Terra. O semin\u00e1rio refor\u00e7a a necessidade de a\u00e7\u00f5es coordenadas, multissetoriais e permanentes para enfrentar a viol\u00eancia nos territ\u00f3rios amaz\u00f4nicos \u2014 e faz um chamado \u00e0 sociedade para que a defesa da vida seja prioridade nas agendas locais, nacionais e internacionais.<\/p>\n","protected":false},"excerpt":{"rendered":"<p>Encontro refor\u00e7a import\u00e2ncia de estrat\u00e9gias duradouras para a seguran\u00e7a de defensoras e defensores de direitos humanos rumo \u00e0 COP30 Um ano decisivo para a Amaz\u00f4nia e seus povos No dia 16 de julho, a Mobiliza\u00e7\u00e3o dos Povos pela Terra e pelo Clima, articula\u00e7\u00e3o da REPAM Brasil rumo \u00e0 COP30, participou do Semin\u00e1rio &#8220;Prote\u00e7\u00e3o e seguran\u00e7a de lideran\u00e7as socioambientais&#8221;, realizado no Minist\u00e9rio P\u00fablico Federal do Par\u00e1. A atividade integrou um processo de escuta, articula\u00e7\u00e3o e mobiliza\u00e7\u00e3o em torno dos direitos humanos e ambientais na Amaz\u00f4nia, como parte do esfor\u00e7o coletivo para proteger quem est\u00e1 na linha de frente das lutas socioambientais: defensoras e defensores de direitos humanos, comunicadores populares, ambientalistas e lideran\u00e7as tradicionais. O semin\u00e1rio foi coordenado pelo Programa de Prote\u00e7\u00e3o aos Defensores de Direitos Humanos, Comunicadores e Ambientalistas (PPDDH), reunindo organiza\u00e7\u00f5es da sociedade civil, movimentos sociais e representantes de institui\u00e7\u00f5es p\u00fablicas. Seguran\u00e7a para al\u00e9m da COP30 Com foco central na prote\u00e7\u00e3o urgente das lideran\u00e7as que atuam nos territ\u00f3rios e &#8220;maret\u00f3rios&#8221; amaz\u00f4nicos, o evento buscou construir estrat\u00e9gias de seguran\u00e7a e justi\u00e7a que perdurem al\u00e9m da COP30, marcada para 2025 em Bel\u00e9m (PA). A REPAM compartilhou sua experi\u00eancia de atua\u00e7\u00e3o territorial no projeto Mobiliza\u00e7\u00e3o dos Povos pela Terra e pelo Clima, que tem promovido rodas de conversa, escuta ativa e elabora\u00e7\u00e3o de cartas de demanda em diversas comunidades da Amaz\u00f4nia Legal. A participa\u00e7\u00e3o da REPAM somou-se \u00e0 de organiza\u00e7\u00f5es como o Instituto Z\u00e9 Cl\u00e1udio e Maria, o Movimento dos Trabalhadores Rurais Sem Terra (MST) e a Sociedade Paraense de Defesa dos Direitos Humanos (SDDH), entre outras, que v\u00eam denunciando amea\u00e7as crescentes contra lideran\u00e7as populares e ambientalistas. Vozes que resistem e articulam Para a articuladora da Articula\u00e7\u00e3o COP30, Joana Menezes, o semin\u00e1rio foi um momento crucial para fortalecer redes de prote\u00e7\u00e3o, em um contexto de crescente vulnerabilidade dos povos da floresta: \u201cProteger a Amaz\u00f4nia come\u00e7a por proteger quem a defende. A cada escuta que fazemos nos territ\u00f3rios, percebemos o quanto as lideran\u00e7as est\u00e3o expostas. Precisamos garantir que essas vozes continuem existindo e sendo ouvidas. A constru\u00e7\u00e3o coletiva desse semin\u00e1rio aponta caminhos concretos para que a prote\u00e7\u00e3o n\u00e3o seja apenas emergencial, mas uma pol\u00edtica permanente de justi\u00e7a e dignidade\u201d, afirmou Joana. Compromissos que se expandem A articula\u00e7\u00e3o da REPAM para a COP30 segue mobilizada, ampliando espa\u00e7os de di\u00e1logo e incid\u00eancia com foco nos direitos dos povos e da M\u00e3e Terra. O semin\u00e1rio refor\u00e7a a necessidade de a\u00e7\u00f5es coordenadas, multissetoriais e permanentes para enfrentar a viol\u00eancia nos territ\u00f3rios amaz\u00f4nicos \u2014 e faz um chamado \u00e0 sociedade para que a defesa da vida seja prioridade nas agendas locais, nacionais e internacionais.<\/p>\n","protected":false},"author":3,"featured_media":16296,"comment_status":"open","ping_status":"open","sticky":false,"template":"","format":"standard","meta":{"footnotes":""},"categories":[5],"tags":[13,14,15,17,18,19,7,8],"class_list":["post-16295","post","type-post","status-publish","format-standard","has-post-thumbnail","hentry","category-noticias","tag-amazonia","tag-conferencia-do-clima-da-onu","tag-cop-30","tag-mudanca-climatica","tag-populacoes-tradionais","tag-povos-indigenas","tag-repam","tag-repam-brasil"],"rttpg_featured_image_url":{"full":["https:\/\/repam.org.br\/cop30\/wp-content\/uploads\/2025\/07\/WhatsApp-Image-2025-07-21-at-14.44.46.jpeg",1600,1200,false],"landscape":["https:\/\/repam.org.br\/cop30\/wp-content\/uploads\/2025\/07\/WhatsApp-Image-2025-07-21-at-14.44.46.jpeg",1600,1200,false],"portraits":["https:\/\/repam.org.br\/cop30\/wp-content\/uploads\/2025\/07\/WhatsApp-Image-2025-07-21-at-14.44.46.jpeg",1600,1200,false],"thumbnail":["https:\/\/repam.org.br\/cop30\/wp-content\/uploads\/2025\/07\/WhatsApp-Image-2025-07-21-at-14.44.46-150x150.jpeg",150,150,true],"medium":["https:\/\/repam.org.br\/cop30\/wp-content\/uploads\/2025\/07\/WhatsApp-Image-2025-07-21-at-14.44.46-300x225.jpeg",300,225,true],"large":["https:\/\/repam.org.br\/cop30\/wp-content\/uploads\/2025\/07\/WhatsApp-Image-2025-07-21-at-14.44.46-1024x768.jpeg",800,600,true],"1536x1536":["https:\/\/repam.org.br\/cop30\/wp-content\/uploads\/2025\/07\/WhatsApp-Image-2025-07-21-at-14.44.46-1536x1152.jpeg",1536,1152,true],"2048x2048":["https:\/\/repam.org.br\/cop30\/wp-content\/uploads\/2025\/07\/WhatsApp-Image-2025-07-21-at-14.44.46.jpeg",1600,1200,false]},"rttpg_author":{"display_name":"Comunica\u00e7\u00e3o Cop30","author_link":"https:\/\/repam.org.br\/cop30\/author\/comunicacaocop30\/"},"rttpg_comment":0,"rttpg_category":"<a href=\"https:\/\/repam.org.br\/cop30\/category\/noticias\/\" rel=\"category tag\">Not\u00edcias<\/a>","rttpg_excerpt":"Encontro refor\u00e7a import\u00e2ncia de estrat\u00e9gias duradouras para a seguran\u00e7a de defensoras e defensores de direitos humanos rumo \u00e0 COP30 Um ano decisivo para a Amaz\u00f4nia e seus povos No dia 16 de julho, a Mobiliza\u00e7\u00e3o dos Povos pela Terra e pelo Clima, articula\u00e7\u00e3o da REPAM Brasil rumo \u00e0 COP30, participou do Semin\u00e1rio &#8220;Prote\u00e7\u00e3o e seguran\u00e7a&hellip;","_links":{"self":[{"href":"https:\/\/repam.org.br\/cop30\/wp-json\/wp\/v2\/posts\/16295","targetHints":{"allow":["GET"]}}],"collection":[{"href":"https:\/\/repam.org.br\/cop30\/wp-json\/wp\/v2\/posts"}],"about":[{"href":"https:\/\/repam.org.br\/cop30\/wp-json\/wp\/v2\/types\/post"}],"author":[{"embeddable":true,"href":"https:\/\/repam.org.br\/cop30\/wp-json\/wp\/v2\/users\/3"}],"replies":[{"embeddable":true,"href":"https:\/\/repam.org.br\/cop30\/wp-json\/wp\/v2\/comments?post=16295"}],"version-history":[{"count":2,"href":"https:\/\/repam.org.br\/cop30\/wp-json\/wp\/v2\/posts\/16295\/revisions"}],"predecessor-version":[{"id":16298,"href":"https:\/\/repam.org.br\/cop30\/wp-json\/wp\/v2\/posts\/16295\/revisions\/16298"}],"wp:featuredmedia":[{"embeddable":true,"href":"https:\/\/repam.org.br\/cop30\/wp-json\/wp\/v2\/media\/16296"}],"wp:attachment":[{"href":"https:\/\/repam.org.br\/cop30\/wp-json\/wp\/v2\/media?parent=16295"}],"wp:term":[{"taxonomy":"category","embeddable":true,"href":"https:\/\/repam.org.br\/cop30\/wp-json\/wp\/v2\/categories?post=16295"},{"taxonomy":"post_tag","embeddable":true,"href":"https:\/\/repam.org.br\/cop30\/wp-json\/wp\/v2\/tags?post=16295"}],"curies":[{"name":"wp","href":"https:\/\/api.w.org\/{rel}","templated":true}]}}