{"id":16300,"date":"2025-07-21T15:54:37","date_gmt":"2025-07-21T18:54:37","guid":{"rendered":"https:\/\/repam.org.br\/cop30\/?p=16300"},"modified":"2025-07-21T16:07:13","modified_gmt":"2025-07-21T19:07:13","slug":"povos-indigenas-debatem-crise-climatica-e-mercado-de-carbono-no-2o-seminario-da-terra-em-altamira-pa","status":"publish","type":"post","link":"https:\/\/repam.org.br\/cop30\/povos-indigenas-debatem-crise-climatica-e-mercado-de-carbono-no-2o-seminario-da-terra-em-altamira-pa\/","title":{"rendered":"Povos ind\u00edgenas debatem crise clim\u00e1tica e mercado de carbono no 2\u00ba Semin\u00e1rio da Terra em Altamira (PA)"},"content":{"rendered":"\n<p class=\"has-medium-font-size\">Mobiliza\u00e7\u00e3o dos Povos pela Terra e pelo Clima participou do encontro e refor\u00e7ou a import\u00e2ncia da escuta aos povos origin\u00e1rios rumo \u00e0 COP30<\/p>\n\n\n\n<hr class=\"wp-block-separator has-alpha-channel-opacity\"\/>\n\n\n\n<h3 class=\"wp-block-heading\">Territ\u00f3rios em di\u00e1logo: Amaz\u00f4nia em foco<\/h3>\n\n\n\n<p>Entre os dias 15 e 19 de julho de 2025, cerca de 80 lideran\u00e7as ind\u00edgenas de diferentes territ\u00f3rios do Par\u00e1 e de outros Estados da Amaz\u00f4nia se reuniram em Altamira (PA) para participar do 2\u00ba Semin\u00e1rio da Terra, promovido pelo Conselho Indigenista Mission\u00e1rio (CIMI). O encontro teve como foco central a crise clim\u00e1tica e seus impactos diretos nos povos ind\u00edgenas, al\u00e9m de debater os desafios e armadilhas do mercado de carbono e o cen\u00e1rio de prepara\u00e7\u00e3o para a COP30, marcada para 2025, em Bel\u00e9m (PA).<\/p>\n\n\n\n<p>O evento foi um espa\u00e7o de partilha, resist\u00eancia e articula\u00e7\u00e3o, reunindo vozes diversas em defesa da vida nos territ\u00f3rios e da M\u00e3e Terra.<\/p>\n\n\n\n<hr class=\"wp-block-separator has-alpha-channel-opacity\"\/>\n\n\n\n<h3 class=\"wp-block-heading\">REPAM apresenta o ABC das COPs<\/h3>\n\n\n\n<p>A Mobiliza\u00e7\u00e3o dos Povos pela Terra e pelo Clima, iniciativa da Articula\u00e7\u00e3o REPAM rumo \u00e0 COP30, esteve presente no semin\u00e1rio, dialogando com os participantes sobre os desafios e as perspectivas de participa\u00e7\u00e3o na confer\u00eancia do clima. Durante a programa\u00e7\u00e3o, a equipe apresentou a C<a href=\"https:\/\/repam.org.br\/cop30\/abc-das-cops\/\">artilha ABC das COPs,<\/a> um material did\u00e1tico que explica o hist\u00f3rico, o funcionamento e os objetivos da Confer\u00eancia das Partes da ONU.<\/p>\n\n\n\n<p>A cartilha foi recebida com entusiasmo pelas lideran\u00e7as ind\u00edgenas, que destacaram a import\u00e2ncia de compreender o processo internacional para fortalecer sua presen\u00e7a e incid\u00eancia pol\u00edtica nos espa\u00e7os globais de decis\u00e3o.<\/p>\n\n\n\n<hr class=\"wp-block-separator has-alpha-channel-opacity\"\/>\n\n\n\n<h3 class=\"wp-block-heading\">Povos ind\u00edgenas s\u00e3o chave para enfrentar a crise<\/h3>\n\n\n\n<p>Durante o encontro, Eduardo Soares, da Secret\u00e1rio da Articula\u00e7\u00e3o COP30, refor\u00e7ou a urg\u00eancia de construir solu\u00e7\u00f5es reais para a crise socioambiental a partir da escuta e do protagonismo dos povos origin\u00e1rios:<\/p>\n\n\n\n<blockquote class=\"wp-block-quote is-layout-flow wp-block-quote-is-layout-flow\">\n<p>\u201cA popula\u00e7\u00e3o ind\u00edgena, al\u00e9m de ser uma das principais impactadas, \u00e9 tamb\u00e9m a chave para que possamos superar os impactos clim\u00e1ticos, por essa rela\u00e7\u00e3o integral de cuidado e compromisso com a Casa Comum\u201d, afirmou Eduardo.<\/p>\n<\/blockquote>\n\n\n\n<p>A programa\u00e7\u00e3o tamb\u00e9m abordou os efeitos concretos das mudan\u00e7as clim\u00e1ticas nos modos de vida ind\u00edgenas, como a altera\u00e7\u00e3o dos ciclos da \u00e1gua, a perda de biodiversidade e as dificuldades na produ\u00e7\u00e3o de alimentos, al\u00e9m de denunciar os ass\u00e9dios do mercado de carbono nos territ\u00f3rios, que prometem compensa\u00e7\u00f5es financeiras \u00e0s custas do controle sobre a terra e a cultura dos povos.<\/p>\n\n\n\n<hr class=\"wp-block-separator has-alpha-channel-opacity\"\/>\n\n\n\n<h3 class=\"wp-block-heading\">Caminhos rumo \u00e0 COP30<\/h3>\n\n\n\n<p>O Semin\u00e1rio da Terra foi mais um passo importante na constru\u00e7\u00e3o de uma participa\u00e7\u00e3o ativa e cr\u00edtica dos povos da Amaz\u00f4nia na COP30. A Mobiliza\u00e7\u00e3o dos Povos pela Terra e pelo Clima reafirma seu compromisso com a escuta dos territ\u00f3rios, a defesa dos direitos ind\u00edgenas e a promo\u00e7\u00e3o de um debate p\u00fablico sobre justi\u00e7a clim\u00e1tica que valorize os saberes tradicionais e enfrente as falsas solu\u00e7\u00f5es do mercado.<\/p>\n\n\n\n<figure class=\"wp-block-image size-large\"><img fetchpriority=\"high\" decoding=\"async\" width=\"1024\" height=\"546\" src=\"https:\/\/repam.org.br\/cop30\/wp-content\/uploads\/2025\/07\/WhatsApp-Image-2025-07-21-at-14.43.04-1-1024x546.jpeg\" alt=\"\" class=\"wp-image-16301\" srcset=\"https:\/\/repam.org.br\/cop30\/wp-content\/uploads\/2025\/07\/WhatsApp-Image-2025-07-21-at-14.43.04-1-1024x546.jpeg 1024w, https:\/\/repam.org.br\/cop30\/wp-content\/uploads\/2025\/07\/WhatsApp-Image-2025-07-21-at-14.43.04-1-300x160.jpeg 300w, https:\/\/repam.org.br\/cop30\/wp-content\/uploads\/2025\/07\/WhatsApp-Image-2025-07-21-at-14.43.04-1-768x409.jpeg 768w, https:\/\/repam.org.br\/cop30\/wp-content\/uploads\/2025\/07\/WhatsApp-Image-2025-07-21-at-14.43.04-1.jpeg 1280w\" sizes=\"(max-width: 1024px) 100vw, 1024px\" \/><\/figure>\n","protected":false},"excerpt":{"rendered":"<p>Mobiliza\u00e7\u00e3o dos Povos pela Terra e pelo Clima participou do encontro e refor\u00e7ou a import\u00e2ncia da escuta aos povos origin\u00e1rios rumo \u00e0 COP30 Territ\u00f3rios em di\u00e1logo: Amaz\u00f4nia em foco Entre os dias 15 e 19 de julho de 2025, cerca de 80 lideran\u00e7as ind\u00edgenas de diferentes territ\u00f3rios do Par\u00e1 e de outros Estados da Amaz\u00f4nia se reuniram em Altamira (PA) para participar do 2\u00ba Semin\u00e1rio da Terra, promovido pelo Conselho Indigenista Mission\u00e1rio (CIMI). O encontro teve como foco central a crise clim\u00e1tica e seus impactos diretos nos povos ind\u00edgenas, al\u00e9m de debater os desafios e armadilhas do mercado de carbono e o cen\u00e1rio de prepara\u00e7\u00e3o para a COP30, marcada para 2025, em Bel\u00e9m (PA). O evento foi um espa\u00e7o de partilha, resist\u00eancia e articula\u00e7\u00e3o, reunindo vozes diversas em defesa da vida nos territ\u00f3rios e da M\u00e3e Terra. REPAM apresenta o ABC das COPs A Mobiliza\u00e7\u00e3o dos Povos pela Terra e pelo Clima, iniciativa da Articula\u00e7\u00e3o REPAM rumo \u00e0 COP30, esteve presente no semin\u00e1rio, dialogando com os participantes sobre os desafios e as perspectivas de participa\u00e7\u00e3o na confer\u00eancia do clima. Durante a programa\u00e7\u00e3o, a equipe apresentou a Cartilha ABC das COPs, um material did\u00e1tico que explica o hist\u00f3rico, o funcionamento e os objetivos da Confer\u00eancia das Partes da ONU. A cartilha foi recebida com entusiasmo pelas lideran\u00e7as ind\u00edgenas, que destacaram a import\u00e2ncia de compreender o processo internacional para fortalecer sua presen\u00e7a e incid\u00eancia pol\u00edtica nos espa\u00e7os globais de decis\u00e3o. Povos ind\u00edgenas s\u00e3o chave para enfrentar a crise Durante o encontro, Eduardo Soares, da Secret\u00e1rio da Articula\u00e7\u00e3o COP30, refor\u00e7ou a urg\u00eancia de construir solu\u00e7\u00f5es reais para a crise socioambiental a partir da escuta e do protagonismo dos povos origin\u00e1rios: \u201cA popula\u00e7\u00e3o ind\u00edgena, al\u00e9m de ser uma das principais impactadas, \u00e9 tamb\u00e9m a chave para que possamos superar os impactos clim\u00e1ticos, por essa rela\u00e7\u00e3o integral de cuidado e compromisso com a Casa Comum\u201d, afirmou Eduardo. A programa\u00e7\u00e3o tamb\u00e9m abordou os efeitos concretos das mudan\u00e7as clim\u00e1ticas nos modos de vida ind\u00edgenas, como a altera\u00e7\u00e3o dos ciclos da \u00e1gua, a perda de biodiversidade e as dificuldades na produ\u00e7\u00e3o de alimentos, al\u00e9m de denunciar os ass\u00e9dios do mercado de carbono nos territ\u00f3rios, que prometem compensa\u00e7\u00f5es financeiras \u00e0s custas do controle sobre a terra e a cultura dos povos. Caminhos rumo \u00e0 COP30 O Semin\u00e1rio da Terra foi mais um passo importante na constru\u00e7\u00e3o de uma participa\u00e7\u00e3o ativa e cr\u00edtica dos povos da Amaz\u00f4nia na COP30. A Mobiliza\u00e7\u00e3o dos Povos pela Terra e pelo Clima reafirma seu compromisso com a escuta dos territ\u00f3rios, a defesa dos direitos ind\u00edgenas e a promo\u00e7\u00e3o de um debate p\u00fablico sobre justi\u00e7a clim\u00e1tica que valorize os saberes tradicionais e enfrente as falsas solu\u00e7\u00f5es do mercado.<\/p>\n","protected":false},"author":3,"featured_media":16302,"comment_status":"open","ping_status":"open","sticky":false,"template":"","format":"standard","meta":{"footnotes":""},"categories":[5],"tags":[13,14,15,17,18,19,7,8],"class_list":["post-16300","post","type-post","status-publish","format-standard","has-post-thumbnail","hentry","category-noticias","tag-amazonia","tag-conferencia-do-clima-da-onu","tag-cop-30","tag-mudanca-climatica","tag-populacoes-tradionais","tag-povos-indigenas","tag-repam","tag-repam-brasil"],"rttpg_featured_image_url":{"full":["https:\/\/repam.org.br\/cop30\/wp-content\/uploads\/2025\/07\/WhatsApp-Image-2025-07-21-at-14.43.04.jpeg",1280,688,false],"landscape":["https:\/\/repam.org.br\/cop30\/wp-content\/uploads\/2025\/07\/WhatsApp-Image-2025-07-21-at-14.43.04.jpeg",1280,688,false],"portraits":["https:\/\/repam.org.br\/cop30\/wp-content\/uploads\/2025\/07\/WhatsApp-Image-2025-07-21-at-14.43.04.jpeg",1280,688,false],"thumbnail":["https:\/\/repam.org.br\/cop30\/wp-content\/uploads\/2025\/07\/WhatsApp-Image-2025-07-21-at-14.43.04-150x150.jpeg",150,150,true],"medium":["https:\/\/repam.org.br\/cop30\/wp-content\/uploads\/2025\/07\/WhatsApp-Image-2025-07-21-at-14.43.04-300x161.jpeg",300,161,true],"large":["https:\/\/repam.org.br\/cop30\/wp-content\/uploads\/2025\/07\/WhatsApp-Image-2025-07-21-at-14.43.04-1024x550.jpeg",800,430,true],"1536x1536":["https:\/\/repam.org.br\/cop30\/wp-content\/uploads\/2025\/07\/WhatsApp-Image-2025-07-21-at-14.43.04.jpeg",1280,688,false],"2048x2048":["https:\/\/repam.org.br\/cop30\/wp-content\/uploads\/2025\/07\/WhatsApp-Image-2025-07-21-at-14.43.04.jpeg",1280,688,false]},"rttpg_author":{"display_name":"Comunica\u00e7\u00e3o Cop30","author_link":"https:\/\/repam.org.br\/cop30\/author\/comunicacaocop30\/"},"rttpg_comment":0,"rttpg_category":"<a href=\"https:\/\/repam.org.br\/cop30\/category\/noticias\/\" rel=\"category tag\">Not\u00edcias<\/a>","rttpg_excerpt":"Mobiliza\u00e7\u00e3o dos Povos pela Terra e pelo Clima participou do encontro e refor\u00e7ou a import\u00e2ncia da escuta aos povos origin\u00e1rios rumo \u00e0 COP30 Territ\u00f3rios em di\u00e1logo: Amaz\u00f4nia em foco Entre os dias 15 e 19 de julho de 2025, cerca de 80 lideran\u00e7as ind\u00edgenas de diferentes territ\u00f3rios do Par\u00e1 e de outros Estados da Amaz\u00f4nia&hellip;","_links":{"self":[{"href":"https:\/\/repam.org.br\/cop30\/wp-json\/wp\/v2\/posts\/16300","targetHints":{"allow":["GET"]}}],"collection":[{"href":"https:\/\/repam.org.br\/cop30\/wp-json\/wp\/v2\/posts"}],"about":[{"href":"https:\/\/repam.org.br\/cop30\/wp-json\/wp\/v2\/types\/post"}],"author":[{"embeddable":true,"href":"https:\/\/repam.org.br\/cop30\/wp-json\/wp\/v2\/users\/3"}],"replies":[{"embeddable":true,"href":"https:\/\/repam.org.br\/cop30\/wp-json\/wp\/v2\/comments?post=16300"}],"version-history":[{"count":2,"href":"https:\/\/repam.org.br\/cop30\/wp-json\/wp\/v2\/posts\/16300\/revisions"}],"predecessor-version":[{"id":16304,"href":"https:\/\/repam.org.br\/cop30\/wp-json\/wp\/v2\/posts\/16300\/revisions\/16304"}],"wp:featuredmedia":[{"embeddable":true,"href":"https:\/\/repam.org.br\/cop30\/wp-json\/wp\/v2\/media\/16302"}],"wp:attachment":[{"href":"https:\/\/repam.org.br\/cop30\/wp-json\/wp\/v2\/media?parent=16300"}],"wp:term":[{"taxonomy":"category","embeddable":true,"href":"https:\/\/repam.org.br\/cop30\/wp-json\/wp\/v2\/categories?post=16300"},{"taxonomy":"post_tag","embeddable":true,"href":"https:\/\/repam.org.br\/cop30\/wp-json\/wp\/v2\/tags?post=16300"}],"curies":[{"name":"wp","href":"https:\/\/api.w.org\/{rel}","templated":true}]}}