{"id":16305,"date":"2025-07-22T11:06:05","date_gmt":"2025-07-22T14:06:05","guid":{"rendered":"https:\/\/repam.org.br\/cop30\/?p=16305"},"modified":"2025-07-22T11:06:06","modified_gmt":"2025-07-22T14:06:06","slug":"territorio-e-vida-e-clima-e-resistencia-quebradeiras-de-coco-e-povos-tradicionais-constroem-agenda-comum-rumo-a-cop30","status":"publish","type":"post","link":"https:\/\/repam.org.br\/cop30\/territorio-e-vida-e-clima-e-resistencia-quebradeiras-de-coco-e-povos-tradicionais-constroem-agenda-comum-rumo-a-cop30\/","title":{"rendered":"Territ\u00f3rio \u00e9 vida, \u00e9 clima, \u00e9 resist\u00eancia: quebradeiras de coco e povos tradicionais constroem agenda comum rumo \u00e0 COP30"},"content":{"rendered":"\n<p>Mais de 300 quebradeiras de coco e representantes de 28 grupos \u00e9tnicos se reuniram em Bras\u00edlia para fortalecer a incid\u00eancia pol\u00edtica dos povos e comunidades tradicionais na luta por justi\u00e7a clim\u00e1tica<\/p>\n\n\n\n<p>Nos dias 8 e 10 de julho de 2025, o espa\u00e7o Divino Para\u00edso N\u00facleo Rural Casa Grande, em Bras\u00edlia, acolheu um encontro decisivo para a constru\u00e7\u00e3o coletiva de propostas pol\u00edticas e clim\u00e1ticas: a Pr\u00e9-COP das quebradeiras de coco baba\u00e7u e dos povos e comunidades tradicionais do Brasil. A iniciativa reuniu lideran\u00e7as de diversos biomas e territ\u00f3rios tradicionais para fortalecer sua presen\u00e7a e voz no processo preparat\u00f3rio da COP30.<\/p>\n\n\n\n<p>Durante os tr\u00eas dias de evento, foram consolidadas propostas regionais em torno de temas centrais como justi\u00e7a clim\u00e1tica, regulariza\u00e7\u00e3o fundi\u00e1ria, preserva\u00e7\u00e3o dos baba\u00e7uais, fortalecimento da agroecologia, al\u00e9m do acesso direto ao financiamento para enfrentamento \u00e0s mudan\u00e7as clim\u00e1ticas. O encontro tamb\u00e9m reivindicou maior participa\u00e7\u00e3o nas pol\u00edticas p\u00fablicas e a defesa dos direitos dos povos e comunidades tradicionais, reafirmando que n\u00e3o h\u00e1 justi\u00e7a clim\u00e1tica sem justi\u00e7a social.<\/p>\n\n\n\n<p>\u201cTerrit\u00f3rio \u00e9 clima. As florestas em p\u00e9 dependem da prote\u00e7\u00e3o das pessoas que nelas vivem. A justi\u00e7a clim\u00e1tica s\u00f3 ser\u00e1 poss\u00edvel com a escuta ativa e a participa\u00e7\u00e3o das quebradeiras de coco.\u201d (trecho da carta final do encontro)<\/p>\n\n\n\n<figure class=\"wp-block-image size-large\"><img fetchpriority=\"high\" decoding=\"async\" width=\"1024\" height=\"768\" src=\"https:\/\/repam.org.br\/cop30\/wp-content\/uploads\/2025\/07\/WhatsApp-Image-2025-07-22-at-08.45.54-4-1024x768.jpeg\" alt=\"\" class=\"wp-image-16312\" srcset=\"https:\/\/repam.org.br\/cop30\/wp-content\/uploads\/2025\/07\/WhatsApp-Image-2025-07-22-at-08.45.54-4-1024x768.jpeg 1024w, https:\/\/repam.org.br\/cop30\/wp-content\/uploads\/2025\/07\/WhatsApp-Image-2025-07-22-at-08.45.54-4-300x225.jpeg 300w, https:\/\/repam.org.br\/cop30\/wp-content\/uploads\/2025\/07\/WhatsApp-Image-2025-07-22-at-08.45.54-4-768x576.jpeg 768w, https:\/\/repam.org.br\/cop30\/wp-content\/uploads\/2025\/07\/WhatsApp-Image-2025-07-22-at-08.45.54-4-1536x1152.jpeg 1536w, https:\/\/repam.org.br\/cop30\/wp-content\/uploads\/2025\/07\/WhatsApp-Image-2025-07-22-at-08.45.54-4.jpeg 1600w\" sizes=\"(max-width: 1024px) 100vw, 1024px\" \/><\/figure>\n\n\n\n<p>Doris Vasconcelos, articula\u00e7\u00e3o REPAM, que esteve presente, destacou a import\u00e2ncia simb\u00f3lica e pol\u00edtica do encontro.&nbsp; \u201cCom toda certeza, foi um grande momento de resili\u00eancia, de resist\u00eancia, de luta, de conquista, mas principalmente de um fortalecimento da participa\u00e7\u00e3o, do protagonismo e das conquistas destes povos, que muitas vezes s\u00e3o invisibilizados nas grandes inst\u00e2ncias decisivas do pa\u00eds. Foi um momento de reivindica\u00e7\u00e3o para que esses povos sejam respeitados, reconhecidos e garantido a eles a titulariza\u00e7\u00e3o de seus territ\u00f3rios, para que assim possam, atrav\u00e9s de suas a\u00e7\u00f5es ancestrais, continuar guardando e sendo guardi\u00e3s das \u00e1guas, florestas, terras, campos e cidades, como sempre fazem atrav\u00e9s de seus movimentos.\u201d<\/p>\n\n\n\n<p>Um dos momentos centrais da Pr\u00e9-COP foi a aprova\u00e7\u00e3o e entrega da carta reivindicat\u00f3ria \u00e0s autoridades do governo federal. O documento, resultado de uma escuta profunda nas bases, ser\u00e1 tamb\u00e9m encaminhado aos representantes das partes da COP30 e a financiadores, como um chamado \u00e0 responsabilidade com os territ\u00f3rios e suas popula\u00e7\u00f5es tradicionais.<\/p>\n\n\n\n<p>O encerramento da atividade foi marcado por uma audi\u00eancia p\u00fablica no Congresso Nacional, conduzida pelo deputado Airton Faleiro. Na ocasi\u00e3o, duas mesas de di\u00e1logo destacaram tanto os desafios e conquistas da mobiliza\u00e7\u00e3o do Movimento Interestadual das Quebradeiras de Coco Baba\u00e7u e da Rede de Povos e Comunidades Tradicionais, quanto os caminhos de incid\u00eancia rumo \u00e0 COP30 e \u00e0 C\u00fapula dos Povos.<\/p>\n\n\n\n<p>Com o tema \u201cTerrit\u00f3rio \u00e9 vida, \u00e9 clima, \u00e9 resist\u00eancia: povos e comunidades tradicionais em defesa da justi\u00e7a clim\u00e1tica\u201d, o encontro foi uma demonstra\u00e7\u00e3o de for\u00e7a e articula\u00e7\u00e3o pol\u00edtica de grupos historicamente invisibilizados nos espa\u00e7os de decis\u00e3o. Foi tamb\u00e9m um chamado claro \u00e0 sociedade e \u00e0s autoridades: respeitar e garantir os direitos territoriais desses povos \u00e9 essencial para enfrentar a crise clim\u00e1tica e proteger os bens comuns.<\/p>\n\n\n\n<figure class=\"wp-block-image size-large\"><img decoding=\"async\" width=\"1024\" height=\"768\" src=\"https:\/\/repam.org.br\/cop30\/wp-content\/uploads\/2025\/07\/WhatsApp-Image-2025-07-22-at-08.45.54-3-1-1024x768.jpeg\" alt=\"\" class=\"wp-image-16313\" srcset=\"https:\/\/repam.org.br\/cop30\/wp-content\/uploads\/2025\/07\/WhatsApp-Image-2025-07-22-at-08.45.54-3-1-1024x768.jpeg 1024w, https:\/\/repam.org.br\/cop30\/wp-content\/uploads\/2025\/07\/WhatsApp-Image-2025-07-22-at-08.45.54-3-1-300x225.jpeg 300w, https:\/\/repam.org.br\/cop30\/wp-content\/uploads\/2025\/07\/WhatsApp-Image-2025-07-22-at-08.45.54-3-1-768x576.jpeg 768w, https:\/\/repam.org.br\/cop30\/wp-content\/uploads\/2025\/07\/WhatsApp-Image-2025-07-22-at-08.45.54-3-1.jpeg 1280w\" sizes=\"(max-width: 1024px) 100vw, 1024px\" \/><\/figure>\n\n\n\n<p><\/p>\n","protected":false},"excerpt":{"rendered":"<p>Mais de 300 quebradeiras de coco e representantes de 28 grupos \u00e9tnicos se reuniram em Bras\u00edlia para fortalecer a incid\u00eancia pol\u00edtica dos povos e comunidades tradicionais na luta por justi\u00e7a clim\u00e1tica Nos dias 8 e 10 de julho de 2025, o espa\u00e7o Divino Para\u00edso N\u00facleo Rural Casa Grande, em Bras\u00edlia, acolheu um encontro decisivo para a constru\u00e7\u00e3o coletiva de propostas pol\u00edticas e clim\u00e1ticas: a Pr\u00e9-COP das quebradeiras de coco baba\u00e7u e dos povos e comunidades tradicionais do Brasil. A iniciativa reuniu lideran\u00e7as de diversos biomas e territ\u00f3rios tradicionais para fortalecer sua presen\u00e7a e voz no processo preparat\u00f3rio da COP30. Durante os tr\u00eas dias de evento, foram consolidadas propostas regionais em torno de temas centrais como justi\u00e7a clim\u00e1tica, regulariza\u00e7\u00e3o fundi\u00e1ria, preserva\u00e7\u00e3o dos baba\u00e7uais, fortalecimento da agroecologia, al\u00e9m do acesso direto ao financiamento para enfrentamento \u00e0s mudan\u00e7as clim\u00e1ticas. O encontro tamb\u00e9m reivindicou maior participa\u00e7\u00e3o nas pol\u00edticas p\u00fablicas e a defesa dos direitos dos povos e comunidades tradicionais, reafirmando que n\u00e3o h\u00e1 justi\u00e7a clim\u00e1tica sem justi\u00e7a social. \u201cTerrit\u00f3rio \u00e9 clima. As florestas em p\u00e9 dependem da prote\u00e7\u00e3o das pessoas que nelas vivem. A justi\u00e7a clim\u00e1tica s\u00f3 ser\u00e1 poss\u00edvel com a escuta ativa e a participa\u00e7\u00e3o das quebradeiras de coco.\u201d (trecho da carta final do encontro) Doris Vasconcelos, articula\u00e7\u00e3o REPAM, que esteve presente, destacou a import\u00e2ncia simb\u00f3lica e pol\u00edtica do encontro.&nbsp; \u201cCom toda certeza, foi um grande momento de resili\u00eancia, de resist\u00eancia, de luta, de conquista, mas principalmente de um fortalecimento da participa\u00e7\u00e3o, do protagonismo e das conquistas destes povos, que muitas vezes s\u00e3o invisibilizados nas grandes inst\u00e2ncias decisivas do pa\u00eds. Foi um momento de reivindica\u00e7\u00e3o para que esses povos sejam respeitados, reconhecidos e garantido a eles a titulariza\u00e7\u00e3o de seus territ\u00f3rios, para que assim possam, atrav\u00e9s de suas a\u00e7\u00f5es ancestrais, continuar guardando e sendo guardi\u00e3s das \u00e1guas, florestas, terras, campos e cidades, como sempre fazem atrav\u00e9s de seus movimentos.\u201d Um dos momentos centrais da Pr\u00e9-COP foi a aprova\u00e7\u00e3o e entrega da carta reivindicat\u00f3ria \u00e0s autoridades do governo federal. O documento, resultado de uma escuta profunda nas bases, ser\u00e1 tamb\u00e9m encaminhado aos representantes das partes da COP30 e a financiadores, como um chamado \u00e0 responsabilidade com os territ\u00f3rios e suas popula\u00e7\u00f5es tradicionais. O encerramento da atividade foi marcado por uma audi\u00eancia p\u00fablica no Congresso Nacional, conduzida pelo deputado Airton Faleiro. Na ocasi\u00e3o, duas mesas de di\u00e1logo destacaram tanto os desafios e conquistas da mobiliza\u00e7\u00e3o do Movimento Interestadual das Quebradeiras de Coco Baba\u00e7u e da Rede de Povos e Comunidades Tradicionais, quanto os caminhos de incid\u00eancia rumo \u00e0 COP30 e \u00e0 C\u00fapula dos Povos. Com o tema \u201cTerrit\u00f3rio \u00e9 vida, \u00e9 clima, \u00e9 resist\u00eancia: povos e comunidades tradicionais em defesa da justi\u00e7a clim\u00e1tica\u201d, o encontro foi uma demonstra\u00e7\u00e3o de for\u00e7a e articula\u00e7\u00e3o pol\u00edtica de grupos historicamente invisibilizados nos espa\u00e7os de decis\u00e3o. Foi tamb\u00e9m um chamado claro \u00e0 sociedade e \u00e0s autoridades: respeitar e garantir os direitos territoriais desses povos \u00e9 essencial para enfrentar a crise clim\u00e1tica e proteger os bens comuns.<\/p>\n","protected":false},"author":3,"featured_media":16311,"comment_status":"open","ping_status":"open","sticky":false,"template":"","format":"standard","meta":{"footnotes":""},"categories":[5],"tags":[13,14,15,17,18,19,7,8],"class_list":["post-16305","post","type-post","status-publish","format-standard","has-post-thumbnail","hentry","category-noticias","tag-amazonia","tag-conferencia-do-clima-da-onu","tag-cop-30","tag-mudanca-climatica","tag-populacoes-tradionais","tag-povos-indigenas","tag-repam","tag-repam-brasil"],"rttpg_featured_image_url":{"full":["https:\/\/repam.org.br\/cop30\/wp-content\/uploads\/2025\/07\/WhatsApp-Image-2025-07-22-at-08.45.55.jpeg",1599,899,false],"landscape":["https:\/\/repam.org.br\/cop30\/wp-content\/uploads\/2025\/07\/WhatsApp-Image-2025-07-22-at-08.45.55.jpeg",1599,899,false],"portraits":["https:\/\/repam.org.br\/cop30\/wp-content\/uploads\/2025\/07\/WhatsApp-Image-2025-07-22-at-08.45.55.jpeg",1599,899,false],"thumbnail":["https:\/\/repam.org.br\/cop30\/wp-content\/uploads\/2025\/07\/WhatsApp-Image-2025-07-22-at-08.45.55-150x150.jpeg",150,150,true],"medium":["https:\/\/repam.org.br\/cop30\/wp-content\/uploads\/2025\/07\/WhatsApp-Image-2025-07-22-at-08.45.55-300x169.jpeg",300,169,true],"large":["https:\/\/repam.org.br\/cop30\/wp-content\/uploads\/2025\/07\/WhatsApp-Image-2025-07-22-at-08.45.55-1024x576.jpeg",800,450,true],"1536x1536":["https:\/\/repam.org.br\/cop30\/wp-content\/uploads\/2025\/07\/WhatsApp-Image-2025-07-22-at-08.45.55-1536x864.jpeg",1536,864,true],"2048x2048":["https:\/\/repam.org.br\/cop30\/wp-content\/uploads\/2025\/07\/WhatsApp-Image-2025-07-22-at-08.45.55.jpeg",1599,899,false]},"rttpg_author":{"display_name":"Comunica\u00e7\u00e3o Cop30","author_link":"https:\/\/repam.org.br\/cop30\/author\/comunicacaocop30\/"},"rttpg_comment":0,"rttpg_category":"<a href=\"https:\/\/repam.org.br\/cop30\/category\/noticias\/\" rel=\"category tag\">Not\u00edcias<\/a>","rttpg_excerpt":"Mais de 300 quebradeiras de coco e representantes de 28 grupos \u00e9tnicos se reuniram em Bras\u00edlia para fortalecer a incid\u00eancia pol\u00edtica dos povos e comunidades tradicionais na luta por justi\u00e7a clim\u00e1tica Nos dias 8 e 10 de julho de 2025, o espa\u00e7o Divino Para\u00edso N\u00facleo Rural Casa Grande, em Bras\u00edlia, acolheu um encontro decisivo para&hellip;","_links":{"self":[{"href":"https:\/\/repam.org.br\/cop30\/wp-json\/wp\/v2\/posts\/16305","targetHints":{"allow":["GET"]}}],"collection":[{"href":"https:\/\/repam.org.br\/cop30\/wp-json\/wp\/v2\/posts"}],"about":[{"href":"https:\/\/repam.org.br\/cop30\/wp-json\/wp\/v2\/types\/post"}],"author":[{"embeddable":true,"href":"https:\/\/repam.org.br\/cop30\/wp-json\/wp\/v2\/users\/3"}],"replies":[{"embeddable":true,"href":"https:\/\/repam.org.br\/cop30\/wp-json\/wp\/v2\/comments?post=16305"}],"version-history":[{"count":1,"href":"https:\/\/repam.org.br\/cop30\/wp-json\/wp\/v2\/posts\/16305\/revisions"}],"predecessor-version":[{"id":16314,"href":"https:\/\/repam.org.br\/cop30\/wp-json\/wp\/v2\/posts\/16305\/revisions\/16314"}],"wp:featuredmedia":[{"embeddable":true,"href":"https:\/\/repam.org.br\/cop30\/wp-json\/wp\/v2\/media\/16311"}],"wp:attachment":[{"href":"https:\/\/repam.org.br\/cop30\/wp-json\/wp\/v2\/media?parent=16305"}],"wp:term":[{"taxonomy":"category","embeddable":true,"href":"https:\/\/repam.org.br\/cop30\/wp-json\/wp\/v2\/categories?post=16305"},{"taxonomy":"post_tag","embeddable":true,"href":"https:\/\/repam.org.br\/cop30\/wp-json\/wp\/v2\/tags?post=16305"}],"curies":[{"name":"wp","href":"https:\/\/api.w.org\/{rel}","templated":true}]}}