{"id":16332,"date":"2025-07-29T14:15:25","date_gmt":"2025-07-29T17:15:25","guid":{"rendered":"https:\/\/repam.org.br\/cop30\/?p=16332"},"modified":"2025-07-29T14:20:13","modified_gmt":"2025-07-29T17:20:13","slug":"justica-climatica-nas-ruas-de-castanhal-pa-mobilizacao-cop30-participa-do-1o-nortao-de-catequese","status":"publish","type":"post","link":"https:\/\/repam.org.br\/cop30\/justica-climatica-nas-ruas-de-castanhal-pa-mobilizacao-cop30-participa-do-1o-nortao-de-catequese\/","title":{"rendered":"Justi\u00e7a clim\u00e1tica nas ruas de Castanhal (PA): Mobiliza\u00e7\u00e3o COP30 participa do 1\u00ba Nort\u00e3o de Catequese"},"content":{"rendered":"\n<p class=\"has-dark-gray-color has-text-color has-link-color has-medium-font-size wp-elements-e932aae8ce6f58a5113cac247bba4fad\"><em>Oficina promovida durante o 1\u00ba Nort\u00e3o de Catequese convida a Igreja da Amaz\u00f4nia a escutar os clamores da Casa Comum e assumir seu papel diante da crise clim\u00e1tica<\/em><\/p>\n\n\n\n<p class=\"has-dark-gray-color has-text-color has-link-color wp-elements-d43d69a438fe4541069d7809c6733cf4\">Entre os dias 24 e 27 de julho, Castanhal (PA) acolheu o 1\u00ba Nort\u00e3o de Catequese da Amaz\u00f4nia \u2014 um encontro in\u00e9dito que reuniu catequistas e assessores de todas as Igrejas Locais da regi\u00e3o para refletir sobre os caminhos da Inicia\u00e7\u00e3o \u00e0 Vida Crist\u00e3 no ch\u00e3o amaz\u00f4nico. Em meio a confer\u00eancias, pain\u00e9is e oficinas, uma atividade especial convidou os participantes a olhar para o futuro com f\u00e9 e responsabilidade: a oficina&nbsp;\u201cOlhar Prof\u00e9tico sobre a COP30\u201d.<\/p>\n\n\n\n<p class=\"has-dark-gray-color has-text-color has-link-color wp-elements-52416a4bd19ae64b53236e33c393f6b3\">A oficina foi uma das 11 tem\u00e1ticas ofertadas no Nort\u00e3o e buscou preparar a comunidade catequ\u00e9tica da Amaz\u00f4nia para um momento hist\u00f3rico: a realiza\u00e7\u00e3o da&nbsp;COP30, em Bel\u00e9m, em novembro de 2025. Pela primeira vez, a Confer\u00eancia das Partes da ONU sobre Mudan\u00e7as Clim\u00e1ticas acontecer\u00e1 no Brasil \u2014 e ser\u00e1 na Amaz\u00f4nia, territ\u00f3rio que simboliza n\u00e3o s\u00f3 a urg\u00eancia da crise ambiental, mas tamb\u00e9m a esperan\u00e7a de novos caminhos para a humanidade.<\/p>\n\n\n\n<figure class=\"wp-block-image aligncenter size-large\"><img fetchpriority=\"high\" decoding=\"async\" width=\"1024\" height=\"768\" src=\"https:\/\/repam.org.br\/cop30\/wp-content\/uploads\/2025\/07\/WhatsApp-Image-2025-07-29-at-13.45.19-1024x768.jpeg\" alt=\"\" class=\"wp-image-16333\" srcset=\"https:\/\/repam.org.br\/cop30\/wp-content\/uploads\/2025\/07\/WhatsApp-Image-2025-07-29-at-13.45.19-1024x768.jpeg 1024w, https:\/\/repam.org.br\/cop30\/wp-content\/uploads\/2025\/07\/WhatsApp-Image-2025-07-29-at-13.45.19-300x225.jpeg 300w, https:\/\/repam.org.br\/cop30\/wp-content\/uploads\/2025\/07\/WhatsApp-Image-2025-07-29-at-13.45.19-768x576.jpeg 768w, https:\/\/repam.org.br\/cop30\/wp-content\/uploads\/2025\/07\/WhatsApp-Image-2025-07-29-at-13.45.19-1536x1152.jpeg 1536w, https:\/\/repam.org.br\/cop30\/wp-content\/uploads\/2025\/07\/WhatsApp-Image-2025-07-29-at-13.45.19.jpeg 1600w\" sizes=\"(max-width: 1024px) 100vw, 1024px\" \/><\/figure>\n\n\n\n<p class=\"has-dark-gray-color has-text-color has-link-color wp-elements-7588d774c6ce1f16a4f0870747d672c4\">A atividade se insere no esp\u00edrito do pr\u00f3prio Nort\u00e3o, cujo tema \u2014&nbsp;<em>Inicia\u00e7\u00e3o \u00e0 Vida Crist\u00e3 na Amaz\u00f4nia: an\u00fancio, mistagogia e ecologia integral&nbsp;<\/em>\u2014 expressa o desejo de uma catequese enraizada na realidade, na cultura e na espiritualidade do territ\u00f3rio amaz\u00f4nico.<\/p>\n\n\n\n<p class=\"has-dark-gray-color has-text-color has-link-color wp-elements-87c933b7d7d984ec96a5eb30703402ee\">Durante a oficina, foi proposto um mergulho profundo nas origens e objetivos da COP, explicando seu papel no enfrentamento das mudan\u00e7as clim\u00e1ticas e os desafios que a edi\u00e7\u00e3o de 2025 enfrentar\u00e1: o cumprimento do Acordo de Paris, a prote\u00e7\u00e3o dos biomas tropicais e a promo\u00e7\u00e3o da justi\u00e7a clim\u00e1tica.<\/p>\n\n\n\n<blockquote class=\"wp-block-quote is-layout-flow wp-block-quote-is-layout-flow\">\n<p class=\"has-accent-color has-text-color has-link-color wp-elements-71c23b242c0b96b9326785992f641059\">&#8221; A oficina foi \u00f3tima, porque os participantes \u2014 acredito que a maioria, como eu \u2014 n\u00e3o conheciam a COP30, e puderam ter esclarecimentos sobre o que \u00e9 e o que vai acontecer em Bel\u00e9m. Ficou uma conscientiza\u00e7\u00e3o: que a gente possa, cada vez mais, conservar o nosso meio ambiente, a nossa Amaz\u00f4nia\u201d, conta Magno Rayal, de Castanhal, PA.<\/p>\n<\/blockquote>\n\n\n\n<figure class=\"wp-block-image aligncenter size-large\"><img decoding=\"async\" width=\"768\" height=\"1024\" src=\"https:\/\/repam.org.br\/cop30\/wp-content\/uploads\/2025\/07\/WhatsApp-Image-2025-07-29-at-13.47.21-768x1024.jpeg\" alt=\"\" class=\"wp-image-16335\" srcset=\"https:\/\/repam.org.br\/cop30\/wp-content\/uploads\/2025\/07\/WhatsApp-Image-2025-07-29-at-13.47.21-768x1024.jpeg 768w, https:\/\/repam.org.br\/cop30\/wp-content\/uploads\/2025\/07\/WhatsApp-Image-2025-07-29-at-13.47.21-225x300.jpeg 225w, https:\/\/repam.org.br\/cop30\/wp-content\/uploads\/2025\/07\/WhatsApp-Image-2025-07-29-at-13.47.21-1152x1536.jpeg 1152w, https:\/\/repam.org.br\/cop30\/wp-content\/uploads\/2025\/07\/WhatsApp-Image-2025-07-29-at-13.47.21.jpeg 1200w\" sizes=\"(max-width: 768px) 100vw, 768px\" \/><\/figure>\n\n\n\n<blockquote class=\"wp-block-quote is-layout-flow wp-block-quote-is-layout-flow\">\n<p class=\"has-accent-color has-text-color has-link-color wp-elements-2a51d2a655526d6b3a283eef409e710e\">\u201cO tema do 1\u00ba Nort\u00e3o da Catequese tamb\u00e9m trabalha a quest\u00e3o da ecologia integral. Falar de ecologia integral na catequese significa que&nbsp;n\u00e3o podemos nos preocupar apenas com os assuntos internos \u00e0s paredes da Igreja. \u00c9 preciso olhar para fora, olhar para a vida concreta das nossas popula\u00e7\u00f5es. A nossa oficina sobre o&nbsp;&#8220;Olhar Prof\u00e9tico para a COP30&#8221;&nbsp;quis despertar exatamente isso: que ecologia integral&nbsp;n\u00e3o \u00e9 algo rom\u00e2ntico. A ecologia integral \u00e9 luta, \u00e9 trabalho, \u00e9 constru\u00e7\u00e3o conjunta. Por isso, a necessidade dessa oficina \u2014 dessa reflex\u00e3o aqui e para al\u00e9m daqui\u201d, ressalta Victor Paiva, coordenador do 1<sup>o <\/sup>Nort\u00e3o.<\/p>\n<\/blockquote>\n\n\n\n<p class=\"has-medium-font-size\">Lambe-lambes e participa\u00e7\u00e3o coletiva: uma arte que convoca<\/p>\n\n\n\n<p class=\"has-dark-gray-color has-text-color has-link-color wp-elements-960baf8525b6fdcebcde9898bf06d7ba\">Na segunda parte da oficina, os participantes foram convidados a expressar de forma concreta e visual o compromisso com a Casa Comum:&nbsp;juntos, criaram e colaram um mural coletivo de lambe-lambes&nbsp;no muro da Escola de Artes S\u00e3o Lucas, em Castanhal. A proposta art\u00edstica carregava uma mensagem clara e provocadora: a COP30 ser\u00e1 um espa\u00e7o de encontro entre diferentes culturas e pa\u00edses, mas nenhum acordo global ter\u00e1 for\u00e7a se n\u00e3o houver tamb\u00e9m engajamento local.<\/p>\n\n\n\n<blockquote class=\"wp-block-quote is-layout-flow wp-block-quote-is-layout-flow\">\n<p class=\"has-accent-color has-text-color has-link-color wp-elements-a735772cf88a017643c882be440f942b\">&#8220;Desde o come\u00e7o da oficina, achei bastante interessante. Era uma coisa que eu n\u00e3o sabia, n\u00e3o tinha conhecimento. E, a partir do momento em que as meninas come\u00e7aram a palestra, explicando tudinho, a gente come\u00e7a a lembrar o que est\u00e1 acontecendo no nosso munic\u00edpio, no nosso estado e no nosso Brasil todinho. E quando elas chamaram pra fazer o lambe-lambe, n\u00e3o pensei duas vezes. Eu falei: &#8216;meu nome \u00e9 pronto!'&#8221;, compartilha L\u00eddia Helena, de S\u00e3o F\u00e9lix do Xingu, PA.<\/p>\n<\/blockquote>\n\n\n\n<p class=\"has-dark-gray-color has-text-color has-link-color wp-elements-cf014235e635d474354bda6ea5ff59b0\">Cada lambe representava uma parte dessa constru\u00e7\u00e3o coletiva \u2014 uma pe\u00e7a que, isolada, pode parecer pequena, mas que ganha pot\u00eancia quando se junta a outras. A a\u00e7\u00e3o foi uma met\u00e1fora visual do pr\u00f3prio desafio clim\u00e1tico:&nbsp;para gerar impacto real, todos precisam participar. N\u00e3o basta esperar que os l\u00edderes ajam \u2014 \u00e9 preciso que cada pessoa, cada comunidade, cada territ\u00f3rio tamb\u00e9m se movimente.<\/p>\n\n\n\n<figure class=\"wp-block-gallery has-nested-images columns-default is-cropped wp-block-gallery-1 is-layout-flex wp-block-gallery-is-layout-flex\">\n<figure class=\"wp-block-image size-large\"><img decoding=\"async\" width=\"1024\" height=\"768\" data-id=\"16337\" src=\"https:\/\/repam.org.br\/cop30\/wp-content\/uploads\/2025\/07\/WhatsApp-Image-2025-07-29-at-13.45.22-2-1-1024x768.jpeg\" alt=\"\" class=\"wp-image-16337\" srcset=\"https:\/\/repam.org.br\/cop30\/wp-content\/uploads\/2025\/07\/WhatsApp-Image-2025-07-29-at-13.45.22-2-1-1024x768.jpeg 1024w, https:\/\/repam.org.br\/cop30\/wp-content\/uploads\/2025\/07\/WhatsApp-Image-2025-07-29-at-13.45.22-2-1-300x225.jpeg 300w, https:\/\/repam.org.br\/cop30\/wp-content\/uploads\/2025\/07\/WhatsApp-Image-2025-07-29-at-13.45.22-2-1-768x576.jpeg 768w, https:\/\/repam.org.br\/cop30\/wp-content\/uploads\/2025\/07\/WhatsApp-Image-2025-07-29-at-13.45.22-2-1-1536x1152.jpeg 1536w, https:\/\/repam.org.br\/cop30\/wp-content\/uploads\/2025\/07\/WhatsApp-Image-2025-07-29-at-13.45.22-2-1.jpeg 1600w\" sizes=\"(max-width: 1024px) 100vw, 1024px\" \/><figcaption class=\"wp-element-caption\">Oficina de lambe-lambe<\/figcaption><\/figure>\n\n\n\n<figure class=\"wp-block-image size-large\"><img loading=\"lazy\" decoding=\"async\" width=\"768\" height=\"1024\" data-id=\"16338\" src=\"https:\/\/repam.org.br\/cop30\/wp-content\/uploads\/2025\/07\/WhatsApp-Image-2025-07-29-at-13.45.24-1-768x1024.jpeg\" alt=\"\" class=\"wp-image-16338\" srcset=\"https:\/\/repam.org.br\/cop30\/wp-content\/uploads\/2025\/07\/WhatsApp-Image-2025-07-29-at-13.45.24-1-768x1024.jpeg 768w, https:\/\/repam.org.br\/cop30\/wp-content\/uploads\/2025\/07\/WhatsApp-Image-2025-07-29-at-13.45.24-1-225x300.jpeg 225w, https:\/\/repam.org.br\/cop30\/wp-content\/uploads\/2025\/07\/WhatsApp-Image-2025-07-29-at-13.45.24-1-1152x1536.jpeg 1152w, https:\/\/repam.org.br\/cop30\/wp-content\/uploads\/2025\/07\/WhatsApp-Image-2025-07-29-at-13.45.24-1.jpeg 1200w\" sizes=\"(max-width: 768px) 100vw, 768px\" \/><figcaption class=\"wp-element-caption\">Oficina de lambe-lambe<\/figcaption><\/figure>\n<\/figure>\n\n\n\n<p class=\"has-dark-gray-color has-text-color has-link-color wp-elements-4468d00aa94949eb6824b24319123679\">Mais do que um exerc\u00edcio criativo, o mural se tornou um&nbsp;gesto simb\u00f3lico de mobiliza\u00e7\u00e3o comunit\u00e1ria&nbsp;\u2014 um convite \u00e0 responsabilidade compartilhada, \u00e0 express\u00e3o p\u00fablica das ideias e \u00e0 ocupa\u00e7\u00e3o dos espa\u00e7os com mensagens de esperan\u00e7a e justi\u00e7a.<\/p>\n\n\n\n<figure class=\"wp-block-pullquote has-accent-color has-white-background-color has-text-color has-background has-link-color wp-elements-1badc4a790fcbf1916a767438a225c97\"><blockquote><p>\u201cUma mensagem coletiva, constru\u00edda por partes. Um chamado para ocupar espa\u00e7os e deixar nossas ideias vis\u00edveis. Uma a\u00e7\u00e3o simples que s\u00f3 funciona quando todos participam.\u201d<\/p><cite>Victor Paiva<\/cite><\/blockquote><\/figure>\n\n\n\n<p class=\"has-dark-gray-color has-text-color has-link-color wp-elements-8fb84dab8cf617253bbe096e96fe5cf8\">Ao final, os participantes deixaram uma ora\u00e7\u00e3o estampada no mural \u2014 uma s\u00faplica que resume o esp\u00edrito da oficina e da caminhada da Igreja na Amaz\u00f4nia rumo \u00e0 COP30:<\/p>\n\n\n\n<p class=\"has-dark-gray-color has-text-color has-link-color wp-elements-8968d49a43ab088a81e118d7dbe57f49\">\u201cSenhor, tomai-nos sob o vosso poder e a vossa luz, para proteger cada vida, para preparar um futuro melhor, para que venha o vosso Reino de justi\u00e7a, paz, amor e beleza. Louvado sejais!\u201d<\/p>\n\n\n\n<p class=\"has-dark-gray-color has-text-color has-link-color wp-elements-cce8817cb854809f63c6822f2638e456\">Uma arte coletiva, uma prece em forma de a\u00e7\u00e3o, um compromisso lan\u00e7ado ao mundo.&nbsp;Porque cuidar da cria\u00e7\u00e3o \u00e9 tamb\u00e9m um ato de f\u00e9, coragem e esperan\u00e7a.<\/p>\n\n\n\n<figure class=\"wp-block-image aligncenter size-large\"><img loading=\"lazy\" decoding=\"async\" width=\"1024\" height=\"768\" src=\"https:\/\/repam.org.br\/cop30\/wp-content\/uploads\/2025\/07\/WhatsApp-Image-2025-07-29-at-13.45.24-1024x768.jpeg\" alt=\"\" class=\"wp-image-16339\" srcset=\"https:\/\/repam.org.br\/cop30\/wp-content\/uploads\/2025\/07\/WhatsApp-Image-2025-07-29-at-13.45.24-1024x768.jpeg 1024w, https:\/\/repam.org.br\/cop30\/wp-content\/uploads\/2025\/07\/WhatsApp-Image-2025-07-29-at-13.45.24-300x225.jpeg 300w, https:\/\/repam.org.br\/cop30\/wp-content\/uploads\/2025\/07\/WhatsApp-Image-2025-07-29-at-13.45.24-768x576.jpeg 768w, https:\/\/repam.org.br\/cop30\/wp-content\/uploads\/2025\/07\/WhatsApp-Image-2025-07-29-at-13.45.24-1536x1152.jpeg 1536w, https:\/\/repam.org.br\/cop30\/wp-content\/uploads\/2025\/07\/WhatsApp-Image-2025-07-29-at-13.45.24.jpeg 1600w\" sizes=\"(max-width: 1024px) 100vw, 1024px\" \/><\/figure>\n","protected":false},"excerpt":{"rendered":"<p>Oficina promovida durante o 1\u00ba Nort\u00e3o de Catequese convida a Igreja da Amaz\u00f4nia a escutar os clamores da Casa Comum e assumir seu papel diante da crise clim\u00e1tica Entre os dias 24 e 27 de julho, Castanhal (PA) acolheu o 1\u00ba Nort\u00e3o de Catequese da Amaz\u00f4nia \u2014 um encontro in\u00e9dito que reuniu catequistas e assessores de todas as Igrejas Locais da regi\u00e3o para refletir sobre os caminhos da Inicia\u00e7\u00e3o \u00e0 Vida Crist\u00e3 no ch\u00e3o amaz\u00f4nico. Em meio a confer\u00eancias, pain\u00e9is e oficinas, uma atividade especial convidou os participantes a olhar para o futuro com f\u00e9 e responsabilidade: a oficina&nbsp;\u201cOlhar Prof\u00e9tico sobre a COP30\u201d. A oficina foi uma das 11 tem\u00e1ticas ofertadas no Nort\u00e3o e buscou preparar a comunidade catequ\u00e9tica da Amaz\u00f4nia para um momento hist\u00f3rico: a realiza\u00e7\u00e3o da&nbsp;COP30, em Bel\u00e9m, em novembro de 2025. Pela primeira vez, a Confer\u00eancia das Partes da ONU sobre Mudan\u00e7as Clim\u00e1ticas acontecer\u00e1 no Brasil \u2014 e ser\u00e1 na Amaz\u00f4nia, territ\u00f3rio que simboliza n\u00e3o s\u00f3 a urg\u00eancia da crise ambiental, mas tamb\u00e9m a esperan\u00e7a de novos caminhos para a humanidade. A atividade se insere no esp\u00edrito do pr\u00f3prio Nort\u00e3o, cujo tema \u2014&nbsp;Inicia\u00e7\u00e3o \u00e0 Vida Crist\u00e3 na Amaz\u00f4nia: an\u00fancio, mistagogia e ecologia integral&nbsp;\u2014 expressa o desejo de uma catequese enraizada na realidade, na cultura e na espiritualidade do territ\u00f3rio amaz\u00f4nico. Durante a oficina, foi proposto um mergulho profundo nas origens e objetivos da COP, explicando seu papel no enfrentamento das mudan\u00e7as clim\u00e1ticas e os desafios que a edi\u00e7\u00e3o de 2025 enfrentar\u00e1: o cumprimento do Acordo de Paris, a prote\u00e7\u00e3o dos biomas tropicais e a promo\u00e7\u00e3o da justi\u00e7a clim\u00e1tica. &#8221; A oficina foi \u00f3tima, porque os participantes \u2014 acredito que a maioria, como eu \u2014 n\u00e3o conheciam a COP30, e puderam ter esclarecimentos sobre o que \u00e9 e o que vai acontecer em Bel\u00e9m. Ficou uma conscientiza\u00e7\u00e3o: que a gente possa, cada vez mais, conservar o nosso meio ambiente, a nossa Amaz\u00f4nia\u201d, conta Magno Rayal, de Castanhal, PA. \u201cO tema do 1\u00ba Nort\u00e3o da Catequese tamb\u00e9m trabalha a quest\u00e3o da ecologia integral. Falar de ecologia integral na catequese significa que&nbsp;n\u00e3o podemos nos preocupar apenas com os assuntos internos \u00e0s paredes da Igreja. \u00c9 preciso olhar para fora, olhar para a vida concreta das nossas popula\u00e7\u00f5es. A nossa oficina sobre o&nbsp;&#8220;Olhar Prof\u00e9tico para a COP30&#8221;&nbsp;quis despertar exatamente isso: que ecologia integral&nbsp;n\u00e3o \u00e9 algo rom\u00e2ntico. A ecologia integral \u00e9 luta, \u00e9 trabalho, \u00e9 constru\u00e7\u00e3o conjunta. Por isso, a necessidade dessa oficina \u2014 dessa reflex\u00e3o aqui e para al\u00e9m daqui\u201d, ressalta Victor Paiva, coordenador do 1o Nort\u00e3o. Lambe-lambes e participa\u00e7\u00e3o coletiva: uma arte que convoca Na segunda parte da oficina, os participantes foram convidados a expressar de forma concreta e visual o compromisso com a Casa Comum:&nbsp;juntos, criaram e colaram um mural coletivo de lambe-lambes&nbsp;no muro da Escola de Artes S\u00e3o Lucas, em Castanhal. A proposta art\u00edstica carregava uma mensagem clara e provocadora: a COP30 ser\u00e1 um espa\u00e7o de encontro entre diferentes culturas e pa\u00edses, mas nenhum acordo global ter\u00e1 for\u00e7a se n\u00e3o houver tamb\u00e9m engajamento local. &#8220;Desde o come\u00e7o da oficina, achei bastante interessante. Era uma coisa que eu n\u00e3o sabia, n\u00e3o tinha conhecimento. E, a partir do momento em que as meninas come\u00e7aram a palestra, explicando tudinho, a gente come\u00e7a a lembrar o que est\u00e1 acontecendo no nosso munic\u00edpio, no nosso estado e no nosso Brasil todinho. E quando elas chamaram pra fazer o lambe-lambe, n\u00e3o pensei duas vezes. Eu falei: &#8216;meu nome \u00e9 pronto!&#8217;&#8221;, compartilha L\u00eddia Helena, de S\u00e3o F\u00e9lix do Xingu, PA. Cada lambe representava uma parte dessa constru\u00e7\u00e3o coletiva \u2014 uma pe\u00e7a que, isolada, pode parecer pequena, mas que ganha pot\u00eancia quando se junta a outras. A a\u00e7\u00e3o foi uma met\u00e1fora visual do pr\u00f3prio desafio clim\u00e1tico:&nbsp;para gerar impacto real, todos precisam participar. N\u00e3o basta esperar que os l\u00edderes ajam \u2014 \u00e9 preciso que cada pessoa, cada comunidade, cada territ\u00f3rio tamb\u00e9m se movimente. Mais do que um exerc\u00edcio criativo, o mural se tornou um&nbsp;gesto simb\u00f3lico de mobiliza\u00e7\u00e3o comunit\u00e1ria&nbsp;\u2014 um convite \u00e0 responsabilidade compartilhada, \u00e0 express\u00e3o p\u00fablica das ideias e \u00e0 ocupa\u00e7\u00e3o dos espa\u00e7os com mensagens de esperan\u00e7a e justi\u00e7a. \u201cUma mensagem coletiva, constru\u00edda por partes. Um chamado para ocupar espa\u00e7os e deixar nossas ideias vis\u00edveis. Uma a\u00e7\u00e3o simples que s\u00f3 funciona quando todos participam.\u201d Victor Paiva Ao final, os participantes deixaram uma ora\u00e7\u00e3o estampada no mural \u2014 uma s\u00faplica que resume o esp\u00edrito da oficina e da caminhada da Igreja na Amaz\u00f4nia rumo \u00e0 COP30: \u201cSenhor, tomai-nos sob o vosso poder e a vossa luz, para proteger cada vida, para preparar um futuro melhor, para que venha o vosso Reino de justi\u00e7a, paz, amor e beleza. Louvado sejais!\u201d Uma arte coletiva, uma prece em forma de a\u00e7\u00e3o, um compromisso lan\u00e7ado ao mundo.&nbsp;Porque cuidar da cria\u00e7\u00e3o \u00e9 tamb\u00e9m um ato de f\u00e9, coragem e esperan\u00e7a.<\/p>\n","protected":false},"author":3,"featured_media":16341,"comment_status":"open","ping_status":"open","sticky":false,"template":"","format":"standard","meta":{"footnotes":""},"categories":[5],"tags":[13,14,15,17,18,19,7,8],"class_list":["post-16332","post","type-post","status-publish","format-standard","has-post-thumbnail","hentry","category-noticias","tag-amazonia","tag-conferencia-do-clima-da-onu","tag-cop-30","tag-mudanca-climatica","tag-populacoes-tradionais","tag-povos-indigenas","tag-repam","tag-repam-brasil"],"rttpg_featured_image_url":{"full":["https:\/\/repam.org.br\/cop30\/wp-content\/uploads\/2025\/07\/WhatsApp-Image-2025-07-29-at-13.45.23-1.jpeg",1600,1200,false],"landscape":["https:\/\/repam.org.br\/cop30\/wp-content\/uploads\/2025\/07\/WhatsApp-Image-2025-07-29-at-13.45.23-1.jpeg",1600,1200,false],"portraits":["https:\/\/repam.org.br\/cop30\/wp-content\/uploads\/2025\/07\/WhatsApp-Image-2025-07-29-at-13.45.23-1.jpeg",1600,1200,false],"thumbnail":["https:\/\/repam.org.br\/cop30\/wp-content\/uploads\/2025\/07\/WhatsApp-Image-2025-07-29-at-13.45.23-1-150x150.jpeg",150,150,true],"medium":["https:\/\/repam.org.br\/cop30\/wp-content\/uploads\/2025\/07\/WhatsApp-Image-2025-07-29-at-13.45.23-1-300x225.jpeg",300,225,true],"large":["https:\/\/repam.org.br\/cop30\/wp-content\/uploads\/2025\/07\/WhatsApp-Image-2025-07-29-at-13.45.23-1-1024x768.jpeg",800,600,true],"1536x1536":["https:\/\/repam.org.br\/cop30\/wp-content\/uploads\/2025\/07\/WhatsApp-Image-2025-07-29-at-13.45.23-1-1536x1152.jpeg",1536,1152,true],"2048x2048":["https:\/\/repam.org.br\/cop30\/wp-content\/uploads\/2025\/07\/WhatsApp-Image-2025-07-29-at-13.45.23-1.jpeg",1600,1200,false]},"rttpg_author":{"display_name":"Comunica\u00e7\u00e3o Cop30","author_link":"https:\/\/repam.org.br\/cop30\/author\/comunicacaocop30\/"},"rttpg_comment":0,"rttpg_category":"<a href=\"https:\/\/repam.org.br\/cop30\/category\/noticias\/\" rel=\"category tag\">Not\u00edcias<\/a>","rttpg_excerpt":"Oficina promovida durante o 1\u00ba Nort\u00e3o de Catequese convida a Igreja da Amaz\u00f4nia a escutar os clamores da Casa Comum e assumir seu papel diante da crise clim\u00e1tica Entre os dias 24 e 27 de julho, Castanhal (PA) acolheu o 1\u00ba Nort\u00e3o de Catequese da Amaz\u00f4nia \u2014 um encontro in\u00e9dito que reuniu catequistas e assessores&hellip;","_links":{"self":[{"href":"https:\/\/repam.org.br\/cop30\/wp-json\/wp\/v2\/posts\/16332","targetHints":{"allow":["GET"]}}],"collection":[{"href":"https:\/\/repam.org.br\/cop30\/wp-json\/wp\/v2\/posts"}],"about":[{"href":"https:\/\/repam.org.br\/cop30\/wp-json\/wp\/v2\/types\/post"}],"author":[{"embeddable":true,"href":"https:\/\/repam.org.br\/cop30\/wp-json\/wp\/v2\/users\/3"}],"replies":[{"embeddable":true,"href":"https:\/\/repam.org.br\/cop30\/wp-json\/wp\/v2\/comments?post=16332"}],"version-history":[{"count":6,"href":"https:\/\/repam.org.br\/cop30\/wp-json\/wp\/v2\/posts\/16332\/revisions"}],"predecessor-version":[{"id":16348,"href":"https:\/\/repam.org.br\/cop30\/wp-json\/wp\/v2\/posts\/16332\/revisions\/16348"}],"wp:featuredmedia":[{"embeddable":true,"href":"https:\/\/repam.org.br\/cop30\/wp-json\/wp\/v2\/media\/16341"}],"wp:attachment":[{"href":"https:\/\/repam.org.br\/cop30\/wp-json\/wp\/v2\/media?parent=16332"}],"wp:term":[{"taxonomy":"category","embeddable":true,"href":"https:\/\/repam.org.br\/cop30\/wp-json\/wp\/v2\/categories?post=16332"},{"taxonomy":"post_tag","embeddable":true,"href":"https:\/\/repam.org.br\/cop30\/wp-json\/wp\/v2\/tags?post=16332"}],"curies":[{"name":"wp","href":"https:\/\/api.w.org\/{rel}","templated":true}]}}