{"id":16354,"date":"2025-07-31T15:25:55","date_gmt":"2025-07-31T18:25:55","guid":{"rendered":"https:\/\/repam.org.br\/cop30\/?p=16354"},"modified":"2025-07-31T15:29:09","modified_gmt":"2025-07-31T18:29:09","slug":"pescadoras-e-pescadores-artesanais-fortalecem-organizacao-nacional-rumo-a-cop30","status":"publish","type":"post","link":"https:\/\/repam.org.br\/cop30\/pescadoras-e-pescadores-artesanais-fortalecem-organizacao-nacional-rumo-a-cop30\/","title":{"rendered":"Pescadoras e pescadores artesanais fortalecem organiza\u00e7\u00e3o nacional rumo \u00e0 COP30"},"content":{"rendered":"\n<p class=\"has-medium-font-size\"><em>Semin\u00e1rio em Santar\u00e9m re\u00fane representantes de 12 estados para construir posicionamentos sobre a crise clim\u00e1tica e reafirmar a defesa dos territ\u00f3rios das \u00e1guas<\/em><\/p>\n\n\n\n<p class=\"has-dark-gray-color has-text-color has-link-color wp-elements-4c6febe6b07c184e0dc7e6209c47b6eb\">Entre os dias 24 e 26 de julho de 2025, pescadoras e pescadores artesanais de diversas regi\u00f5es do Brasil estiveram reunidos em Santar\u00e9m (PA) para o&nbsp;<em>Semin\u00e1rio de Prepara\u00e7\u00e3o \u00e0 COP30<\/em>. A atividade teve como objetivo fortalecer a organiza\u00e7\u00e3o e a incid\u00eancia pol\u00edtica do segmento frente \u00e0 30\u00aa Confer\u00eancia das Partes da ONU sobre Mudan\u00e7as Clim\u00e1ticas, que ser\u00e1 realizada em Bel\u00e9m, no pr\u00f3ximo ano.<\/p>\n\n\n\n<p class=\"has-dark-gray-color has-text-color has-link-color wp-elements-d299fad115a9b94566b17512f1ce0523\">Durante o encontro, foram debatidos os impactos da crise clim\u00e1tica nos territ\u00f3rios pesqueiros, as amea\u00e7as dos grandes empreendimentos e os riscos representados pelas chamadas \u201cfalsas solu\u00e7\u00f5es\u201d, como os cr\u00e9ditos de carbono e outros mecanismos de mercado que desconsideram os modos de vida tradicionais e aprofundam desigualdades.<\/p>\n\n\n\n<p class=\"has-dark-gray-color has-text-color has-link-color wp-elements-3e8debaa419fe4908deb8c00698387df\">O semin\u00e1rio tamb\u00e9m foi espa\u00e7o para a constru\u00e7\u00e3o coletiva de propostas e posicionamentos das comunidades pesqueiras, refor\u00e7ando a import\u00e2ncia da escuta aos povos das \u00e1guas no processo preparat\u00f3rio da COP30. Ao final da programa\u00e7\u00e3o, o grupo realizou uma marcha pelas ruas de Santar\u00e9m, denunciando os retrocessos socioambientais em curso \u2014 como o chamado&nbsp;<em>PL da devasta\u00e7\u00e3o<\/em>&nbsp;\u2014 e reafirmando a defesa dos territ\u00f3rios e da vida.<\/p>\n\n\n\n<p class=\"has-dark-gray-color has-text-color has-link-color wp-elements-d5e0ed02831ad9d185576ec897f24a8c\">A import\u00e2ncia do semin\u00e1rio tamb\u00e9m foi destacada por lideran\u00e7as do movimento. Josana Pinto, refor\u00e7ou o papel da forma\u00e7\u00e3o e da articula\u00e7\u00e3o nacional:<\/p>\n\n\n\n<p class=\"has-dark-gray-color has-text-color has-link-color wp-elements-e9e2859e27a1fe6ce72fb46952077a84\">\u201cO principal objetivo foi o empoderamento das lideran\u00e7as para participarem da COP \u2014 para a gente entender, de fato, o que significa uma confer\u00eancia do clima e como podemos nos inserir nesse espa\u00e7o. Foi muito importante, porque contou com a participa\u00e7\u00e3o de pescadoras e pescadores de 12 estados brasileiros, o que permitiu um interc\u00e2mbio entre realidades e experi\u00eancias. Tamb\u00e9m foi uma oportunidade de reencontrar e conhecer novos companheiros e companheiras da regi\u00e3o do Baixo Amazonas, que est\u00e3o integrados na luta do movimento. Houve um grande comprometimento das lideran\u00e7as em participar do semin\u00e1rio e tamb\u00e9m da COP30, fortalecendo cada vez mais o Movimento dos Pescadores e Pescadoras Artesanais em n\u00edvel nacional. A participa\u00e7\u00e3o da juventude foi essencial, pois mostra que o movimento est\u00e1 crescendo com base na forma\u00e7\u00e3o de novas lideran\u00e7as. Estamos nos empoderando das informa\u00e7\u00f5es para garantir nossa presen\u00e7a e saber como reivindicar nossos direitos.\u201d<\/p>\n\n\n\n<p class=\"has-dark-gray-color has-text-color has-link-color wp-elements-27bd321cc5315301ccdf4b5d319492b6\">A juventude tamb\u00e9m teve protagonismo nas discuss\u00f5es. Para Carla Atan\u00e1sio, jovem lideran\u00e7a do Movimento dos Pescadores e Pescadoras Artesanais (MPP) de Sergipe, a mobiliza\u00e7\u00e3o das juventudes \u00e9 fundamental para o futuro dos territ\u00f3rios:<\/p>\n\n\n\n<p class=\"has-dark-gray-color has-text-color has-link-color wp-elements-44fe266e2ed6d8b309536af80283bd97\">\u201cPensando no movimento hoje, demos um avan\u00e7o no protagonismo da juventude, coisa que h\u00e1 dois anos n\u00e3o se via. A juventude militante, como muitas outras, tem sede, tem garra e quer ser pe\u00e7a fundamental na luta por uma sociedade mais igualit\u00e1ria, com justi\u00e7a socioambiental, na luta por soberania alimentar e pelos territ\u00f3rios de povos e comunidades tradicionais. Sabemos do decl\u00ednio que ocorreu, por\u00e9m ainda \u00e9 not\u00e1vel a participa\u00e7\u00e3o e o desejo por um mundo melhor e mais acess\u00edvel. Precisamos trabalhar muito para mudar essa realidade, mostrar nossa for\u00e7a no combate a toda e qualquer injusti\u00e7a no territ\u00f3rio, nos mobilizar e articular estrat\u00e9gias para enfrentar a luta em defesa dos nossos territ\u00f3rios. Ser protagonista nas decis\u00f5es, conscientizar outros jovens sobre as crises clim\u00e1ticas e mostrar que n\u00e3o somos os principais causadores da devasta\u00e7\u00e3o da casa comum.\u201d<\/p>\n\n\n\n<p>Durante o semin\u00e1rio, tamb\u00e9m foi realizada a <strong>entrega da <a href=\"https:\/\/repam.org.br\/cop30\/abc-das-cops\/\">Cartilha ABC das COPs<\/a><\/strong> ao p\u00fablico participante. O material, desenvolvido pela Mobiliza\u00e7\u00e3o dos Povos pela Terra e pelo Clima, foi pensado como ferramenta de forma\u00e7\u00e3o pol\u00edtica e popular sobre o funcionamento das confer\u00eancias clim\u00e1ticas da ONU, al\u00e9m de apresentar os espa\u00e7os de participa\u00e7\u00e3o da sociedade civil.<\/p>\n\n\n\n<blockquote class=\"wp-block-quote is-layout-flow wp-block-quote-is-layout-flow\">\n<p>\u201cA presen\u00e7a da Articula\u00e7\u00e3o COP30 nesse encontro \u00e9 parte do nosso compromisso em garantir que pescadoras, pescadores e juventudes dos territ\u00f3rios estejam bem informados e fortalecidos para incidir nos debates da COP30. Contribuir com a forma\u00e7\u00e3o e entregar a cartilha foi uma forma concreta de apoiar esse processo de organiza\u00e7\u00e3o popular e ampliar as vozes que precisam ser ouvidas\u201d, destacou <strong>Eduardo Soares<\/strong>, da Secret\u00e1rio da Articula\u00e7\u00e3o REPAM COP30.<\/p>\n<\/blockquote>\n\n\n\n<p class=\"has-dark-gray-color has-text-color has-link-color wp-elements-f9d3b56d9d3e3357f9240cdf7a716296\">A REPAM-COP30 acompanha e apoia as mobiliza\u00e7\u00f5es que colocam no centro do debate clim\u00e1tico a realidade, as vozes e as propostas dos povos e comunidades tradicionais da Amaz\u00f4nia.<\/p>\n\n\n\n<figure class=\"wp-block-gallery has-nested-images columns-default is-cropped wp-block-gallery-1 is-layout-flex wp-block-gallery-is-layout-flex\">\n<figure class=\"wp-block-image size-large\"><img fetchpriority=\"high\" decoding=\"async\" width=\"768\" height=\"1024\" data-id=\"16357\" src=\"https:\/\/repam.org.br\/cop30\/wp-content\/uploads\/2025\/07\/WhatsApp-Image-2025-07-31-at-12.28.26-2-768x1024.jpeg\" alt=\"\" class=\"wp-image-16357\" srcset=\"https:\/\/repam.org.br\/cop30\/wp-content\/uploads\/2025\/07\/WhatsApp-Image-2025-07-31-at-12.28.26-2-768x1024.jpeg 768w, https:\/\/repam.org.br\/cop30\/wp-content\/uploads\/2025\/07\/WhatsApp-Image-2025-07-31-at-12.28.26-2-225x300.jpeg 225w, https:\/\/repam.org.br\/cop30\/wp-content\/uploads\/2025\/07\/WhatsApp-Image-2025-07-31-at-12.28.26-2-1152x1536.jpeg 1152w, https:\/\/repam.org.br\/cop30\/wp-content\/uploads\/2025\/07\/WhatsApp-Image-2025-07-31-at-12.28.26-2.jpeg 1200w\" sizes=\"(max-width: 768px) 100vw, 768px\" \/><\/figure>\n\n\n\n<figure class=\"wp-block-image size-large\"><img decoding=\"async\" width=\"1024\" height=\"768\" data-id=\"16359\" src=\"https:\/\/repam.org.br\/cop30\/wp-content\/uploads\/2025\/07\/WhatsApp-Image-2025-07-31-at-12.28.28-1024x768.jpeg\" alt=\"\" class=\"wp-image-16359\" srcset=\"https:\/\/repam.org.br\/cop30\/wp-content\/uploads\/2025\/07\/WhatsApp-Image-2025-07-31-at-12.28.28-1024x768.jpeg 1024w, https:\/\/repam.org.br\/cop30\/wp-content\/uploads\/2025\/07\/WhatsApp-Image-2025-07-31-at-12.28.28-300x225.jpeg 300w, https:\/\/repam.org.br\/cop30\/wp-content\/uploads\/2025\/07\/WhatsApp-Image-2025-07-31-at-12.28.28-768x576.jpeg 768w, https:\/\/repam.org.br\/cop30\/wp-content\/uploads\/2025\/07\/WhatsApp-Image-2025-07-31-at-12.28.28-1536x1152.jpeg 1536w, https:\/\/repam.org.br\/cop30\/wp-content\/uploads\/2025\/07\/WhatsApp-Image-2025-07-31-at-12.28.28.jpeg 1600w\" sizes=\"(max-width: 1024px) 100vw, 1024px\" \/><\/figure>\n\n\n\n<figure class=\"wp-block-image size-large\"><img decoding=\"async\" width=\"768\" height=\"1024\" data-id=\"16356\" src=\"https:\/\/repam.org.br\/cop30\/wp-content\/uploads\/2025\/07\/WhatsApp-Image-2025-07-31-at-12.28.28-2-768x1024.jpeg\" alt=\"\" class=\"wp-image-16356\" srcset=\"https:\/\/repam.org.br\/cop30\/wp-content\/uploads\/2025\/07\/WhatsApp-Image-2025-07-31-at-12.28.28-2-768x1024.jpeg 768w, https:\/\/repam.org.br\/cop30\/wp-content\/uploads\/2025\/07\/WhatsApp-Image-2025-07-31-at-12.28.28-2-225x300.jpeg 225w, https:\/\/repam.org.br\/cop30\/wp-content\/uploads\/2025\/07\/WhatsApp-Image-2025-07-31-at-12.28.28-2-1152x1536.jpeg 1152w, https:\/\/repam.org.br\/cop30\/wp-content\/uploads\/2025\/07\/WhatsApp-Image-2025-07-31-at-12.28.28-2.jpeg 1200w\" sizes=\"(max-width: 768px) 100vw, 768px\" \/><\/figure>\n\n\n\n<figure class=\"wp-block-image size-large\"><img loading=\"lazy\" decoding=\"async\" width=\"1024\" height=\"768\" data-id=\"16360\" src=\"https:\/\/repam.org.br\/cop30\/wp-content\/uploads\/2025\/07\/WhatsApp-Image-2025-07-31-at-12.28.30-5-1024x768.jpeg\" alt=\"\" class=\"wp-image-16360\" srcset=\"https:\/\/repam.org.br\/cop30\/wp-content\/uploads\/2025\/07\/WhatsApp-Image-2025-07-31-at-12.28.30-5-1024x768.jpeg 1024w, https:\/\/repam.org.br\/cop30\/wp-content\/uploads\/2025\/07\/WhatsApp-Image-2025-07-31-at-12.28.30-5-300x225.jpeg 300w, https:\/\/repam.org.br\/cop30\/wp-content\/uploads\/2025\/07\/WhatsApp-Image-2025-07-31-at-12.28.30-5-768x576.jpeg 768w, https:\/\/repam.org.br\/cop30\/wp-content\/uploads\/2025\/07\/WhatsApp-Image-2025-07-31-at-12.28.30-5-1536x1152.jpeg 1536w, https:\/\/repam.org.br\/cop30\/wp-content\/uploads\/2025\/07\/WhatsApp-Image-2025-07-31-at-12.28.30-5.jpeg 1600w\" sizes=\"(max-width: 1024px) 100vw, 1024px\" \/><\/figure>\n<\/figure>\n","protected":false},"excerpt":{"rendered":"<p>Semin\u00e1rio em Santar\u00e9m re\u00fane representantes de 12 estados para construir posicionamentos sobre a crise clim\u00e1tica e reafirmar a defesa dos territ\u00f3rios das \u00e1guas Entre os dias 24 e 26 de julho de 2025, pescadoras e pescadores artesanais de diversas regi\u00f5es do Brasil estiveram reunidos em Santar\u00e9m (PA) para o&nbsp;Semin\u00e1rio de Prepara\u00e7\u00e3o \u00e0 COP30. A atividade teve como objetivo fortalecer a organiza\u00e7\u00e3o e a incid\u00eancia pol\u00edtica do segmento frente \u00e0 30\u00aa Confer\u00eancia das Partes da ONU sobre Mudan\u00e7as Clim\u00e1ticas, que ser\u00e1 realizada em Bel\u00e9m, no pr\u00f3ximo ano. Durante o encontro, foram debatidos os impactos da crise clim\u00e1tica nos territ\u00f3rios pesqueiros, as amea\u00e7as dos grandes empreendimentos e os riscos representados pelas chamadas \u201cfalsas solu\u00e7\u00f5es\u201d, como os cr\u00e9ditos de carbono e outros mecanismos de mercado que desconsideram os modos de vida tradicionais e aprofundam desigualdades. O semin\u00e1rio tamb\u00e9m foi espa\u00e7o para a constru\u00e7\u00e3o coletiva de propostas e posicionamentos das comunidades pesqueiras, refor\u00e7ando a import\u00e2ncia da escuta aos povos das \u00e1guas no processo preparat\u00f3rio da COP30. Ao final da programa\u00e7\u00e3o, o grupo realizou uma marcha pelas ruas de Santar\u00e9m, denunciando os retrocessos socioambientais em curso \u2014 como o chamado&nbsp;PL da devasta\u00e7\u00e3o&nbsp;\u2014 e reafirmando a defesa dos territ\u00f3rios e da vida. A import\u00e2ncia do semin\u00e1rio tamb\u00e9m foi destacada por lideran\u00e7as do movimento. Josana Pinto, refor\u00e7ou o papel da forma\u00e7\u00e3o e da articula\u00e7\u00e3o nacional: \u201cO principal objetivo foi o empoderamento das lideran\u00e7as para participarem da COP \u2014 para a gente entender, de fato, o que significa uma confer\u00eancia do clima e como podemos nos inserir nesse espa\u00e7o. Foi muito importante, porque contou com a participa\u00e7\u00e3o de pescadoras e pescadores de 12 estados brasileiros, o que permitiu um interc\u00e2mbio entre realidades e experi\u00eancias. Tamb\u00e9m foi uma oportunidade de reencontrar e conhecer novos companheiros e companheiras da regi\u00e3o do Baixo Amazonas, que est\u00e3o integrados na luta do movimento. Houve um grande comprometimento das lideran\u00e7as em participar do semin\u00e1rio e tamb\u00e9m da COP30, fortalecendo cada vez mais o Movimento dos Pescadores e Pescadoras Artesanais em n\u00edvel nacional. A participa\u00e7\u00e3o da juventude foi essencial, pois mostra que o movimento est\u00e1 crescendo com base na forma\u00e7\u00e3o de novas lideran\u00e7as. Estamos nos empoderando das informa\u00e7\u00f5es para garantir nossa presen\u00e7a e saber como reivindicar nossos direitos.\u201d A juventude tamb\u00e9m teve protagonismo nas discuss\u00f5es. Para Carla Atan\u00e1sio, jovem lideran\u00e7a do Movimento dos Pescadores e Pescadoras Artesanais (MPP) de Sergipe, a mobiliza\u00e7\u00e3o das juventudes \u00e9 fundamental para o futuro dos territ\u00f3rios: \u201cPensando no movimento hoje, demos um avan\u00e7o no protagonismo da juventude, coisa que h\u00e1 dois anos n\u00e3o se via. A juventude militante, como muitas outras, tem sede, tem garra e quer ser pe\u00e7a fundamental na luta por uma sociedade mais igualit\u00e1ria, com justi\u00e7a socioambiental, na luta por soberania alimentar e pelos territ\u00f3rios de povos e comunidades tradicionais. Sabemos do decl\u00ednio que ocorreu, por\u00e9m ainda \u00e9 not\u00e1vel a participa\u00e7\u00e3o e o desejo por um mundo melhor e mais acess\u00edvel. Precisamos trabalhar muito para mudar essa realidade, mostrar nossa for\u00e7a no combate a toda e qualquer injusti\u00e7a no territ\u00f3rio, nos mobilizar e articular estrat\u00e9gias para enfrentar a luta em defesa dos nossos territ\u00f3rios. Ser protagonista nas decis\u00f5es, conscientizar outros jovens sobre as crises clim\u00e1ticas e mostrar que n\u00e3o somos os principais causadores da devasta\u00e7\u00e3o da casa comum.\u201d Durante o semin\u00e1rio, tamb\u00e9m foi realizada a entrega da Cartilha ABC das COPs ao p\u00fablico participante. O material, desenvolvido pela Mobiliza\u00e7\u00e3o dos Povos pela Terra e pelo Clima, foi pensado como ferramenta de forma\u00e7\u00e3o pol\u00edtica e popular sobre o funcionamento das confer\u00eancias clim\u00e1ticas da ONU, al\u00e9m de apresentar os espa\u00e7os de participa\u00e7\u00e3o da sociedade civil. \u201cA presen\u00e7a da Articula\u00e7\u00e3o COP30 nesse encontro \u00e9 parte do nosso compromisso em garantir que pescadoras, pescadores e juventudes dos territ\u00f3rios estejam bem informados e fortalecidos para incidir nos debates da COP30. Contribuir com a forma\u00e7\u00e3o e entregar a cartilha foi uma forma concreta de apoiar esse processo de organiza\u00e7\u00e3o popular e ampliar as vozes que precisam ser ouvidas\u201d, destacou Eduardo Soares, da Secret\u00e1rio da Articula\u00e7\u00e3o REPAM COP30. A REPAM-COP30 acompanha e apoia as mobiliza\u00e7\u00f5es que colocam no centro do debate clim\u00e1tico a realidade, as vozes e as propostas dos povos e comunidades tradicionais da Amaz\u00f4nia.<\/p>\n","protected":false},"author":3,"featured_media":16355,"comment_status":"open","ping_status":"open","sticky":false,"template":"","format":"standard","meta":{"footnotes":""},"categories":[5],"tags":[13,14,15,17,45,18,7,8],"class_list":["post-16354","post","type-post","status-publish","format-standard","has-post-thumbnail","hentry","category-noticias","tag-amazonia","tag-conferencia-do-clima-da-onu","tag-cop-30","tag-mudanca-climatica","tag-pescadores-artesanais","tag-populacoes-tradionais","tag-repam","tag-repam-brasil"],"rttpg_featured_image_url":{"full":["https:\/\/repam.org.br\/cop30\/wp-content\/uploads\/2025\/07\/WhatsApp-Image-2025-07-31-at-12.28.31-1.jpeg",1600,1200,false],"landscape":["https:\/\/repam.org.br\/cop30\/wp-content\/uploads\/2025\/07\/WhatsApp-Image-2025-07-31-at-12.28.31-1.jpeg",1600,1200,false],"portraits":["https:\/\/repam.org.br\/cop30\/wp-content\/uploads\/2025\/07\/WhatsApp-Image-2025-07-31-at-12.28.31-1.jpeg",1600,1200,false],"thumbnail":["https:\/\/repam.org.br\/cop30\/wp-content\/uploads\/2025\/07\/WhatsApp-Image-2025-07-31-at-12.28.31-1-150x150.jpeg",150,150,true],"medium":["https:\/\/repam.org.br\/cop30\/wp-content\/uploads\/2025\/07\/WhatsApp-Image-2025-07-31-at-12.28.31-1-300x225.jpeg",300,225,true],"large":["https:\/\/repam.org.br\/cop30\/wp-content\/uploads\/2025\/07\/WhatsApp-Image-2025-07-31-at-12.28.31-1-1024x768.jpeg",800,600,true],"1536x1536":["https:\/\/repam.org.br\/cop30\/wp-content\/uploads\/2025\/07\/WhatsApp-Image-2025-07-31-at-12.28.31-1-1536x1152.jpeg",1536,1152,true],"2048x2048":["https:\/\/repam.org.br\/cop30\/wp-content\/uploads\/2025\/07\/WhatsApp-Image-2025-07-31-at-12.28.31-1.jpeg",1600,1200,false]},"rttpg_author":{"display_name":"Comunica\u00e7\u00e3o Cop30","author_link":"https:\/\/repam.org.br\/cop30\/author\/comunicacaocop30\/"},"rttpg_comment":0,"rttpg_category":"<a href=\"https:\/\/repam.org.br\/cop30\/category\/noticias\/\" rel=\"category tag\">Not\u00edcias<\/a>","rttpg_excerpt":"Semin\u00e1rio em Santar\u00e9m re\u00fane representantes de 12 estados para construir posicionamentos sobre a crise clim\u00e1tica e reafirmar a defesa dos territ\u00f3rios das \u00e1guas Entre os dias 24 e 26 de julho de 2025, pescadoras e pescadores artesanais de diversas regi\u00f5es do Brasil estiveram reunidos em Santar\u00e9m (PA) para o&nbsp;Semin\u00e1rio de Prepara\u00e7\u00e3o \u00e0 COP30. A atividade&hellip;","_links":{"self":[{"href":"https:\/\/repam.org.br\/cop30\/wp-json\/wp\/v2\/posts\/16354","targetHints":{"allow":["GET"]}}],"collection":[{"href":"https:\/\/repam.org.br\/cop30\/wp-json\/wp\/v2\/posts"}],"about":[{"href":"https:\/\/repam.org.br\/cop30\/wp-json\/wp\/v2\/types\/post"}],"author":[{"embeddable":true,"href":"https:\/\/repam.org.br\/cop30\/wp-json\/wp\/v2\/users\/3"}],"replies":[{"embeddable":true,"href":"https:\/\/repam.org.br\/cop30\/wp-json\/wp\/v2\/comments?post=16354"}],"version-history":[{"count":1,"href":"https:\/\/repam.org.br\/cop30\/wp-json\/wp\/v2\/posts\/16354\/revisions"}],"predecessor-version":[{"id":16361,"href":"https:\/\/repam.org.br\/cop30\/wp-json\/wp\/v2\/posts\/16354\/revisions\/16361"}],"wp:featuredmedia":[{"embeddable":true,"href":"https:\/\/repam.org.br\/cop30\/wp-json\/wp\/v2\/media\/16355"}],"wp:attachment":[{"href":"https:\/\/repam.org.br\/cop30\/wp-json\/wp\/v2\/media?parent=16354"}],"wp:term":[{"taxonomy":"category","embeddable":true,"href":"https:\/\/repam.org.br\/cop30\/wp-json\/wp\/v2\/categories?post=16354"},{"taxonomy":"post_tag","embeddable":true,"href":"https:\/\/repam.org.br\/cop30\/wp-json\/wp\/v2\/tags?post=16354"}],"curies":[{"name":"wp","href":"https:\/\/api.w.org\/{rel}","templated":true}]}}