{"id":16369,"date":"2025-08-12T16:08:54","date_gmt":"2025-08-12T19:08:54","guid":{"rendered":"https:\/\/repam.org.br\/cop30\/?p=16369"},"modified":"2025-08-12T16:15:45","modified_gmt":"2025-08-12T19:15:45","slug":"presidente-da-cop30-confirma-presenca-na-cupula-dos-povos-e-leitura-de-declaracao-dos-povos-na-conferencia","status":"publish","type":"post","link":"https:\/\/repam.org.br\/cop30\/presidente-da-cop30-confirma-presenca-na-cupula-dos-povos-e-leitura-de-declaracao-dos-povos-na-conferencia\/","title":{"rendered":"Presidente da COP30 confirma presen\u00e7a na C\u00fapula dos Povos e leitura de Declara\u00e7\u00e3o dos Povos na Confer\u00eancia"},"content":{"rendered":"\n<p class=\"has-text-align-center has-medium-font-size\"><em>Compromisso assumido em reuni\u00e3o abrange apoio para livre manifesta\u00e7\u00e3o, incluindo solidariedade \u00e0 Palestina e aproxima\u00e7\u00e3o da C\u00fapula dos Povos<\/em><\/p>\n\n\n\n<p><\/p>\n\n\n\n<figure class=\"wp-block-image aligncenter size-full\"><img fetchpriority=\"high\" decoding=\"async\" width=\"1000\" height=\"667\" src=\"https:\/\/repam.org.br\/cop30\/wp-content\/uploads\/2025\/08\/54279480841-126a60f14e-k-1.avif\" alt=\"\" class=\"wp-image-16374\"\/><figcaption class=\"wp-element-caption\">Foto: Fernando Donasci\/MMA<\/figcaption><\/figure>\n\n\n\n<p><em>Reprodu\u00e7\u00e3o: Ascom Operativo Nacional da C\u00fapula: Sandra Rocha<\/em><\/p>\n\n\n\n<p>Bel\u00e9m (PA) &#8211; O presidente da 30\u00aa Confer\u00eancia do Clima da ONU (COP30), embaixador Andr\u00e9 Corr\u00eaa do Lago, confirmou que participar\u00e1 da C\u00fapula dos Povos no dia 16 de novembro, data de encerramento do encontro que reunir\u00e1 milhares de representantes de movimentos, redes e organiza\u00e7\u00f5es sociais de todo o mundo em Bel\u00e9m. As organiza\u00e7\u00f5es encaram a presen\u00e7a como um avan\u00e7o nas negocia\u00e7\u00f5es pol\u00edticas pelo reconhecimento dos movimentos sociais nas decis\u00f5es da agenda pol\u00edtica sobre o clima.<\/p>\n\n\n\n<p>Andr\u00e9 Lago e a diretora executiva da COP 30, Ana Toni, tiveram uma reuni\u00e3o com representantes do Comiss\u00e3o Pol\u00edtica da C\u00fapula na tarde desta segunda-feira, 11. Presencialmente, estavam Maureen Santos (Fase), Doris Vasconcelos (Rede Eclesial Pan Amaz\u00f4nica &#8211; Repam), Gisele Barbieri (Comit\u00ea Brasileiro de Defensores de Direitos Humanos). Virtualmente, participaram Rachitaa Gupta (Global Campaign to Demand Climate Justice &#8211; DCJ), Lise Masson (Friends of the Earth International), Francisco Kelvim (Movimento dos Atingidos por Barragens &#8211; MAB) e Miguel Izaga (Via Campesina).<\/p>\n\n\n\n<blockquote class=\"wp-block-quote is-layout-flow wp-block-quote-is-layout-flow\">\n<p>\u201cConsiderando que a C\u00fapula n\u00e3o \u00e9 uma constru\u00e7\u00e3o apenas local, territorial, nem nacional, mas amplamente global envolvendo v\u00e1rios continentes, esse espa\u00e7o de reconhecimento e de participa\u00e7\u00e3o junto ao evento oficial da COP 30, queremos ver como voc\u00eas est\u00e3o vendo, sentindo e percebendo a C\u00fapula dos Povos nesse momento t\u00e3o importante para o pa\u00eds e para o planeta\u201d, pontuou Doris ao introduzir as demandas.<\/p>\n<\/blockquote>\n\n\n\n<p>Durante a reuni\u00e3o, Lago reconheceu a import\u00e2ncia da C\u00fapula enquanto espa\u00e7o leg\u00edtimo dos movimentos sociais e defendeu que as demandas da sociedade civil devem estar conectadas ao processo oficial da confer\u00eancia clim\u00e1tica. Ele convidou \u00e0 maior integra\u00e7\u00e3o com a agenda de a\u00e7\u00e3o e com os enviados, canais que podem incorporar os debates acumulados pela C\u00fapula.<\/p>\n\n\n\n<p>Ao responder sobre a sua participa\u00e7\u00e3o em audi\u00eancia da C\u00fapula programada para o dia 16 de novembro a entrega da Declara\u00e7\u00e3o da C\u00fapula dos Povos em espa\u00e7o oficial, o documento consolidar\u00e1 diretrizes e a\u00e7\u00f5es consideradas imprescind\u00edveis para enfrentar a crise clim\u00e1tica, ele foi categ\u00f3rico em confirmar.<\/p>\n\n\n\n<blockquote class=\"wp-block-quote is-layout-flow wp-block-quote-is-layout-flow\">\n<p>\u201cTenho o maior prazer em receber a declara\u00e7\u00e3o dos povos dia 16. Ter a leitura na plen\u00e1ria oficial seria mais do que natural. Incluir as quest\u00f5es que voc\u00eas discutiram, acho que a gente tem que incorporar na agenda de a\u00e7\u00e3o. Sou absolutamente favor\u00e1vel. Temos que apoiar\u201d, disse.<\/p>\n<\/blockquote>\n\n\n\n<p>Quanto \u00e0 demanda apresentada pelo Comit\u00ea, por credenciais para representantes de movimentos sociais, ele disse que a distribui\u00e7\u00e3o desses passaportes \u00e9 mais dif\u00edcil. Maureen Santos pontuou que muitas organiza\u00e7\u00f5es da sociedade civil j\u00e1 possuem as suas por atuarem como observadoras, mas entidades de base, n\u00e3o.<\/p>\n\n\n\n<p>Rachitaa refor\u00e7ou a import\u00e2ncia de se garantir a participa\u00e7\u00e3o para al\u00e9m de grupos que est\u00e3o sendo contemplados, como os ind\u00edgenas. \u201c\u00c9 importante que essas badges sejam distribu\u00eddas entre lideran\u00e7as\u201d, defendeu.<\/p>\n\n\n\n<p>Al\u00e9m do di\u00e1logo sobre a agenda clim\u00e1tica, o presidente da COP30 tamb\u00e9m foi provocado por Rachitaa a garantir que as a\u00e7\u00f5es de solidariedade \u00e0 Palestina aconte\u00e7am livremente, uma vez que em Bonn, Alemanha, o secretariado da UNFCCC impediu atos no espa\u00e7o oficial.<\/p>\n\n\n\n<p>Lago se comprometeu a tratar de pautas relacionadas a direitos humanos e liberdade de express\u00e3o dentro dos espa\u00e7os oficiais da confer\u00eancia, incluindo manifesta\u00e7\u00f5es em solidariedade \u00e0 Palestina.<\/p>\n\n\n\n<p>\u201cComo brasileiro, apoio a Palestina. Nesse est\u00e1gio, \u00e9 inacredit\u00e1vel o que est\u00e1 acontecendo na Palestina. Tenho que checar e se tiver autoridade para fazer algo, farei\u201d, disse ap\u00f3s explicar que a sociedade civil enfrenta restri\u00e7\u00f5es para se manifestar nas confer\u00eancias da ONU e que \u00e9 fundamental garantir que vozes hist\u00f3ricas, como as que defendem o povo palestino, tenham espa\u00e7o e sejam ouvidas.<\/p>\n\n\n\n<p>Declara\u00e7\u00e3o dos Povos &#8211; o documento que ser\u00e1 entregue a Lago no dia 16, reunir\u00e1 propostas constru\u00eddas a partir de seis eixos tem\u00e1ticos que abrangem temas como a transi\u00e7\u00e3o justa e combate ao racismo ambiental, a defesa das cidades e periferias vivas, a soberania alimentar e popular, al\u00e9m do feminismo popular e resist\u00eancia das mulheres nos territ\u00f3rios.<\/p>\n\n\n\n<p>A C\u00fapula dos Povos acontecer\u00e1 de 12 a 16 de novembro no campus da Universidade Federal do Par\u00e1 (UFPA), constituindo o maior espa\u00e7o aut\u00f4nomo e cr\u00edtico da sociedade civil global, em paralelo \u00e0 COP30, que ser\u00e1 realizada de 10 a 21 de novembro em Bel\u00e9m. Como processo, est\u00e1 sendo organizado como parte de um processo que n\u00e3o terminar\u00e1 em 2025.<\/p>\n\n\n\n<p>\u201cA gente tem feito uma constru\u00e7\u00e3o de processo porque a ideia \u00e9 que a gente n\u00e3o pare em Bel\u00e9m, mas essa C\u00fapula sirva como um espa\u00e7o para a sociedade civil global enraizar, construir alian\u00e7as pol\u00edticas, converg\u00eancias em cima de temas que s\u00e3o essenciais\u201d, explicou Maureen.<\/p>\n\n\n\n<p><strong>Com informa\u00e7\u00f5es: <\/strong><br>Ascom Operativo Nacional da C\u00fapula: Sandra Rocha <br><\/p>\n","protected":false},"excerpt":{"rendered":"<p>Compromisso assumido em reuni\u00e3o abrange apoio para livre manifesta\u00e7\u00e3o, incluindo solidariedade \u00e0 Palestina e aproxima\u00e7\u00e3o da C\u00fapula dos Povos Reprodu\u00e7\u00e3o: Ascom Operativo Nacional da C\u00fapula: Sandra Rocha Bel\u00e9m (PA) &#8211; O presidente da 30\u00aa Confer\u00eancia do Clima da ONU (COP30), embaixador Andr\u00e9 Corr\u00eaa do Lago, confirmou que participar\u00e1 da C\u00fapula dos Povos no dia 16 de novembro, data de encerramento do encontro que reunir\u00e1 milhares de representantes de movimentos, redes e organiza\u00e7\u00f5es sociais de todo o mundo em Bel\u00e9m. As organiza\u00e7\u00f5es encaram a presen\u00e7a como um avan\u00e7o nas negocia\u00e7\u00f5es pol\u00edticas pelo reconhecimento dos movimentos sociais nas decis\u00f5es da agenda pol\u00edtica sobre o clima. Andr\u00e9 Lago e a diretora executiva da COP 30, Ana Toni, tiveram uma reuni\u00e3o com representantes do Comiss\u00e3o Pol\u00edtica da C\u00fapula na tarde desta segunda-feira, 11. Presencialmente, estavam Maureen Santos (Fase), Doris Vasconcelos (Rede Eclesial Pan Amaz\u00f4nica &#8211; Repam), Gisele Barbieri (Comit\u00ea Brasileiro de Defensores de Direitos Humanos). Virtualmente, participaram Rachitaa Gupta (Global Campaign to Demand Climate Justice &#8211; DCJ), Lise Masson (Friends of the Earth International), Francisco Kelvim (Movimento dos Atingidos por Barragens &#8211; MAB) e Miguel Izaga (Via Campesina). \u201cConsiderando que a C\u00fapula n\u00e3o \u00e9 uma constru\u00e7\u00e3o apenas local, territorial, nem nacional, mas amplamente global envolvendo v\u00e1rios continentes, esse espa\u00e7o de reconhecimento e de participa\u00e7\u00e3o junto ao evento oficial da COP 30, queremos ver como voc\u00eas est\u00e3o vendo, sentindo e percebendo a C\u00fapula dos Povos nesse momento t\u00e3o importante para o pa\u00eds e para o planeta\u201d, pontuou Doris ao introduzir as demandas. Durante a reuni\u00e3o, Lago reconheceu a import\u00e2ncia da C\u00fapula enquanto espa\u00e7o leg\u00edtimo dos movimentos sociais e defendeu que as demandas da sociedade civil devem estar conectadas ao processo oficial da confer\u00eancia clim\u00e1tica. Ele convidou \u00e0 maior integra\u00e7\u00e3o com a agenda de a\u00e7\u00e3o e com os enviados, canais que podem incorporar os debates acumulados pela C\u00fapula. Ao responder sobre a sua participa\u00e7\u00e3o em audi\u00eancia da C\u00fapula programada para o dia 16 de novembro a entrega da Declara\u00e7\u00e3o da C\u00fapula dos Povos em espa\u00e7o oficial, o documento consolidar\u00e1 diretrizes e a\u00e7\u00f5es consideradas imprescind\u00edveis para enfrentar a crise clim\u00e1tica, ele foi categ\u00f3rico em confirmar. \u201cTenho o maior prazer em receber a declara\u00e7\u00e3o dos povos dia 16. Ter a leitura na plen\u00e1ria oficial seria mais do que natural. Incluir as quest\u00f5es que voc\u00eas discutiram, acho que a gente tem que incorporar na agenda de a\u00e7\u00e3o. Sou absolutamente favor\u00e1vel. Temos que apoiar\u201d, disse. Quanto \u00e0 demanda apresentada pelo Comit\u00ea, por credenciais para representantes de movimentos sociais, ele disse que a distribui\u00e7\u00e3o desses passaportes \u00e9 mais dif\u00edcil. Maureen Santos pontuou que muitas organiza\u00e7\u00f5es da sociedade civil j\u00e1 possuem as suas por atuarem como observadoras, mas entidades de base, n\u00e3o. Rachitaa refor\u00e7ou a import\u00e2ncia de se garantir a participa\u00e7\u00e3o para al\u00e9m de grupos que est\u00e3o sendo contemplados, como os ind\u00edgenas. \u201c\u00c9 importante que essas badges sejam distribu\u00eddas entre lideran\u00e7as\u201d, defendeu. Al\u00e9m do di\u00e1logo sobre a agenda clim\u00e1tica, o presidente da COP30 tamb\u00e9m foi provocado por Rachitaa a garantir que as a\u00e7\u00f5es de solidariedade \u00e0 Palestina aconte\u00e7am livremente, uma vez que em Bonn, Alemanha, o secretariado da UNFCCC impediu atos no espa\u00e7o oficial. Lago se comprometeu a tratar de pautas relacionadas a direitos humanos e liberdade de express\u00e3o dentro dos espa\u00e7os oficiais da confer\u00eancia, incluindo manifesta\u00e7\u00f5es em solidariedade \u00e0 Palestina. \u201cComo brasileiro, apoio a Palestina. Nesse est\u00e1gio, \u00e9 inacredit\u00e1vel o que est\u00e1 acontecendo na Palestina. Tenho que checar e se tiver autoridade para fazer algo, farei\u201d, disse ap\u00f3s explicar que a sociedade civil enfrenta restri\u00e7\u00f5es para se manifestar nas confer\u00eancias da ONU e que \u00e9 fundamental garantir que vozes hist\u00f3ricas, como as que defendem o povo palestino, tenham espa\u00e7o e sejam ouvidas. Declara\u00e7\u00e3o dos Povos &#8211; o documento que ser\u00e1 entregue a Lago no dia 16, reunir\u00e1 propostas constru\u00eddas a partir de seis eixos tem\u00e1ticos que abrangem temas como a transi\u00e7\u00e3o justa e combate ao racismo ambiental, a defesa das cidades e periferias vivas, a soberania alimentar e popular, al\u00e9m do feminismo popular e resist\u00eancia das mulheres nos territ\u00f3rios. A C\u00fapula dos Povos acontecer\u00e1 de 12 a 16 de novembro no campus da Universidade Federal do Par\u00e1 (UFPA), constituindo o maior espa\u00e7o aut\u00f4nomo e cr\u00edtico da sociedade civil global, em paralelo \u00e0 COP30, que ser\u00e1 realizada de 10 a 21 de novembro em Bel\u00e9m. Como processo, est\u00e1 sendo organizado como parte de um processo que n\u00e3o terminar\u00e1 em 2025. \u201cA gente tem feito uma constru\u00e7\u00e3o de processo porque a ideia \u00e9 que a gente n\u00e3o pare em Bel\u00e9m, mas essa C\u00fapula sirva como um espa\u00e7o para a sociedade civil global enraizar, construir alian\u00e7as pol\u00edticas, converg\u00eancias em cima de temas que s\u00e3o essenciais\u201d, explicou Maureen. Com informa\u00e7\u00f5es: Ascom Operativo Nacional da C\u00fapula: Sandra Rocha<\/p>\n","protected":false},"author":3,"featured_media":16374,"comment_status":"open","ping_status":"open","sticky":false,"template":"","format":"standard","meta":{"footnotes":""},"categories":[5],"tags":[14,15,16,7,8],"class_list":["post-16369","post","type-post","status-publish","format-standard","has-post-thumbnail","hentry","category-noticias","tag-conferencia-do-clima-da-onu","tag-cop-30","tag-cupula-dos-povos","tag-repam","tag-repam-brasil"],"rttpg_featured_image_url":{"full":["https:\/\/repam.org.br\/cop30\/wp-content\/uploads\/2025\/08\/54279480841-126a60f14e-k-1.avif",1000,667,false],"landscape":["https:\/\/repam.org.br\/cop30\/wp-content\/uploads\/2025\/08\/54279480841-126a60f14e-k-1.avif",1000,667,false],"portraits":["https:\/\/repam.org.br\/cop30\/wp-content\/uploads\/2025\/08\/54279480841-126a60f14e-k-1.avif",1000,667,false],"thumbnail":["https:\/\/repam.org.br\/cop30\/wp-content\/uploads\/2025\/08\/54279480841-126a60f14e-k-1.avif",150,100,false],"medium":["https:\/\/repam.org.br\/cop30\/wp-content\/uploads\/2025\/08\/54279480841-126a60f14e-k-1.avif",300,200,false],"large":["https:\/\/repam.org.br\/cop30\/wp-content\/uploads\/2025\/08\/54279480841-126a60f14e-k-1.avif",800,534,false],"1536x1536":["https:\/\/repam.org.br\/cop30\/wp-content\/uploads\/2025\/08\/54279480841-126a60f14e-k-1.avif",1000,667,false],"2048x2048":["https:\/\/repam.org.br\/cop30\/wp-content\/uploads\/2025\/08\/54279480841-126a60f14e-k-1.avif",1000,667,false]},"rttpg_author":{"display_name":"Comunica\u00e7\u00e3o Cop30","author_link":"https:\/\/repam.org.br\/cop30\/author\/comunicacaocop30\/"},"rttpg_comment":0,"rttpg_category":"<a href=\"https:\/\/repam.org.br\/cop30\/category\/noticias\/\" rel=\"category tag\">Not\u00edcias<\/a>","rttpg_excerpt":"Compromisso assumido em reuni\u00e3o abrange apoio para livre manifesta\u00e7\u00e3o, incluindo solidariedade \u00e0 Palestina e aproxima\u00e7\u00e3o da C\u00fapula dos Povos Reprodu\u00e7\u00e3o: Ascom Operativo Nacional da C\u00fapula: Sandra Rocha Bel\u00e9m (PA) &#8211; O presidente da 30\u00aa Confer\u00eancia do Clima da ONU (COP30), embaixador Andr\u00e9 Corr\u00eaa do Lago, confirmou que participar\u00e1 da C\u00fapula dos Povos no dia 16&hellip;","_links":{"self":[{"href":"https:\/\/repam.org.br\/cop30\/wp-json\/wp\/v2\/posts\/16369","targetHints":{"allow":["GET"]}}],"collection":[{"href":"https:\/\/repam.org.br\/cop30\/wp-json\/wp\/v2\/posts"}],"about":[{"href":"https:\/\/repam.org.br\/cop30\/wp-json\/wp\/v2\/types\/post"}],"author":[{"embeddable":true,"href":"https:\/\/repam.org.br\/cop30\/wp-json\/wp\/v2\/users\/3"}],"replies":[{"embeddable":true,"href":"https:\/\/repam.org.br\/cop30\/wp-json\/wp\/v2\/comments?post=16369"}],"version-history":[{"count":4,"href":"https:\/\/repam.org.br\/cop30\/wp-json\/wp\/v2\/posts\/16369\/revisions"}],"predecessor-version":[{"id":16378,"href":"https:\/\/repam.org.br\/cop30\/wp-json\/wp\/v2\/posts\/16369\/revisions\/16378"}],"wp:featuredmedia":[{"embeddable":true,"href":"https:\/\/repam.org.br\/cop30\/wp-json\/wp\/v2\/media\/16374"}],"wp:attachment":[{"href":"https:\/\/repam.org.br\/cop30\/wp-json\/wp\/v2\/media?parent=16369"}],"wp:term":[{"taxonomy":"category","embeddable":true,"href":"https:\/\/repam.org.br\/cop30\/wp-json\/wp\/v2\/categories?post=16369"},{"taxonomy":"post_tag","embeddable":true,"href":"https:\/\/repam.org.br\/cop30\/wp-json\/wp\/v2\/tags?post=16369"}],"curies":[{"name":"wp","href":"https:\/\/api.w.org\/{rel}","templated":true}]}}