{"id":16379,"date":"2025-08-14T11:50:48","date_gmt":"2025-08-14T14:50:48","guid":{"rendered":"https:\/\/repam.org.br\/cop30\/?p=16379"},"modified":"2025-08-14T13:34:52","modified_gmt":"2025-08-14T16:34:52","slug":"mobilizacao-dos-povos-participa-de-debate-com-o-mab-sobre-os-desafios-rumo-a-cupula-dos-povos-e-cop30","status":"publish","type":"post","link":"https:\/\/repam.org.br\/cop30\/mobilizacao-dos-povos-participa-de-debate-com-o-mab-sobre-os-desafios-rumo-a-cupula-dos-povos-e-cop30\/","title":{"rendered":"Mobiliza\u00e7\u00e3o dos Povos participa de debate com o MAB sobre os desafios rumo \u00e0 C\u00fapula dos Povos e COP30"},"content":{"rendered":"\n<p class=\"has-medium-font-size\"><em>Encontro em Bel\u00e9m fortalece alian\u00e7as e articula\u00e7\u00f5es entre organiza\u00e7\u00f5es populares e movimentos atingidos por barragens<\/em><\/p>\n\n\n\n<hr class=\"wp-block-separator has-alpha-channel-opacity\"\/>\n\n\n\n<h3 class=\"wp-block-heading\">Di\u00e1logo e articula\u00e7\u00e3o entre os territ\u00f3rios e os maret\u00f3rios<\/h3>\n\n\n\n<p>No dia 13 de agosto, o Movimento dos Atingidos por Barragens (MAB) reuniu diversas organiza\u00e7\u00f5es e movimentos sociais na Embaixada dos Povos, em Bel\u00e9m (PA), para o encontro \u201cOs desafios dos Atingidos rumo \u00e0 C\u00fapula dos Povos e \u00e0 COP30 \u2013 Di\u00e1logos com parceiros\u201d. A atividade foi mais uma etapa fundamental no processo de constru\u00e7\u00e3o coletiva da participa\u00e7\u00e3o popular nos espa\u00e7os de incid\u00eancia clim\u00e1tica.<\/p>\n\n\n\n<p>O encontro teve como objetivo dialogar com as organiza\u00e7\u00f5es parceiras sobre a atua\u00e7\u00e3o conjunta na COP30, marcada para 2025 em Bel\u00e9m. Tamb\u00e9m foi momento de prepara\u00e7\u00e3o para o IV Encontro Internacional dos Atingidos e para a C\u00fapula dos Povos, espa\u00e7o aut\u00f4nomo da sociedade civil que acontece paralelamente \u00e0 confer\u00eancia oficial da ONU sobre mudan\u00e7as clim\u00e1ticas.<\/p>\n\n\n\n<hr class=\"wp-block-separator has-alpha-channel-opacity\"\/>\n\n\n\n<h3 class=\"wp-block-heading\">REPAM compartilha escutas territoriais e entrega carta de demandas<\/h3>\n\n\n\n<p>A Articula\u00e7\u00e3o REPAM-COP30, por meio da Mobiliza\u00e7\u00e3o dos Povos pela Terra e pelo Clima, esteve presente na atividade representada por Joana Menezes e Eduardo Soares. Na ocasi\u00e3o, Eduardo compartilhou os caminhos trilhados nos territ\u00f3rios e maret\u00f3rios da Amaz\u00f4nia Legal em prepara\u00e7\u00e3o para a COP30.<\/p>\n\n\n\n<p>Durante sua fala, Eduardo apresentou as experi\u00eancias de rodas de conversa, oficinas e escutas realizadas pela Mobiliza\u00e7\u00e3o dos Povos nos \u00faltimos meses, e realizou a entrega simb\u00f3lica da<strong> <\/strong><a href=\"https:\/\/repam.org.br\/cop30\/povos-da-amazonia-entregam-carta-de-demandas-vozes-do-territorio-para-a-cop30-com-apelo-por-justica-climatica-enraizada-nos-territorios\/\">Carta de Demandas<\/a>, documento constru\u00eddo a partir das vozes de comunidades ind\u00edgenas, quilombolas, ribeirinhas, extrativistas e urbanas da Amaz\u00f4nia.<\/p>\n\n\n\n<blockquote class=\"wp-block-quote is-layout-flow wp-block-quote-is-layout-flow\">\n<p>\u201cEstamos todos conectados em nossas lutas e sonhos, compondo a C\u00fapula dos Povos rumo \u00e0 COP30. \u00c9 a partir dos territ\u00f3rios que se constroem as verdadeiras solu\u00e7\u00f5es para a crise clim\u00e1tica\u201d, refor\u00e7ou Eduardo Soares.<\/p>\n<\/blockquote>\n\n\n\n<hr class=\"wp-block-separator has-alpha-channel-opacity\"\/>\n\n\n\n<h3 class=\"wp-block-heading\">Caminhos que se cruzam na defesa da Casa Comum<\/h3>\n\n\n\n<p>A participa\u00e7\u00e3o no encontro promovido pelo MAB refor\u00e7a o compromisso da Mobiliza\u00e7\u00e3o dos Povos em articular for\u00e7as com outros movimentos populares, reconhecendo a luta dos atingidos por barragens como parte essencial da defesa da vida, dos territ\u00f3rios e da justi\u00e7a clim\u00e1tica.<\/p>\n\n\n\n<p>A Mobiliza\u00e7\u00e3o seguir\u00e1 presente em atividades preparat\u00f3rias, fortalecendo redes e promovendo a escuta ativa dos territ\u00f3rios que historicamente t\u00eam sido impactados por pol\u00edticas energ\u00e9ticas injustas e decis\u00f5es tomadas sem a consulta livre, pr\u00e9via e informada.<\/p>\n\n\n\n<figure class=\"wp-block-gallery has-nested-images columns-default is-cropped wp-block-gallery-1 is-layout-flex wp-block-gallery-is-layout-flex\">\n<figure class=\"wp-block-image size-large\"><img fetchpriority=\"high\" decoding=\"async\" width=\"1024\" height=\"771\" data-id=\"16382\" src=\"https:\/\/repam.org.br\/cop30\/wp-content\/uploads\/2025\/08\/WhatsApp-Image-2025-08-13-at-22.40.38-2-1024x771.jpeg\" alt=\"\" class=\"wp-image-16382\" srcset=\"https:\/\/repam.org.br\/cop30\/wp-content\/uploads\/2025\/08\/WhatsApp-Image-2025-08-13-at-22.40.38-2-1024x771.jpeg 1024w, https:\/\/repam.org.br\/cop30\/wp-content\/uploads\/2025\/08\/WhatsApp-Image-2025-08-13-at-22.40.38-2-300x226.jpeg 300w, https:\/\/repam.org.br\/cop30\/wp-content\/uploads\/2025\/08\/WhatsApp-Image-2025-08-13-at-22.40.38-2-768x578.jpeg 768w, https:\/\/repam.org.br\/cop30\/wp-content\/uploads\/2025\/08\/WhatsApp-Image-2025-08-13-at-22.40.38-2-1536x1156.jpeg 1536w, https:\/\/repam.org.br\/cop30\/wp-content\/uploads\/2025\/08\/WhatsApp-Image-2025-08-13-at-22.40.38-2.jpeg 1600w\" sizes=\"(max-width: 1024px) 100vw, 1024px\" \/><\/figure>\n\n\n\n<figure class=\"wp-block-image size-large\"><img decoding=\"async\" width=\"771\" height=\"1024\" data-id=\"16381\" src=\"https:\/\/repam.org.br\/cop30\/wp-content\/uploads\/2025\/08\/WhatsApp-Image-2025-08-13-at-22.40.37-1-771x1024.jpeg\" alt=\"\" class=\"wp-image-16381\" srcset=\"https:\/\/repam.org.br\/cop30\/wp-content\/uploads\/2025\/08\/WhatsApp-Image-2025-08-13-at-22.40.37-1-771x1024.jpeg 771w, https:\/\/repam.org.br\/cop30\/wp-content\/uploads\/2025\/08\/WhatsApp-Image-2025-08-13-at-22.40.37-1-226x300.jpeg 226w, https:\/\/repam.org.br\/cop30\/wp-content\/uploads\/2025\/08\/WhatsApp-Image-2025-08-13-at-22.40.37-1-768x1021.jpeg 768w, https:\/\/repam.org.br\/cop30\/wp-content\/uploads\/2025\/08\/WhatsApp-Image-2025-08-13-at-22.40.37-1-1156x1536.jpeg 1156w, https:\/\/repam.org.br\/cop30\/wp-content\/uploads\/2025\/08\/WhatsApp-Image-2025-08-13-at-22.40.37-1.jpeg 1204w\" sizes=\"(max-width: 771px) 100vw, 771px\" \/><\/figure>\n\n\n\n<figure class=\"wp-block-image size-large\"><img decoding=\"async\" width=\"1024\" height=\"771\" data-id=\"16383\" src=\"https:\/\/repam.org.br\/cop30\/wp-content\/uploads\/2025\/08\/WhatsApp-Image-2025-08-13-at-22.40.38-1024x771.jpeg\" alt=\"\" class=\"wp-image-16383\" srcset=\"https:\/\/repam.org.br\/cop30\/wp-content\/uploads\/2025\/08\/WhatsApp-Image-2025-08-13-at-22.40.38-1024x771.jpeg 1024w, https:\/\/repam.org.br\/cop30\/wp-content\/uploads\/2025\/08\/WhatsApp-Image-2025-08-13-at-22.40.38-300x226.jpeg 300w, https:\/\/repam.org.br\/cop30\/wp-content\/uploads\/2025\/08\/WhatsApp-Image-2025-08-13-at-22.40.38-768x578.jpeg 768w, https:\/\/repam.org.br\/cop30\/wp-content\/uploads\/2025\/08\/WhatsApp-Image-2025-08-13-at-22.40.38-1536x1156.jpeg 1536w, https:\/\/repam.org.br\/cop30\/wp-content\/uploads\/2025\/08\/WhatsApp-Image-2025-08-13-at-22.40.38.jpeg 1600w\" sizes=\"(max-width: 1024px) 100vw, 1024px\" \/><\/figure>\n<\/figure>\n","protected":false},"excerpt":{"rendered":"<p>Foto: Jordana Ayres\/MAB<\/p>\n","protected":false},"author":3,"featured_media":16387,"comment_status":"open","ping_status":"open","sticky":false,"template":"","format":"standard","meta":{"footnotes":""},"categories":[5],"tags":[13,46,14,15,16,36,17,18,19,7,8],"class_list":["post-16379","post","type-post","status-publish","format-standard","has-post-thumbnail","hentry","category-noticias","tag-amazonia","tag-atingidos-por-barragens","tag-conferencia-do-clima-da-onu","tag-cop-30","tag-cupula-dos-povos","tag-mab","tag-mudanca-climatica","tag-populacoes-tradionais","tag-povos-indigenas","tag-repam","tag-repam-brasil"],"rttpg_featured_image_url":{"full":["https:\/\/repam.org.br\/cop30\/wp-content\/uploads\/2025\/08\/SaveClip.App_532363747_17949900789006840_8598243214008108862_n.jpg",1080,720,false],"landscape":["https:\/\/repam.org.br\/cop30\/wp-content\/uploads\/2025\/08\/SaveClip.App_532363747_17949900789006840_8598243214008108862_n.jpg",1080,720,false],"portraits":["https:\/\/repam.org.br\/cop30\/wp-content\/uploads\/2025\/08\/SaveClip.App_532363747_17949900789006840_8598243214008108862_n.jpg",1080,720,false],"thumbnail":["https:\/\/repam.org.br\/cop30\/wp-content\/uploads\/2025\/08\/SaveClip.App_532363747_17949900789006840_8598243214008108862_n-150x150.jpg",150,150,true],"medium":["https:\/\/repam.org.br\/cop30\/wp-content\/uploads\/2025\/08\/SaveClip.App_532363747_17949900789006840_8598243214008108862_n-300x200.jpg",300,200,true],"large":["https:\/\/repam.org.br\/cop30\/wp-content\/uploads\/2025\/08\/SaveClip.App_532363747_17949900789006840_8598243214008108862_n-1024x683.jpg",800,534,true],"1536x1536":["https:\/\/repam.org.br\/cop30\/wp-content\/uploads\/2025\/08\/SaveClip.App_532363747_17949900789006840_8598243214008108862_n.jpg",1080,720,false],"2048x2048":["https:\/\/repam.org.br\/cop30\/wp-content\/uploads\/2025\/08\/SaveClip.App_532363747_17949900789006840_8598243214008108862_n.jpg",1080,720,false]},"rttpg_author":{"display_name":"Comunica\u00e7\u00e3o Cop30","author_link":"https:\/\/repam.org.br\/cop30\/author\/comunicacaocop30\/"},"rttpg_comment":0,"rttpg_category":"<a href=\"https:\/\/repam.org.br\/cop30\/category\/noticias\/\" rel=\"category tag\">Not\u00edcias<\/a>","rttpg_excerpt":"Foto: Jordana Ayres\/MAB","_links":{"self":[{"href":"https:\/\/repam.org.br\/cop30\/wp-json\/wp\/v2\/posts\/16379","targetHints":{"allow":["GET"]}}],"collection":[{"href":"https:\/\/repam.org.br\/cop30\/wp-json\/wp\/v2\/posts"}],"about":[{"href":"https:\/\/repam.org.br\/cop30\/wp-json\/wp\/v2\/types\/post"}],"author":[{"embeddable":true,"href":"https:\/\/repam.org.br\/cop30\/wp-json\/wp\/v2\/users\/3"}],"replies":[{"embeddable":true,"href":"https:\/\/repam.org.br\/cop30\/wp-json\/wp\/v2\/comments?post=16379"}],"version-history":[{"count":3,"href":"https:\/\/repam.org.br\/cop30\/wp-json\/wp\/v2\/posts\/16379\/revisions"}],"predecessor-version":[{"id":16390,"href":"https:\/\/repam.org.br\/cop30\/wp-json\/wp\/v2\/posts\/16379\/revisions\/16390"}],"wp:featuredmedia":[{"embeddable":true,"href":"https:\/\/repam.org.br\/cop30\/wp-json\/wp\/v2\/media\/16387"}],"wp:attachment":[{"href":"https:\/\/repam.org.br\/cop30\/wp-json\/wp\/v2\/media?parent=16379"}],"wp:term":[{"taxonomy":"category","embeddable":true,"href":"https:\/\/repam.org.br\/cop30\/wp-json\/wp\/v2\/categories?post=16379"},{"taxonomy":"post_tag","embeddable":true,"href":"https:\/\/repam.org.br\/cop30\/wp-json\/wp\/v2\/tags?post=16379"}],"curies":[{"name":"wp","href":"https:\/\/api.w.org\/{rel}","templated":true}]}}