{"id":16442,"date":"2025-08-28T10:46:44","date_gmt":"2025-08-28T13:46:44","guid":{"rendered":"https:\/\/repam.org.br\/cop30\/?p=16442"},"modified":"2025-08-28T10:47:36","modified_gmt":"2025-08-28T13:47:36","slug":"articulacao-repam-cop30-participa-de-intercambio-em-quilombo-de-campo-verde-pa","status":"publish","type":"post","link":"https:\/\/repam.org.br\/cop30\/articulacao-repam-cop30-participa-de-intercambio-em-quilombo-de-campo-verde-pa\/","title":{"rendered":"Articula\u00e7\u00e3o REPAM COP30 participa de interc\u00e2mbio em Quilombo de Campo Verde (PA)"},"content":{"rendered":"\n<p>A Articula\u00e7\u00e3o REPAM COP30 esteve presente no Quilombo de Campo Verde, em Conc\u00f3rdia do Par\u00e1, para o Interc\u00e2mbio de Pr\u00e1ticas Educativas Amaz\u00f4nicas. O encontro promoveu a constru\u00e7\u00e3o de estrat\u00e9gias pol\u00edticas e debates sobre educa\u00e7\u00e3o, buscando mobilizar a sociedade civil e os territ\u00f3rios nessa luta comum.<\/p>\n\n\n\n<p>A atividade teve como pano de fundo a COP30, entendida como um contexto mobilizador, em que a territorializa\u00e7\u00e3o das discuss\u00f5es sobre a crise clim\u00e1tica se torna fundamental para garantir que as vozes dos povos tradicionais e comunidades amaz\u00f4nicas sejam ouvidas e respeitadas.<\/p>\n\n\n\n<p>O interc\u00e2mbio foi realizado pela FLACSO-Brasil e contou com a participa\u00e7\u00e3o de diversas organiza\u00e7\u00f5es e coletivos, entre eles: COIAB-AM, CEDENPA, Negritar Produ\u00e7\u00f5es, MIQCB-MA, representantes dos Povos de Matriz Africana, coletivos culturais, F\u00f3rum Estadual de Juventudes e SEDUC-PA, al\u00e9m de outros parceiros.<\/p>\n\n\n\n<blockquote class=\"wp-block-quote is-layout-flow wp-block-quote-is-layout-flow\">\n<p>\u201cParticipar desse interc\u00e2mbio foi reafirmar que educa\u00e7\u00e3o, ancestralidade e luta por justi\u00e7a clim\u00e1tica caminham juntas. Estar em um territ\u00f3rio como Campo Verde, escutando saberes e construindo estrat\u00e9gias com quem vive as desigualdades na pele, nos fortalece para levar a pot\u00eancia dos territ\u00f3rios para os espa\u00e7os da COP30\u201d, destacou Joana Menezes, articuladora da REPAM-COP30.<\/p>\n<\/blockquote>\n\n\n\n<details class=\"wp-block-details is-layout-flow wp-block-details-is-layout-flow\"><summary><\/summary>\n<div class=\"wp-block-columns is-layout-flex wp-container-core-columns-is-layout-28f84493 wp-block-columns-is-layout-flex\">\n<div class=\"wp-block-column is-layout-flow wp-block-column-is-layout-flow\" style=\"flex-basis:100%\"><\/div>\n<\/div>\n\n\n\n<figure class=\"wp-block-gallery has-nested-images columns-default is-cropped wp-block-gallery-1 is-layout-flex wp-block-gallery-is-layout-flex\">\n<figure class=\"wp-block-image size-large\"><img fetchpriority=\"high\" decoding=\"async\" width=\"1024\" height=\"768\" data-id=\"16456\" src=\"https:\/\/repam.org.br\/cop30\/wp-content\/uploads\/2025\/08\/WhatsApp-Image-2025-08-27-at-12.26.21-1-1024x768.jpeg\" alt=\"\" class=\"wp-image-16456\" srcset=\"https:\/\/repam.org.br\/cop30\/wp-content\/uploads\/2025\/08\/WhatsApp-Image-2025-08-27-at-12.26.21-1-1024x768.jpeg 1024w, https:\/\/repam.org.br\/cop30\/wp-content\/uploads\/2025\/08\/WhatsApp-Image-2025-08-27-at-12.26.21-1-300x225.jpeg 300w, https:\/\/repam.org.br\/cop30\/wp-content\/uploads\/2025\/08\/WhatsApp-Image-2025-08-27-at-12.26.21-1-768x576.jpeg 768w, https:\/\/repam.org.br\/cop30\/wp-content\/uploads\/2025\/08\/WhatsApp-Image-2025-08-27-at-12.26.21-1-1536x1152.jpeg 1536w, https:\/\/repam.org.br\/cop30\/wp-content\/uploads\/2025\/08\/WhatsApp-Image-2025-08-27-at-12.26.21-1.jpeg 1600w\" sizes=\"(max-width: 1024px) 100vw, 1024px\" \/><\/figure>\n\n\n\n<figure class=\"wp-block-image size-large\"><img decoding=\"async\" width=\"770\" height=\"1024\" data-id=\"16450\" src=\"https:\/\/repam.org.br\/cop30\/wp-content\/uploads\/2025\/08\/WhatsApp-Image-2025-08-27-at-12.26.22-2-770x1024.jpeg\" alt=\"\" class=\"wp-image-16450\" srcset=\"https:\/\/repam.org.br\/cop30\/wp-content\/uploads\/2025\/08\/WhatsApp-Image-2025-08-27-at-12.26.22-2-770x1024.jpeg 770w, https:\/\/repam.org.br\/cop30\/wp-content\/uploads\/2025\/08\/WhatsApp-Image-2025-08-27-at-12.26.22-2-226x300.jpeg 226w, https:\/\/repam.org.br\/cop30\/wp-content\/uploads\/2025\/08\/WhatsApp-Image-2025-08-27-at-12.26.22-2-768x1021.jpeg 768w, https:\/\/repam.org.br\/cop30\/wp-content\/uploads\/2025\/08\/WhatsApp-Image-2025-08-27-at-12.26.22-2.jpeg 963w\" sizes=\"(max-width: 770px) 100vw, 770px\" \/><\/figure>\n\n\n\n<figure class=\"wp-block-image size-large\"><img decoding=\"async\" width=\"771\" height=\"1024\" data-id=\"16452\" src=\"https:\/\/repam.org.br\/cop30\/wp-content\/uploads\/2025\/08\/WhatsApp-Image-2025-08-27-at-12.26.23-1-1-771x1024.jpeg\" alt=\"\" class=\"wp-image-16452\" srcset=\"https:\/\/repam.org.br\/cop30\/wp-content\/uploads\/2025\/08\/WhatsApp-Image-2025-08-27-at-12.26.23-1-1-771x1024.jpeg 771w, https:\/\/repam.org.br\/cop30\/wp-content\/uploads\/2025\/08\/WhatsApp-Image-2025-08-27-at-12.26.23-1-1-226x300.jpeg 226w, https:\/\/repam.org.br\/cop30\/wp-content\/uploads\/2025\/08\/WhatsApp-Image-2025-08-27-at-12.26.23-1-1-768x1021.jpeg 768w, https:\/\/repam.org.br\/cop30\/wp-content\/uploads\/2025\/08\/WhatsApp-Image-2025-08-27-at-12.26.23-1-1-1156x1536.jpeg 1156w, https:\/\/repam.org.br\/cop30\/wp-content\/uploads\/2025\/08\/WhatsApp-Image-2025-08-27-at-12.26.23-1-1.jpeg 1204w\" sizes=\"(max-width: 771px) 100vw, 771px\" \/><\/figure>\n\n\n\n<figure class=\"wp-block-image size-large\"><img loading=\"lazy\" decoding=\"async\" width=\"1024\" height=\"770\" data-id=\"16451\" src=\"https:\/\/repam.org.br\/cop30\/wp-content\/uploads\/2025\/08\/WhatsApp-Image-2025-08-27-at-12.26.24-1-1-1024x770.jpeg\" alt=\"\" class=\"wp-image-16451\" srcset=\"https:\/\/repam.org.br\/cop30\/wp-content\/uploads\/2025\/08\/WhatsApp-Image-2025-08-27-at-12.26.24-1-1-1024x770.jpeg 1024w, https:\/\/repam.org.br\/cop30\/wp-content\/uploads\/2025\/08\/WhatsApp-Image-2025-08-27-at-12.26.24-1-1-300x226.jpeg 300w, https:\/\/repam.org.br\/cop30\/wp-content\/uploads\/2025\/08\/WhatsApp-Image-2025-08-27-at-12.26.24-1-1-768x578.jpeg 768w, https:\/\/repam.org.br\/cop30\/wp-content\/uploads\/2025\/08\/WhatsApp-Image-2025-08-27-at-12.26.24-1-1.jpeg 1280w\" sizes=\"(max-width: 1024px) 100vw, 1024px\" \/><\/figure>\n\n\n\n<figure class=\"wp-block-image size-large\"><img loading=\"lazy\" decoding=\"async\" width=\"1024\" height=\"771\" data-id=\"16455\" src=\"https:\/\/repam.org.br\/cop30\/wp-content\/uploads\/2025\/08\/WhatsApp-Image-2025-08-27-at-12.26.24-2-1024x771.jpeg\" alt=\"\" class=\"wp-image-16455\" srcset=\"https:\/\/repam.org.br\/cop30\/wp-content\/uploads\/2025\/08\/WhatsApp-Image-2025-08-27-at-12.26.24-2-1024x771.jpeg 1024w, https:\/\/repam.org.br\/cop30\/wp-content\/uploads\/2025\/08\/WhatsApp-Image-2025-08-27-at-12.26.24-2-300x226.jpeg 300w, https:\/\/repam.org.br\/cop30\/wp-content\/uploads\/2025\/08\/WhatsApp-Image-2025-08-27-at-12.26.24-2-768x578.jpeg 768w, https:\/\/repam.org.br\/cop30\/wp-content\/uploads\/2025\/08\/WhatsApp-Image-2025-08-27-at-12.26.24-2-1536x1156.jpeg 1536w, https:\/\/repam.org.br\/cop30\/wp-content\/uploads\/2025\/08\/WhatsApp-Image-2025-08-27-at-12.26.24-2.jpeg 1600w\" sizes=\"(max-width: 1024px) 100vw, 1024px\" \/><\/figure>\n<\/figure>\n<\/details>\n\n\n\n<p><\/p>\n","protected":false},"excerpt":{"rendered":"<p>A Articula\u00e7\u00e3o REPAM COP30 esteve presente no Quilombo de Campo Verde, em Conc\u00f3rdia do Par\u00e1, para o Interc\u00e2mbio de Pr\u00e1ticas Educativas Amaz\u00f4nicas. O encontro promoveu a constru\u00e7\u00e3o de estrat\u00e9gias pol\u00edticas e debates sobre educa\u00e7\u00e3o, buscando mobilizar a sociedade civil e os territ\u00f3rios nessa luta comum. A atividade teve como pano de fundo a COP30, entendida como um contexto mobilizador, em que a territorializa\u00e7\u00e3o das discuss\u00f5es sobre a crise clim\u00e1tica se torna fundamental para garantir que as vozes dos povos tradicionais e comunidades amaz\u00f4nicas sejam ouvidas e respeitadas. O interc\u00e2mbio foi realizado pela FLACSO-Brasil e contou com a participa\u00e7\u00e3o de diversas organiza\u00e7\u00f5es e coletivos, entre eles: COIAB-AM, CEDENPA, Negritar Produ\u00e7\u00f5es, MIQCB-MA, representantes dos Povos de Matriz Africana, coletivos culturais, F\u00f3rum Estadual de Juventudes e SEDUC-PA, al\u00e9m de outros parceiros. \u201cParticipar desse interc\u00e2mbio foi reafirmar que educa\u00e7\u00e3o, ancestralidade e luta por justi\u00e7a clim\u00e1tica caminham juntas. Estar em um territ\u00f3rio como Campo Verde, escutando saberes e construindo estrat\u00e9gias com quem vive as desigualdades na pele, nos fortalece para levar a pot\u00eancia dos territ\u00f3rios para os espa\u00e7os da COP30\u201d, destacou Joana Menezes, articuladora da REPAM-COP30.<\/p>\n","protected":false},"author":3,"featured_media":16454,"comment_status":"open","ping_status":"open","sticky":false,"template":"","format":"standard","meta":{"footnotes":""},"categories":[5],"tags":[13,14,15,17,18,41,47,7,8],"class_list":["post-16442","post","type-post","status-publish","format-standard","has-post-thumbnail","hentry","category-noticias","tag-amazonia","tag-conferencia-do-clima-da-onu","tag-cop-30","tag-mudanca-climatica","tag-populacoes-tradionais","tag-quilombo","tag-quilombolas","tag-repam","tag-repam-brasil"],"rttpg_featured_image_url":{"full":["https:\/\/repam.org.br\/cop30\/wp-content\/uploads\/2025\/08\/WhatsApp-Image-2025-08-27-at-12.26.23-2.jpeg",1600,1204,false],"landscape":["https:\/\/repam.org.br\/cop30\/wp-content\/uploads\/2025\/08\/WhatsApp-Image-2025-08-27-at-12.26.23-2.jpeg",1600,1204,false],"portraits":["https:\/\/repam.org.br\/cop30\/wp-content\/uploads\/2025\/08\/WhatsApp-Image-2025-08-27-at-12.26.23-2.jpeg",1600,1204,false],"thumbnail":["https:\/\/repam.org.br\/cop30\/wp-content\/uploads\/2025\/08\/WhatsApp-Image-2025-08-27-at-12.26.23-2-150x150.jpeg",150,150,true],"medium":["https:\/\/repam.org.br\/cop30\/wp-content\/uploads\/2025\/08\/WhatsApp-Image-2025-08-27-at-12.26.23-2-300x226.jpeg",300,226,true],"large":["https:\/\/repam.org.br\/cop30\/wp-content\/uploads\/2025\/08\/WhatsApp-Image-2025-08-27-at-12.26.23-2-1024x771.jpeg",800,602,true],"1536x1536":["https:\/\/repam.org.br\/cop30\/wp-content\/uploads\/2025\/08\/WhatsApp-Image-2025-08-27-at-12.26.23-2-1536x1156.jpeg",1536,1156,true],"2048x2048":["https:\/\/repam.org.br\/cop30\/wp-content\/uploads\/2025\/08\/WhatsApp-Image-2025-08-27-at-12.26.23-2.jpeg",1600,1204,false]},"rttpg_author":{"display_name":"Comunica\u00e7\u00e3o Cop30","author_link":"https:\/\/repam.org.br\/cop30\/author\/comunicacaocop30\/"},"rttpg_comment":0,"rttpg_category":"<a href=\"https:\/\/repam.org.br\/cop30\/category\/noticias\/\" rel=\"category tag\">Not\u00edcias<\/a>","rttpg_excerpt":"A Articula\u00e7\u00e3o REPAM COP30 esteve presente no Quilombo de Campo Verde, em Conc\u00f3rdia do Par\u00e1, para o Interc\u00e2mbio de Pr\u00e1ticas Educativas Amaz\u00f4nicas. O encontro promoveu a constru\u00e7\u00e3o de estrat\u00e9gias pol\u00edticas e debates sobre educa\u00e7\u00e3o, buscando mobilizar a sociedade civil e os territ\u00f3rios nessa luta comum. A atividade teve como pano de fundo a COP30, entendida&hellip;","_links":{"self":[{"href":"https:\/\/repam.org.br\/cop30\/wp-json\/wp\/v2\/posts\/16442","targetHints":{"allow":["GET"]}}],"collection":[{"href":"https:\/\/repam.org.br\/cop30\/wp-json\/wp\/v2\/posts"}],"about":[{"href":"https:\/\/repam.org.br\/cop30\/wp-json\/wp\/v2\/types\/post"}],"author":[{"embeddable":true,"href":"https:\/\/repam.org.br\/cop30\/wp-json\/wp\/v2\/users\/3"}],"replies":[{"embeddable":true,"href":"https:\/\/repam.org.br\/cop30\/wp-json\/wp\/v2\/comments?post=16442"}],"version-history":[{"count":1,"href":"https:\/\/repam.org.br\/cop30\/wp-json\/wp\/v2\/posts\/16442\/revisions"}],"predecessor-version":[{"id":16457,"href":"https:\/\/repam.org.br\/cop30\/wp-json\/wp\/v2\/posts\/16442\/revisions\/16457"}],"wp:featuredmedia":[{"embeddable":true,"href":"https:\/\/repam.org.br\/cop30\/wp-json\/wp\/v2\/media\/16454"}],"wp:attachment":[{"href":"https:\/\/repam.org.br\/cop30\/wp-json\/wp\/v2\/media?parent=16442"}],"wp:term":[{"taxonomy":"category","embeddable":true,"href":"https:\/\/repam.org.br\/cop30\/wp-json\/wp\/v2\/categories?post=16442"},{"taxonomy":"post_tag","embeddable":true,"href":"https:\/\/repam.org.br\/cop30\/wp-json\/wp\/v2\/tags?post=16442"}],"curies":[{"name":"wp","href":"https:\/\/api.w.org\/{rel}","templated":true}]}}