{"id":16458,"date":"2025-08-28T11:14:05","date_gmt":"2025-08-28T14:14:05","guid":{"rendered":"https:\/\/repam.org.br\/cop30\/?p=16458"},"modified":"2025-08-28T11:15:56","modified_gmt":"2025-08-28T14:15:56","slug":"mobilizacao-cop30-participa-de-seminario-sobre-transicao-energetica-no-nordeste","status":"publish","type":"post","link":"https:\/\/repam.org.br\/cop30\/mobilizacao-cop30-participa-de-seminario-sobre-transicao-energetica-no-nordeste\/","title":{"rendered":"Mobiliza\u00e7\u00e3o COP30 participa de semin\u00e1rio sobre transi\u00e7\u00e3o energ\u00e9tica no Nordeste"},"content":{"rendered":"\n<p>Entre os dias 21 e 23 de agosto, foi realizado em Fortaleza (CE) o II Semin\u00e1rio: \u201cTransi\u00e7\u00e3o ou Transa\u00e7\u00e3o Energ\u00e9tica? Conflitos, Viola\u00e7\u00f5es de Direitos, Clima e o Poder Digital\u201d. O encontro foi fruto de uma constru\u00e7\u00e3o coletiva com mais de 45 organiza\u00e7\u00f5es sociais e movimentos populares do Nordeste e de \u00e2mbito nacional, reunindo cerca de 200 participantes.<\/p>\n\n\n\n<p>A Articula\u00e7\u00e3o esteve presente representando a Comiss\u00e3o Pol\u00edtica da C\u00fapula dos Povos rumo \u00e0 COP30, no painel \u201cUm balan\u00e7o dos Acordos, Tratados e Pol\u00edticas das COPs e da C\u00fapula dos Povos\u201d. Na ocasi\u00e3o, foi apresentado o processo de organiza\u00e7\u00e3o, articula\u00e7\u00e3o e mobiliza\u00e7\u00e3o em andamento, a partir dos eixos de converg\u00eancia e de outras din\u00e2micas que fortalecem a participa\u00e7\u00e3o da sociedade civil antes, durante e depois da COP30.<\/p>\n\n\n\n<p>O semin\u00e1rio tamb\u00e9m foi espa\u00e7o de den\u00fancia das popula\u00e7\u00f5es tradicionais, rurais e urbanas do Nordeste, que enfrentam viola\u00e7\u00f5es territoriais marcadas por impactos clim\u00e1ticos e pela financeiriza\u00e7\u00e3o da natureza. Os relatos destacaram que, com apoio de gest\u00f5es p\u00fablicas, corpora\u00e7\u00f5es nacionais e internacionais t\u00eam flexibilizado leis ambientais, violado direitos e mercantilizado bens comuns \u2014 como \u00e1gua, energia e terra \u2014 por meio da instala\u00e7\u00e3o de grandes usinas e\u00f3licas e solares centralizadas, al\u00e9m da chegada de data centers sob o discurso da sustentabilidade.<\/p>\n\n\n\n<figure class=\"wp-block-image aligncenter size-large\"><img fetchpriority=\"high\" decoding=\"async\" width=\"1024\" height=\"385\" src=\"https:\/\/repam.org.br\/cop30\/wp-content\/uploads\/2025\/08\/WhatsApp-Image-2025-08-27-at-15.27.07-1024x385.jpeg\" alt=\"\" class=\"wp-image-16461\" srcset=\"https:\/\/repam.org.br\/cop30\/wp-content\/uploads\/2025\/08\/WhatsApp-Image-2025-08-27-at-15.27.07-1024x385.jpeg 1024w, https:\/\/repam.org.br\/cop30\/wp-content\/uploads\/2025\/08\/WhatsApp-Image-2025-08-27-at-15.27.07-300x113.jpeg 300w, https:\/\/repam.org.br\/cop30\/wp-content\/uploads\/2025\/08\/WhatsApp-Image-2025-08-27-at-15.27.07-768x289.jpeg 768w, https:\/\/repam.org.br\/cop30\/wp-content\/uploads\/2025\/08\/WhatsApp-Image-2025-08-27-at-15.27.07.jpeg 1465w\" sizes=\"(max-width: 1024px) 100vw, 1024px\" \/><\/figure>\n\n\n\n<p>A atividade encerrou-se com a elabora\u00e7\u00e3o de encaminhamentos relacionados \u00e0 Carta Pol\u00edtica do semin\u00e1rio, bem como com a defini\u00e7\u00e3o dos pr\u00f3ximos passos da articula\u00e7\u00e3o nordestina de organiza\u00e7\u00f5es sociais e movimentos populares, sobretudo na prepara\u00e7\u00e3o para a C\u00fapula dos Povos rumo \u00e0 COP30.<\/p>\n\n\n\n<figure class=\"wp-block-image aligncenter size-large\"><img decoding=\"async\" width=\"1024\" height=\"768\" src=\"https:\/\/repam.org.br\/cop30\/wp-content\/uploads\/2025\/08\/WhatsApp-Image-2025-08-27-at-15.37.58-1024x768.jpeg\" alt=\"\" class=\"wp-image-16460\" srcset=\"https:\/\/repam.org.br\/cop30\/wp-content\/uploads\/2025\/08\/WhatsApp-Image-2025-08-27-at-15.37.58-1024x768.jpeg 1024w, https:\/\/repam.org.br\/cop30\/wp-content\/uploads\/2025\/08\/WhatsApp-Image-2025-08-27-at-15.37.58-300x225.jpeg 300w, https:\/\/repam.org.br\/cop30\/wp-content\/uploads\/2025\/08\/WhatsApp-Image-2025-08-27-at-15.37.58-768x576.jpeg 768w, https:\/\/repam.org.br\/cop30\/wp-content\/uploads\/2025\/08\/WhatsApp-Image-2025-08-27-at-15.37.58-1536x1152.jpeg 1536w, https:\/\/repam.org.br\/cop30\/wp-content\/uploads\/2025\/08\/WhatsApp-Image-2025-08-27-at-15.37.58.jpeg 1600w\" sizes=\"(max-width: 1024px) 100vw, 1024px\" \/><\/figure>\n","protected":false},"excerpt":{"rendered":"<p>Entre os dias 21 e 23 de agosto, foi realizado em Fortaleza (CE) o II Semin\u00e1rio: \u201cTransi\u00e7\u00e3o ou Transa\u00e7\u00e3o Energ\u00e9tica? Conflitos, Viola\u00e7\u00f5es de Direitos, Clima e o Poder Digital\u201d. O encontro foi fruto de uma constru\u00e7\u00e3o coletiva com mais de 45 organiza\u00e7\u00f5es sociais e movimentos populares do Nordeste e de \u00e2mbito nacional, reunindo cerca de 200 participantes. A Articula\u00e7\u00e3o esteve presente representando a Comiss\u00e3o Pol\u00edtica da C\u00fapula dos Povos rumo \u00e0 COP30, no painel \u201cUm balan\u00e7o dos Acordos, Tratados e Pol\u00edticas das COPs e da C\u00fapula dos Povos\u201d. Na ocasi\u00e3o, foi apresentado o processo de organiza\u00e7\u00e3o, articula\u00e7\u00e3o e mobiliza\u00e7\u00e3o em andamento, a partir dos eixos de converg\u00eancia e de outras din\u00e2micas que fortalecem a participa\u00e7\u00e3o da sociedade civil antes, durante e depois da COP30. O semin\u00e1rio tamb\u00e9m foi espa\u00e7o de den\u00fancia das popula\u00e7\u00f5es tradicionais, rurais e urbanas do Nordeste, que enfrentam viola\u00e7\u00f5es territoriais marcadas por impactos clim\u00e1ticos e pela financeiriza\u00e7\u00e3o da natureza. Os relatos destacaram que, com apoio de gest\u00f5es p\u00fablicas, corpora\u00e7\u00f5es nacionais e internacionais t\u00eam flexibilizado leis ambientais, violado direitos e mercantilizado bens comuns \u2014 como \u00e1gua, energia e terra \u2014 por meio da instala\u00e7\u00e3o de grandes usinas e\u00f3licas e solares centralizadas, al\u00e9m da chegada de data centers sob o discurso da sustentabilidade. A atividade encerrou-se com a elabora\u00e7\u00e3o de encaminhamentos relacionados \u00e0 Carta Pol\u00edtica do semin\u00e1rio, bem como com a defini\u00e7\u00e3o dos pr\u00f3ximos passos da articula\u00e7\u00e3o nordestina de organiza\u00e7\u00f5es sociais e movimentos populares, sobretudo na prepara\u00e7\u00e3o para a C\u00fapula dos Povos rumo \u00e0 COP30.<\/p>\n","protected":false},"author":3,"featured_media":16459,"comment_status":"open","ping_status":"open","sticky":false,"template":"","format":"standard","meta":{"footnotes":""},"categories":[5],"tags":[13,14,15,16,17,18,19,7,8],"class_list":["post-16458","post","type-post","status-publish","format-standard","has-post-thumbnail","hentry","category-noticias","tag-amazonia","tag-conferencia-do-clima-da-onu","tag-cop-30","tag-cupula-dos-povos","tag-mudanca-climatica","tag-populacoes-tradionais","tag-povos-indigenas","tag-repam","tag-repam-brasil"],"rttpg_featured_image_url":{"full":["https:\/\/repam.org.br\/cop30\/wp-content\/uploads\/2025\/08\/WhatsApp-Image-2025-08-27-at-15.27.06-e1756390530297.jpeg",1467,1010,false],"landscape":["https:\/\/repam.org.br\/cop30\/wp-content\/uploads\/2025\/08\/WhatsApp-Image-2025-08-27-at-15.27.06-e1756390530297.jpeg",1467,1010,false],"portraits":["https:\/\/repam.org.br\/cop30\/wp-content\/uploads\/2025\/08\/WhatsApp-Image-2025-08-27-at-15.27.06-e1756390530297.jpeg",1467,1010,false],"thumbnail":["https:\/\/repam.org.br\/cop30\/wp-content\/uploads\/2025\/08\/WhatsApp-Image-2025-08-27-at-15.27.06-e1756390530297-150x150.jpeg",150,150,true],"medium":["https:\/\/repam.org.br\/cop30\/wp-content\/uploads\/2025\/08\/WhatsApp-Image-2025-08-27-at-15.27.06-e1756390530297-300x207.jpeg",300,207,true],"large":["https:\/\/repam.org.br\/cop30\/wp-content\/uploads\/2025\/08\/WhatsApp-Image-2025-08-27-at-15.27.06-e1756390530297-1024x705.jpeg",800,551,true],"1536x1536":["https:\/\/repam.org.br\/cop30\/wp-content\/uploads\/2025\/08\/WhatsApp-Image-2025-08-27-at-15.27.06-1412x1536.jpeg",1412,1536,true],"2048x2048":["https:\/\/repam.org.br\/cop30\/wp-content\/uploads\/2025\/08\/WhatsApp-Image-2025-08-27-at-15.27.06-e1756390530297.jpeg",1467,1010,false]},"rttpg_author":{"display_name":"Comunica\u00e7\u00e3o Cop30","author_link":"https:\/\/repam.org.br\/cop30\/author\/comunicacaocop30\/"},"rttpg_comment":0,"rttpg_category":"<a href=\"https:\/\/repam.org.br\/cop30\/category\/noticias\/\" rel=\"category tag\">Not\u00edcias<\/a>","rttpg_excerpt":"Entre os dias 21 e 23 de agosto, foi realizado em Fortaleza (CE) o II Semin\u00e1rio: \u201cTransi\u00e7\u00e3o ou Transa\u00e7\u00e3o Energ\u00e9tica? Conflitos, Viola\u00e7\u00f5es de Direitos, Clima e o Poder Digital\u201d. O encontro foi fruto de uma constru\u00e7\u00e3o coletiva com mais de 45 organiza\u00e7\u00f5es sociais e movimentos populares do Nordeste e de \u00e2mbito nacional, reunindo cerca de&hellip;","_links":{"self":[{"href":"https:\/\/repam.org.br\/cop30\/wp-json\/wp\/v2\/posts\/16458","targetHints":{"allow":["GET"]}}],"collection":[{"href":"https:\/\/repam.org.br\/cop30\/wp-json\/wp\/v2\/posts"}],"about":[{"href":"https:\/\/repam.org.br\/cop30\/wp-json\/wp\/v2\/types\/post"}],"author":[{"embeddable":true,"href":"https:\/\/repam.org.br\/cop30\/wp-json\/wp\/v2\/users\/3"}],"replies":[{"embeddable":true,"href":"https:\/\/repam.org.br\/cop30\/wp-json\/wp\/v2\/comments?post=16458"}],"version-history":[{"count":2,"href":"https:\/\/repam.org.br\/cop30\/wp-json\/wp\/v2\/posts\/16458\/revisions"}],"predecessor-version":[{"id":16464,"href":"https:\/\/repam.org.br\/cop30\/wp-json\/wp\/v2\/posts\/16458\/revisions\/16464"}],"wp:featuredmedia":[{"embeddable":true,"href":"https:\/\/repam.org.br\/cop30\/wp-json\/wp\/v2\/media\/16459"}],"wp:attachment":[{"href":"https:\/\/repam.org.br\/cop30\/wp-json\/wp\/v2\/media?parent=16458"}],"wp:term":[{"taxonomy":"category","embeddable":true,"href":"https:\/\/repam.org.br\/cop30\/wp-json\/wp\/v2\/categories?post=16458"},{"taxonomy":"post_tag","embeddable":true,"href":"https:\/\/repam.org.br\/cop30\/wp-json\/wp\/v2\/tags?post=16458"}],"curies":[{"name":"wp","href":"https:\/\/api.w.org\/{rel}","templated":true}]}}