{"id":16465,"date":"2025-09-02T11:14:28","date_gmt":"2025-09-02T14:14:28","guid":{"rendered":"https:\/\/repam.org.br\/cop30\/?p=16465"},"modified":"2025-09-02T11:21:18","modified_gmt":"2025-09-02T14:21:18","slug":"seminario-em-maraba-debate-mudancas-climaticas-e-fortalece-articulacao-da-repam","status":"publish","type":"post","link":"https:\/\/repam.org.br\/cop30\/seminario-em-maraba-debate-mudancas-climaticas-e-fortalece-articulacao-da-repam\/","title":{"rendered":"Semin\u00e1rio em Marab\u00e1 debate mudan\u00e7as clim\u00e1ticas e fortalece articula\u00e7\u00e3o da REPAM"},"content":{"rendered":"\n<figure class=\"wp-block-image size-large\"><img fetchpriority=\"high\" decoding=\"async\" width=\"1024\" height=\"512\" src=\"https:\/\/repam.org.br\/cop30\/wp-content\/uploads\/2025\/09\/WhatsApp-Image-2025-09-01-at-17.52.42-1280x640-1-1024x512.jpeg\" alt=\"\" class=\"wp-image-16466\" srcset=\"https:\/\/repam.org.br\/cop30\/wp-content\/uploads\/2025\/09\/WhatsApp-Image-2025-09-01-at-17.52.42-1280x640-1-1024x512.jpeg 1024w, https:\/\/repam.org.br\/cop30\/wp-content\/uploads\/2025\/09\/WhatsApp-Image-2025-09-01-at-17.52.42-1280x640-1-300x150.jpeg 300w, https:\/\/repam.org.br\/cop30\/wp-content\/uploads\/2025\/09\/WhatsApp-Image-2025-09-01-at-17.52.42-1280x640-1-768x384.jpeg 768w, https:\/\/repam.org.br\/cop30\/wp-content\/uploads\/2025\/09\/WhatsApp-Image-2025-09-01-at-17.52.42-1280x640-1.jpeg 1280w\" sizes=\"(max-width: 1024px) 100vw, 1024px\" \/><\/figure>\n\n\n\n<p>Nos dias 30 e 31 de agosto, a cidade de Marab\u00e1 (PA) foi palco do Semin\u00e1rio sobre Mudan\u00e7as Clim\u00e1ticas na Amaz\u00f4nia, reunindo mais de 110 participantes entre povos ind\u00edgenas, quebradeiras de coco baba\u00e7u, agentes de pastorais, representantes de organismos como a C\u00e1ritas Regional Norte 2, universidades e lideran\u00e7as comunit\u00e1rias. A realiza\u00e7\u00e3o e coordena\u00e7\u00e3o ficaram a cargo da REPAM Marab\u00e1, CTP com a presen\u00e7a da REPAM-Brasil, representada por Arlete Gomes e Joana Menezes, que contribu\u00edram no di\u00e1logo em prepara\u00e7\u00e3o para a COP30.<\/p>\n\n\n\n<p>O encontro teve como objetivo promover uma leitura conjuntural da realidade local, refletindo sobre os impactos das mudan\u00e7as clim\u00e1ticas e, ao mesmo tempo, fortalecer a articula\u00e7\u00e3o da REPAM em n\u00edvel diocesano. A mobiliza\u00e7\u00e3o contou com a participa\u00e7\u00e3o ativa da CPT Marab\u00e1, Pastoral da Crian\u00e7a, Pastoral da Educa\u00e7\u00e3o, organiza\u00e7\u00f5es ind\u00edgenas e da pr\u00f3pria Diocese, cujo bispo, Dom Vital, incentivou as comunidades a se engajarem no processo por meio de um v\u00eddeo-convite.<\/p>\n\n\n\n<p>Entre os principais encaminhamentos, destacou-se o compromisso da Diocese em ampliar a presen\u00e7a e a metodologia da REPAM, baseada na escuta e na ecologia integral inspirada pela Laudato Si\u2019, estendendo sua a\u00e7\u00e3o \u00e0s \u00e1reas mission\u00e1rias.<\/p>\n\n\n\n<p>O semin\u00e1rio foi marcado por momentos de partilha, escuta profunda da realidade e sistematiza\u00e7\u00e3o de clamores e propostas, evidenciando tanto os desafios locais quanto as experi\u00eancias pr\u00e1ticas j\u00e1 em andamento. Alunos das escolas da regi\u00e3o apresentaram projetos concretos voltados ao cuidado com a Casa Comum, refor\u00e7ando que a juventude tamb\u00e9m est\u00e1 engajada na busca por alternativas sustent\u00e1veis.<\/p>\n\n\n\n<blockquote class=\"wp-block-quote is-layout-flow wp-block-quote-is-layout-flow\">\n<p>\u201cFoi um encontro de muita esperan\u00e7a. As lideran\u00e7as ressaltaram a import\u00e2ncia da REPAM como um sinal de unidade e for\u00e7a em defesa da vida e da Amaz\u00f4nia\u201d, afirmou Arlete Gomes, da REPAM-Brasil.<\/p>\n<\/blockquote>\n\n\n\n<p>O semin\u00e1rio tamb\u00e9m refor\u00e7ou a perspectiva de que a COP30 deve ser vivida desde os territ\u00f3rios, com cada comunidade assumindo seu papel no enfrentamento \u00e0 crise clim\u00e1tica, mesmo sabendo que os espa\u00e7os oficiais de negocia\u00e7\u00e3o n\u00e3o comportar\u00e3o todas as vozes.<\/p>\n\n\n\n<p>Com isso, a experi\u00eancia em Marab\u00e1 sinaliza novos passos para a articula\u00e7\u00e3o REPAM-diocesana, abrindo caminhos para que outras comunidades tamb\u00e9m se integrem nesse processo de cuidado, resist\u00eancia e compromisso com a Casa Comum.<\/p>\n\n\n\n<figure class=\"wp-block-gallery has-nested-images columns-default is-cropped wp-block-gallery-1 is-layout-flex wp-block-gallery-is-layout-flex\">\n<figure class=\"wp-block-image size-large\"><img decoding=\"async\" width=\"1024\" height=\"576\" data-id=\"16481\" src=\"https:\/\/repam.org.br\/cop30\/wp-content\/uploads\/2025\/09\/WhatsApp-Image-2025-09-02-at-11.11.37-1-1024x576.jpeg\" alt=\"\" class=\"wp-image-16481\" srcset=\"https:\/\/repam.org.br\/cop30\/wp-content\/uploads\/2025\/09\/WhatsApp-Image-2025-09-02-at-11.11.37-1-1024x576.jpeg 1024w, https:\/\/repam.org.br\/cop30\/wp-content\/uploads\/2025\/09\/WhatsApp-Image-2025-09-02-at-11.11.37-1-300x169.jpeg 300w, https:\/\/repam.org.br\/cop30\/wp-content\/uploads\/2025\/09\/WhatsApp-Image-2025-09-02-at-11.11.37-1-768x432.jpeg 768w, https:\/\/repam.org.br\/cop30\/wp-content\/uploads\/2025\/09\/WhatsApp-Image-2025-09-02-at-11.11.37-1.jpeg 1280w\" sizes=\"(max-width: 1024px) 100vw, 1024px\" \/><\/figure>\n\n\n\n<figure class=\"wp-block-image size-large\"><img decoding=\"async\" width=\"1024\" height=\"576\" data-id=\"16479\" src=\"https:\/\/repam.org.br\/cop30\/wp-content\/uploads\/2025\/09\/WhatsApp-Image-2025-09-02-at-11.11.38-2-1-1024x576.jpeg\" alt=\"\" class=\"wp-image-16479\" srcset=\"https:\/\/repam.org.br\/cop30\/wp-content\/uploads\/2025\/09\/WhatsApp-Image-2025-09-02-at-11.11.38-2-1-1024x576.jpeg 1024w, https:\/\/repam.org.br\/cop30\/wp-content\/uploads\/2025\/09\/WhatsApp-Image-2025-09-02-at-11.11.38-2-1-300x169.jpeg 300w, https:\/\/repam.org.br\/cop30\/wp-content\/uploads\/2025\/09\/WhatsApp-Image-2025-09-02-at-11.11.38-2-1-768x432.jpeg 768w, https:\/\/repam.org.br\/cop30\/wp-content\/uploads\/2025\/09\/WhatsApp-Image-2025-09-02-at-11.11.38-2-1.jpeg 1280w\" sizes=\"(max-width: 1024px) 100vw, 1024px\" \/><\/figure>\n\n\n\n<figure class=\"wp-block-image size-large\"><img loading=\"lazy\" decoding=\"async\" width=\"1024\" height=\"576\" data-id=\"16477\" src=\"https:\/\/repam.org.br\/cop30\/wp-content\/uploads\/2025\/09\/WhatsApp-Image-2025-09-02-at-11.11.38-3-1024x576.jpeg\" alt=\"\" class=\"wp-image-16477\" srcset=\"https:\/\/repam.org.br\/cop30\/wp-content\/uploads\/2025\/09\/WhatsApp-Image-2025-09-02-at-11.11.38-3-1024x576.jpeg 1024w, https:\/\/repam.org.br\/cop30\/wp-content\/uploads\/2025\/09\/WhatsApp-Image-2025-09-02-at-11.11.38-3-300x169.jpeg 300w, https:\/\/repam.org.br\/cop30\/wp-content\/uploads\/2025\/09\/WhatsApp-Image-2025-09-02-at-11.11.38-3-768x432.jpeg 768w, https:\/\/repam.org.br\/cop30\/wp-content\/uploads\/2025\/09\/WhatsApp-Image-2025-09-02-at-11.11.38-3.jpeg 1280w\" sizes=\"(max-width: 1024px) 100vw, 1024px\" \/><\/figure>\n\n\n\n<figure class=\"wp-block-image size-large\"><img loading=\"lazy\" decoding=\"async\" width=\"1024\" height=\"576\" data-id=\"16482\" src=\"https:\/\/repam.org.br\/cop30\/wp-content\/uploads\/2025\/09\/WhatsApp-Image-2025-09-02-at-11.11.39-1-1-1024x576.jpeg\" alt=\"\" class=\"wp-image-16482\" srcset=\"https:\/\/repam.org.br\/cop30\/wp-content\/uploads\/2025\/09\/WhatsApp-Image-2025-09-02-at-11.11.39-1-1-1024x576.jpeg 1024w, https:\/\/repam.org.br\/cop30\/wp-content\/uploads\/2025\/09\/WhatsApp-Image-2025-09-02-at-11.11.39-1-1-300x169.jpeg 300w, https:\/\/repam.org.br\/cop30\/wp-content\/uploads\/2025\/09\/WhatsApp-Image-2025-09-02-at-11.11.39-1-1-768x432.jpeg 768w, https:\/\/repam.org.br\/cop30\/wp-content\/uploads\/2025\/09\/WhatsApp-Image-2025-09-02-at-11.11.39-1-1.jpeg 1280w\" sizes=\"(max-width: 1024px) 100vw, 1024px\" \/><\/figure>\n\n\n\n<figure class=\"wp-block-image size-large\"><img loading=\"lazy\" decoding=\"async\" width=\"1024\" height=\"770\" data-id=\"16478\" src=\"https:\/\/repam.org.br\/cop30\/wp-content\/uploads\/2025\/09\/WhatsApp-Image-2025-09-02-at-11.11.39-2-1024x770.jpeg\" alt=\"\" class=\"wp-image-16478\" srcset=\"https:\/\/repam.org.br\/cop30\/wp-content\/uploads\/2025\/09\/WhatsApp-Image-2025-09-02-at-11.11.39-2-1024x770.jpeg 1024w, https:\/\/repam.org.br\/cop30\/wp-content\/uploads\/2025\/09\/WhatsApp-Image-2025-09-02-at-11.11.39-2-300x226.jpeg 300w, https:\/\/repam.org.br\/cop30\/wp-content\/uploads\/2025\/09\/WhatsApp-Image-2025-09-02-at-11.11.39-2-768x578.jpeg 768w, https:\/\/repam.org.br\/cop30\/wp-content\/uploads\/2025\/09\/WhatsApp-Image-2025-09-02-at-11.11.39-2.jpeg 1280w\" sizes=\"(max-width: 1024px) 100vw, 1024px\" \/><\/figure>\n\n\n\n<figure class=\"wp-block-image size-large\"><img loading=\"lazy\" decoding=\"async\" width=\"1024\" height=\"576\" data-id=\"16484\" src=\"https:\/\/repam.org.br\/cop30\/wp-content\/uploads\/2025\/09\/WhatsApp-Image-2025-09-02-at-11.11.40-1-1024x576.jpeg\" alt=\"\" class=\"wp-image-16484\" srcset=\"https:\/\/repam.org.br\/cop30\/wp-content\/uploads\/2025\/09\/WhatsApp-Image-2025-09-02-at-11.11.40-1-1024x576.jpeg 1024w, https:\/\/repam.org.br\/cop30\/wp-content\/uploads\/2025\/09\/WhatsApp-Image-2025-09-02-at-11.11.40-1-300x169.jpeg 300w, https:\/\/repam.org.br\/cop30\/wp-content\/uploads\/2025\/09\/WhatsApp-Image-2025-09-02-at-11.11.40-1-768x432.jpeg 768w, https:\/\/repam.org.br\/cop30\/wp-content\/uploads\/2025\/09\/WhatsApp-Image-2025-09-02-at-11.11.40-1.jpeg 1280w\" sizes=\"(max-width: 1024px) 100vw, 1024px\" \/><\/figure>\n\n\n\n<figure class=\"wp-block-image size-large\"><img loading=\"lazy\" decoding=\"async\" width=\"1024\" height=\"576\" data-id=\"16480\" src=\"https:\/\/repam.org.br\/cop30\/wp-content\/uploads\/2025\/09\/WhatsApp-Image-2025-09-02-at-11.11.41-1-1024x576.jpeg\" alt=\"\" class=\"wp-image-16480\" srcset=\"https:\/\/repam.org.br\/cop30\/wp-content\/uploads\/2025\/09\/WhatsApp-Image-2025-09-02-at-11.11.41-1-1024x576.jpeg 1024w, https:\/\/repam.org.br\/cop30\/wp-content\/uploads\/2025\/09\/WhatsApp-Image-2025-09-02-at-11.11.41-1-300x169.jpeg 300w, https:\/\/repam.org.br\/cop30\/wp-content\/uploads\/2025\/09\/WhatsApp-Image-2025-09-02-at-11.11.41-1-768x432.jpeg 768w, https:\/\/repam.org.br\/cop30\/wp-content\/uploads\/2025\/09\/WhatsApp-Image-2025-09-02-at-11.11.41-1.jpeg 1280w\" sizes=\"(max-width: 1024px) 100vw, 1024px\" \/><\/figure>\n<\/figure>\n","protected":false},"excerpt":{"rendered":"<p>Nos dias 30 e 31 de agosto, a cidade de Marab\u00e1 (PA) foi palco do Semin\u00e1rio sobre Mudan\u00e7as Clim\u00e1ticas na Amaz\u00f4nia, reunindo mais de 110 participantes entre povos ind\u00edgenas, quebradeiras de coco baba\u00e7u, agentes de pastorais, representantes de organismos como a C\u00e1ritas Regional Norte 2, universidades e lideran\u00e7as comunit\u00e1rias. A realiza\u00e7\u00e3o e coordena\u00e7\u00e3o ficaram a cargo da REPAM Marab\u00e1, CTP com a presen\u00e7a da REPAM-Brasil, representada por Arlete Gomes e Joana Menezes, que contribu\u00edram no di\u00e1logo em prepara\u00e7\u00e3o para a COP30. O encontro teve como objetivo promover uma leitura conjuntural da realidade local, refletindo sobre os impactos das mudan\u00e7as clim\u00e1ticas e, ao mesmo tempo, fortalecer a articula\u00e7\u00e3o da REPAM em n\u00edvel diocesano. A mobiliza\u00e7\u00e3o contou com a participa\u00e7\u00e3o ativa da CPT Marab\u00e1, Pastoral da Crian\u00e7a, Pastoral da Educa\u00e7\u00e3o, organiza\u00e7\u00f5es ind\u00edgenas e da pr\u00f3pria Diocese, cujo bispo, Dom Vital, incentivou as comunidades a se engajarem no processo por meio de um v\u00eddeo-convite. Entre os principais encaminhamentos, destacou-se o compromisso da Diocese em ampliar a presen\u00e7a e a metodologia da REPAM, baseada na escuta e na ecologia integral inspirada pela Laudato Si\u2019, estendendo sua a\u00e7\u00e3o \u00e0s \u00e1reas mission\u00e1rias. O semin\u00e1rio foi marcado por momentos de partilha, escuta profunda da realidade e sistematiza\u00e7\u00e3o de clamores e propostas, evidenciando tanto os desafios locais quanto as experi\u00eancias pr\u00e1ticas j\u00e1 em andamento. Alunos das escolas da regi\u00e3o apresentaram projetos concretos voltados ao cuidado com a Casa Comum, refor\u00e7ando que a juventude tamb\u00e9m est\u00e1 engajada na busca por alternativas sustent\u00e1veis. \u201cFoi um encontro de muita esperan\u00e7a. As lideran\u00e7as ressaltaram a import\u00e2ncia da REPAM como um sinal de unidade e for\u00e7a em defesa da vida e da Amaz\u00f4nia\u201d, afirmou Arlete Gomes, da REPAM-Brasil. O semin\u00e1rio tamb\u00e9m refor\u00e7ou a perspectiva de que a COP30 deve ser vivida desde os territ\u00f3rios, com cada comunidade assumindo seu papel no enfrentamento \u00e0 crise clim\u00e1tica, mesmo sabendo que os espa\u00e7os oficiais de negocia\u00e7\u00e3o n\u00e3o comportar\u00e3o todas as vozes. Com isso, a experi\u00eancia em Marab\u00e1 sinaliza novos passos para a articula\u00e7\u00e3o REPAM-diocesana, abrindo caminhos para que outras comunidades tamb\u00e9m se integrem nesse processo de cuidado, resist\u00eancia e compromisso com a Casa Comum.<\/p>\n","protected":false},"author":3,"featured_media":16466,"comment_status":"open","ping_status":"open","sticky":false,"template":"","format":"standard","meta":{"footnotes":""},"categories":[5],"tags":[13,14,15,17,18,19,7,8],"class_list":["post-16465","post","type-post","status-publish","format-standard","has-post-thumbnail","hentry","category-noticias","tag-amazonia","tag-conferencia-do-clima-da-onu","tag-cop-30","tag-mudanca-climatica","tag-populacoes-tradionais","tag-povos-indigenas","tag-repam","tag-repam-brasil"],"rttpg_featured_image_url":{"full":["https:\/\/repam.org.br\/cop30\/wp-content\/uploads\/2025\/09\/WhatsApp-Image-2025-09-01-at-17.52.42-1280x640-1.jpeg",1280,640,false],"landscape":["https:\/\/repam.org.br\/cop30\/wp-content\/uploads\/2025\/09\/WhatsApp-Image-2025-09-01-at-17.52.42-1280x640-1.jpeg",1280,640,false],"portraits":["https:\/\/repam.org.br\/cop30\/wp-content\/uploads\/2025\/09\/WhatsApp-Image-2025-09-01-at-17.52.42-1280x640-1.jpeg",1280,640,false],"thumbnail":["https:\/\/repam.org.br\/cop30\/wp-content\/uploads\/2025\/09\/WhatsApp-Image-2025-09-01-at-17.52.42-1280x640-1-150x150.jpeg",150,150,true],"medium":["https:\/\/repam.org.br\/cop30\/wp-content\/uploads\/2025\/09\/WhatsApp-Image-2025-09-01-at-17.52.42-1280x640-1-300x150.jpeg",300,150,true],"large":["https:\/\/repam.org.br\/cop30\/wp-content\/uploads\/2025\/09\/WhatsApp-Image-2025-09-01-at-17.52.42-1280x640-1-1024x512.jpeg",800,400,true],"1536x1536":["https:\/\/repam.org.br\/cop30\/wp-content\/uploads\/2025\/09\/WhatsApp-Image-2025-09-01-at-17.52.42-1280x640-1.jpeg",1280,640,false],"2048x2048":["https:\/\/repam.org.br\/cop30\/wp-content\/uploads\/2025\/09\/WhatsApp-Image-2025-09-01-at-17.52.42-1280x640-1.jpeg",1280,640,false]},"rttpg_author":{"display_name":"Comunica\u00e7\u00e3o Cop30","author_link":"https:\/\/repam.org.br\/cop30\/author\/comunicacaocop30\/"},"rttpg_comment":0,"rttpg_category":"<a href=\"https:\/\/repam.org.br\/cop30\/category\/noticias\/\" rel=\"category tag\">Not\u00edcias<\/a>","rttpg_excerpt":"Nos dias 30 e 31 de agosto, a cidade de Marab\u00e1 (PA) foi palco do Semin\u00e1rio sobre Mudan\u00e7as Clim\u00e1ticas na Amaz\u00f4nia, reunindo mais de 110 participantes entre povos ind\u00edgenas, quebradeiras de coco baba\u00e7u, agentes de pastorais, representantes de organismos como a C\u00e1ritas Regional Norte 2, universidades e lideran\u00e7as comunit\u00e1rias. A realiza\u00e7\u00e3o e coordena\u00e7\u00e3o ficaram a&hellip;","_links":{"self":[{"href":"https:\/\/repam.org.br\/cop30\/wp-json\/wp\/v2\/posts\/16465","targetHints":{"allow":["GET"]}}],"collection":[{"href":"https:\/\/repam.org.br\/cop30\/wp-json\/wp\/v2\/posts"}],"about":[{"href":"https:\/\/repam.org.br\/cop30\/wp-json\/wp\/v2\/types\/post"}],"author":[{"embeddable":true,"href":"https:\/\/repam.org.br\/cop30\/wp-json\/wp\/v2\/users\/3"}],"replies":[{"embeddable":true,"href":"https:\/\/repam.org.br\/cop30\/wp-json\/wp\/v2\/comments?post=16465"}],"version-history":[{"count":2,"href":"https:\/\/repam.org.br\/cop30\/wp-json\/wp\/v2\/posts\/16465\/revisions"}],"predecessor-version":[{"id":16485,"href":"https:\/\/repam.org.br\/cop30\/wp-json\/wp\/v2\/posts\/16465\/revisions\/16485"}],"wp:featuredmedia":[{"embeddable":true,"href":"https:\/\/repam.org.br\/cop30\/wp-json\/wp\/v2\/media\/16466"}],"wp:attachment":[{"href":"https:\/\/repam.org.br\/cop30\/wp-json\/wp\/v2\/media?parent=16465"}],"wp:term":[{"taxonomy":"category","embeddable":true,"href":"https:\/\/repam.org.br\/cop30\/wp-json\/wp\/v2\/categories?post=16465"},{"taxonomy":"post_tag","embeddable":true,"href":"https:\/\/repam.org.br\/cop30\/wp-json\/wp\/v2\/tags?post=16465"}],"curies":[{"name":"wp","href":"https:\/\/api.w.org\/{rel}","templated":true}]}}