{"id":17196,"date":"2025-08-30T13:32:58","date_gmt":"2025-08-30T16:32:58","guid":{"rendered":"https:\/\/repam.org.br\/cop30\/?p=17196"},"modified":"2025-09-03T13:33:38","modified_gmt":"2025-09-03T16:33:38","slug":"mobilizacao-cop30-participa-de-circulo-de-dialogo-sobre-educacao-crise-civilizatoria-e-justica-socioambiental-nas-amazonias","status":"publish","type":"post","link":"https:\/\/repam.org.br\/cop30\/mobilizacao-cop30-participa-de-circulo-de-dialogo-sobre-educacao-crise-civilizatoria-e-justica-socioambiental-nas-amazonias\/","title":{"rendered":"Mobiliza\u00e7\u00e3o COP30 participa de C\u00edrculo de Di\u00e1logo sobre Educa\u00e7\u00e3o, Crise Civilizat\u00f3ria e Justi\u00e7a Socioambiental nas Amaz\u00f4nias"},"content":{"rendered":"\n<figure class=\"wp-block-gallery has-nested-images columns-default is-cropped wp-block-gallery-1 is-layout-flex wp-block-gallery-is-layout-flex\">\n<figure class=\"wp-block-image size-large\"><img fetchpriority=\"high\" decoding=\"async\" width=\"1024\" height=\"771\" data-id=\"17198\" src=\"https:\/\/repam.org.br\/cop30\/wp-content\/uploads\/2025\/09\/WhatsApp-Image-2025-09-03-at-13.26.30-1024x771.jpeg\" alt=\"\" class=\"wp-image-17198\" srcset=\"https:\/\/repam.org.br\/cop30\/wp-content\/uploads\/2025\/09\/WhatsApp-Image-2025-09-03-at-13.26.30-1024x771.jpeg 1024w, https:\/\/repam.org.br\/cop30\/wp-content\/uploads\/2025\/09\/WhatsApp-Image-2025-09-03-at-13.26.30-300x226.jpeg 300w, https:\/\/repam.org.br\/cop30\/wp-content\/uploads\/2025\/09\/WhatsApp-Image-2025-09-03-at-13.26.30-768x578.jpeg 768w, https:\/\/repam.org.br\/cop30\/wp-content\/uploads\/2025\/09\/WhatsApp-Image-2025-09-03-at-13.26.30-1536x1156.jpeg 1536w, https:\/\/repam.org.br\/cop30\/wp-content\/uploads\/2025\/09\/WhatsApp-Image-2025-09-03-at-13.26.30.jpeg 1600w\" sizes=\"(max-width: 1024px) 100vw, 1024px\" \/><\/figure>\n<\/figure>\n\n\n\n<p><\/p>\n\n\n\n<p>No dia 26 de agosto, a Universidade Estadual do Par\u00e1 (UEPA) sediou o C\u00edrculo de Di\u00e1logo <em>\u201cEduca\u00e7\u00e3o, Crise Civilizat\u00f3ria e Justi\u00e7a Socioambiental nas Amaz\u00f4nias\u201d<\/em>, realizado no \u00e2mbito do XX Semin\u00e1rio do Programa de P\u00f3s-Gradua\u00e7\u00e3o em Educa\u00e7\u00e3o (PPGED). O encontro reuniu discentes, docentes e convidados\/as em um espa\u00e7o de reflex\u00e3o cr\u00edtica sobre os desafios contempor\u00e2neos.<\/p>\n\n\n\n<p>Eduardo Soares, da Mobiliza\u00e7\u00e3o dos Povos pela Terra e pelo Clima, participou como expositor representando a Comiss\u00e3o Pol\u00edtica da C\u00fapula dos Povos rumo \u00e0 COP30, ao lado do Dr. S\u00e9rgio Corr\u00eaa (PPGED\/UFPA). Sua fala trouxe um resgate hist\u00f3rico sobre os sistemas que t\u00eam agravado a emerg\u00eancia clim\u00e1tica no Brasil e no mundo, destacando como a educa\u00e7\u00e3o, em di\u00e1logo com a justi\u00e7a socioambiental e a partir das Amaz\u00f4nias, pode oferecer caminhos para respostas transformadoras.<\/p>\n\n\n\n<blockquote class=\"wp-block-quote is-layout-flow wp-block-quote-is-layout-flow\">\n<p>\u201cEstamos diante de uma crise civilizat\u00f3ria que exige de n\u00f3s coragem e criatividade coletiva. A educa\u00e7\u00e3o, enraizada nas Amaz\u00f4nias e conectada \u00e0 justi\u00e7a socioambiental, pode ser um farol para construir alternativas de vida mais justas, sustent\u00e1veis e solid\u00e1rias\u201d, destacou Eduardo Soares.<\/p>\n<\/blockquote>\n\n\n\n<p>Durante a atividade, tamb\u00e9m foram prestadas homenagens ao Mestre Lourival Igarep\u00e9 e ao Mestre Verequete, por ocasi\u00e3o do Dia Municipal do Carimb\u00f3, e ao Mestre Damasceno, falecido na mesma data.<\/p>\n\n\n\n<p><\/p>\n\n\n\n<figure class=\"wp-block-gallery has-nested-images columns-default is-cropped wp-block-gallery-2 is-layout-flex wp-block-gallery-is-layout-flex\">\n<figure class=\"wp-block-image size-large\"><img decoding=\"async\" width=\"1024\" height=\"771\" data-id=\"17197\" src=\"https:\/\/repam.org.br\/cop30\/wp-content\/uploads\/2025\/09\/WhatsApp-Image-2025-09-03-at-13.26.29-1024x771.jpeg\" alt=\"\" class=\"wp-image-17197\" srcset=\"https:\/\/repam.org.br\/cop30\/wp-content\/uploads\/2025\/09\/WhatsApp-Image-2025-09-03-at-13.26.29-1024x771.jpeg 1024w, https:\/\/repam.org.br\/cop30\/wp-content\/uploads\/2025\/09\/WhatsApp-Image-2025-09-03-at-13.26.29-300x226.jpeg 300w, https:\/\/repam.org.br\/cop30\/wp-content\/uploads\/2025\/09\/WhatsApp-Image-2025-09-03-at-13.26.29-768x578.jpeg 768w, https:\/\/repam.org.br\/cop30\/wp-content\/uploads\/2025\/09\/WhatsApp-Image-2025-09-03-at-13.26.29-1536x1156.jpeg 1536w, https:\/\/repam.org.br\/cop30\/wp-content\/uploads\/2025\/09\/WhatsApp-Image-2025-09-03-at-13.26.29.jpeg 1600w\" sizes=\"(max-width: 1024px) 100vw, 1024px\" \/><\/figure>\n<\/figure>\n\n\n\n<p><\/p>\n","protected":false},"excerpt":{"rendered":"<p>No dia 26 de agosto, a Universidade Estadual do Par\u00e1 (UEPA) sediou o C\u00edrculo de Di\u00e1logo \u201cEduca\u00e7\u00e3o, Crise Civilizat\u00f3ria e Justi\u00e7a Socioambiental nas Amaz\u00f4nias\u201d, realizado no \u00e2mbito do XX Semin\u00e1rio do Programa de P\u00f3s-Gradua\u00e7\u00e3o em Educa\u00e7\u00e3o (PPGED). O encontro reuniu discentes, docentes e convidados\/as em um espa\u00e7o de reflex\u00e3o cr\u00edtica sobre os desafios contempor\u00e2neos. Eduardo Soares, da Mobiliza\u00e7\u00e3o dos Povos pela Terra e pelo Clima, participou como expositor representando a Comiss\u00e3o Pol\u00edtica da C\u00fapula dos Povos rumo \u00e0 COP30, ao lado do Dr. S\u00e9rgio Corr\u00eaa (PPGED\/UFPA). Sua fala trouxe um resgate hist\u00f3rico sobre os sistemas que t\u00eam agravado a emerg\u00eancia clim\u00e1tica no Brasil e no mundo, destacando como a educa\u00e7\u00e3o, em di\u00e1logo com a justi\u00e7a socioambiental e a partir das Amaz\u00f4nias, pode oferecer caminhos para respostas transformadoras. \u201cEstamos diante de uma crise civilizat\u00f3ria que exige de n\u00f3s coragem e criatividade coletiva. A educa\u00e7\u00e3o, enraizada nas Amaz\u00f4nias e conectada \u00e0 justi\u00e7a socioambiental, pode ser um farol para construir alternativas de vida mais justas, sustent\u00e1veis e solid\u00e1rias\u201d, destacou Eduardo Soares. Durante a atividade, tamb\u00e9m foram prestadas homenagens ao Mestre Lourival Igarep\u00e9 e ao Mestre Verequete, por ocasi\u00e3o do Dia Municipal do Carimb\u00f3, e ao Mestre Damasceno, falecido na mesma data.<\/p>\n","protected":false},"author":3,"featured_media":17198,"comment_status":"open","ping_status":"open","sticky":false,"template":"","format":"standard","meta":{"footnotes":""},"categories":[5],"tags":[13,14,15,16,17,18,19,7,8],"class_list":["post-17196","post","type-post","status-publish","format-standard","has-post-thumbnail","hentry","category-noticias","tag-amazonia","tag-conferencia-do-clima-da-onu","tag-cop-30","tag-cupula-dos-povos","tag-mudanca-climatica","tag-populacoes-tradionais","tag-povos-indigenas","tag-repam","tag-repam-brasil"],"rttpg_featured_image_url":{"full":["https:\/\/repam.org.br\/cop30\/wp-content\/uploads\/2025\/09\/WhatsApp-Image-2025-09-03-at-13.26.30.jpeg",1600,1204,false],"landscape":["https:\/\/repam.org.br\/cop30\/wp-content\/uploads\/2025\/09\/WhatsApp-Image-2025-09-03-at-13.26.30.jpeg",1600,1204,false],"portraits":["https:\/\/repam.org.br\/cop30\/wp-content\/uploads\/2025\/09\/WhatsApp-Image-2025-09-03-at-13.26.30.jpeg",1600,1204,false],"thumbnail":["https:\/\/repam.org.br\/cop30\/wp-content\/uploads\/2025\/09\/WhatsApp-Image-2025-09-03-at-13.26.30-150x150.jpeg",150,150,true],"medium":["https:\/\/repam.org.br\/cop30\/wp-content\/uploads\/2025\/09\/WhatsApp-Image-2025-09-03-at-13.26.30-300x226.jpeg",300,226,true],"large":["https:\/\/repam.org.br\/cop30\/wp-content\/uploads\/2025\/09\/WhatsApp-Image-2025-09-03-at-13.26.30-1024x771.jpeg",800,602,true],"1536x1536":["https:\/\/repam.org.br\/cop30\/wp-content\/uploads\/2025\/09\/WhatsApp-Image-2025-09-03-at-13.26.30-1536x1156.jpeg",1536,1156,true],"2048x2048":["https:\/\/repam.org.br\/cop30\/wp-content\/uploads\/2025\/09\/WhatsApp-Image-2025-09-03-at-13.26.30.jpeg",1600,1204,false]},"rttpg_author":{"display_name":"Comunica\u00e7\u00e3o Cop30","author_link":"https:\/\/repam.org.br\/cop30\/author\/comunicacaocop30\/"},"rttpg_comment":0,"rttpg_category":"<a href=\"https:\/\/repam.org.br\/cop30\/category\/noticias\/\" rel=\"category tag\">Not\u00edcias<\/a>","rttpg_excerpt":"No dia 26 de agosto, a Universidade Estadual do Par\u00e1 (UEPA) sediou o C\u00edrculo de Di\u00e1logo \u201cEduca\u00e7\u00e3o, Crise Civilizat\u00f3ria e Justi\u00e7a Socioambiental nas Amaz\u00f4nias\u201d, realizado no \u00e2mbito do XX Semin\u00e1rio do Programa de P\u00f3s-Gradua\u00e7\u00e3o em Educa\u00e7\u00e3o (PPGED). O encontro reuniu discentes, docentes e convidados\/as em um espa\u00e7o de reflex\u00e3o cr\u00edtica sobre os desafios contempor\u00e2neos. Eduardo&hellip;","_links":{"self":[{"href":"https:\/\/repam.org.br\/cop30\/wp-json\/wp\/v2\/posts\/17196","targetHints":{"allow":["GET"]}}],"collection":[{"href":"https:\/\/repam.org.br\/cop30\/wp-json\/wp\/v2\/posts"}],"about":[{"href":"https:\/\/repam.org.br\/cop30\/wp-json\/wp\/v2\/types\/post"}],"author":[{"embeddable":true,"href":"https:\/\/repam.org.br\/cop30\/wp-json\/wp\/v2\/users\/3"}],"replies":[{"embeddable":true,"href":"https:\/\/repam.org.br\/cop30\/wp-json\/wp\/v2\/comments?post=17196"}],"version-history":[{"count":2,"href":"https:\/\/repam.org.br\/cop30\/wp-json\/wp\/v2\/posts\/17196\/revisions"}],"predecessor-version":[{"id":17200,"href":"https:\/\/repam.org.br\/cop30\/wp-json\/wp\/v2\/posts\/17196\/revisions\/17200"}],"wp:featuredmedia":[{"embeddable":true,"href":"https:\/\/repam.org.br\/cop30\/wp-json\/wp\/v2\/media\/17198"}],"wp:attachment":[{"href":"https:\/\/repam.org.br\/cop30\/wp-json\/wp\/v2\/media?parent=17196"}],"wp:term":[{"taxonomy":"category","embeddable":true,"href":"https:\/\/repam.org.br\/cop30\/wp-json\/wp\/v2\/categories?post=17196"},{"taxonomy":"post_tag","embeddable":true,"href":"https:\/\/repam.org.br\/cop30\/wp-json\/wp\/v2\/tags?post=17196"}],"curies":[{"name":"wp","href":"https:\/\/api.w.org\/{rel}","templated":true}]}}