{"id":17202,"date":"2025-09-03T14:21:33","date_gmt":"2025-09-03T17:21:33","guid":{"rendered":"https:\/\/repam.org.br\/cop30\/?p=17202"},"modified":"2025-09-03T14:22:00","modified_gmt":"2025-09-03T17:22:00","slug":"encontro-nacional-reune-100-comunicadores-indigenas-de-62-povos-com-participacao-da-mobilizacao-rumo-a-cop30","status":"publish","type":"post","link":"https:\/\/repam.org.br\/cop30\/encontro-nacional-reune-100-comunicadores-indigenas-de-62-povos-com-participacao-da-mobilizacao-rumo-a-cop30\/","title":{"rendered":"Encontro Nacional re\u00fane 100 comunicadores ind\u00edgenas de 62 povos com participa\u00e7\u00e3o da Mobiliza\u00e7\u00e3o rumo \u00e0 COP30"},"content":{"rendered":"\n<figure class=\"wp-block-image aligncenter size-large\"><img fetchpriority=\"high\" decoding=\"async\" width=\"1024\" height=\"803\" src=\"https:\/\/repam.org.br\/cop30\/wp-content\/uploads\/2025\/09\/WhatsApp-Image-2025-09-03-at-14.06.57-1024x803.jpeg\" alt=\"\" class=\"wp-image-17204\" srcset=\"https:\/\/repam.org.br\/cop30\/wp-content\/uploads\/2025\/09\/WhatsApp-Image-2025-09-03-at-14.06.57-1024x803.jpeg 1024w, https:\/\/repam.org.br\/cop30\/wp-content\/uploads\/2025\/09\/WhatsApp-Image-2025-09-03-at-14.06.57-300x235.jpeg 300w, https:\/\/repam.org.br\/cop30\/wp-content\/uploads\/2025\/09\/WhatsApp-Image-2025-09-03-at-14.06.57-768x602.jpeg 768w, https:\/\/repam.org.br\/cop30\/wp-content\/uploads\/2025\/09\/WhatsApp-Image-2025-09-03-at-14.06.57.jpeg 1280w\" sizes=\"(max-width: 1024px) 100vw, 1024px\" \/><figcaption class=\"wp-element-caption\">Foto: Yrerewa Krenak<br><br><\/figcaption><\/figure>\n\n\n\n<p>Entre os dias 28 e 31 de agosto, a Casa Marak\u00e1, em Bel\u00e9m do Par\u00e1, foi palco do primeiro <strong>Encontro Nacional de Comunica\u00e7\u00e3o Ind\u00edgena (ENCI)<\/strong>, que reuniu mais de 100 comunicadores de 62 povos ind\u00edgenas de todo o Brasil. O evento, realizado pela M\u00eddia Ind\u00edgena e pelo Minist\u00e9rio dos Povos Ind\u00edgenas, contou tamb\u00e9m com participa\u00e7\u00f5es da Col\u00f4mbia, Panam\u00e1 e Guatemala, e marcou um momento hist\u00f3rico de articula\u00e7\u00e3o coletiva, forma\u00e7\u00e3o e troca de experi\u00eancias. O objetivo central foi preparar a atua\u00e7\u00e3o dos comunicadores para a <strong>COP30<\/strong>, que acontecer\u00e1 em Bel\u00e9m entre 10 e 21 de novembro de 2025.<\/p>\n\n\n\n<p>Ao longo da programa\u00e7\u00e3o, foram debatidos cinco eixos: mem\u00f3ria e identidade da comunica\u00e7\u00e3o ind\u00edgena; forma\u00e7\u00e3o pol\u00edtica e t\u00e9cnica de comunicadores; articula\u00e7\u00e3o de uma rede nacional; estrat\u00e9gias para a COP30; e cria\u00e7\u00e3o de campanhas de impacto. As mesas reuniram lideran\u00e7as como Sonia Guajajara (Minist\u00e9rio dos Povos Ind\u00edgenas), C\u00e9lia Xakriab\u00e1 (C\u00e2mara dos Deputados), Sineia Wapichana (enviada especial para a COP30) e Kleber Karipuna (Apib), al\u00e9m de organiza\u00e7\u00f5es como Instituto Socioambiental (ISA), WWF-Brasil, Greenpeace, Avaaz e <strong>REPAM Brasil.<\/strong><\/p>\n\n\n\n<p>A programa\u00e7\u00e3o tamb\u00e9m incluiu oficinas de produ\u00e7\u00e3o audiovisual, t\u00e9cnicas de entrevista, preserva\u00e7\u00e3o de mem\u00f3ria, exibi\u00e7\u00e3o de filmes ind\u00edgenas e laborat\u00f3rios criativos de campanhas.<\/p>\n\n\n\n<h3 class=\"wp-block-heading\">Painel sobre a COP30<\/h3>\n\n\n\n<figure class=\"wp-block-image aligncenter size-large\"><img decoding=\"async\" width=\"1024\" height=\"682\" src=\"https:\/\/repam.org.br\/cop30\/wp-content\/uploads\/2025\/09\/WhatsApp-Image-2025-09-03-at-14.06.59-1024x682.jpeg\" alt=\"\" class=\"wp-image-17214\" srcset=\"https:\/\/repam.org.br\/cop30\/wp-content\/uploads\/2025\/09\/WhatsApp-Image-2025-09-03-at-14.06.59-1024x682.jpeg 1024w, https:\/\/repam.org.br\/cop30\/wp-content\/uploads\/2025\/09\/WhatsApp-Image-2025-09-03-at-14.06.59-300x200.jpeg 300w, https:\/\/repam.org.br\/cop30\/wp-content\/uploads\/2025\/09\/WhatsApp-Image-2025-09-03-at-14.06.59-768x512.jpeg 768w, https:\/\/repam.org.br\/cop30\/wp-content\/uploads\/2025\/09\/WhatsApp-Image-2025-09-03-at-14.06.59.jpeg 1280w\" sizes=\"(max-width: 1024px) 100vw, 1024px\" \/><figcaption class=\"wp-element-caption\">Foto: Regis Guajajara<\/figcaption><\/figure>\n\n\n\n<p>No dia 30, um dos momentos centrais do encontro foi o painel sobre a COP30, com Kaianaku Kamaiur\u00e1, Gasparini Kaingang e Mayara Lima, comunicadora da Mobiliza\u00e7\u00e3o dos Povos pela Terra e pelo Clima, articula\u00e7\u00e3o da REPAM Brasil rumo \u00e0 COP30, sob media\u00e7\u00e3o de Natalia Mapu\u00e1.<\/p>\n\n\n\n<p>Nesse espa\u00e7o de trocas, os expositores refletiram sobre a import\u00e2ncia da confer\u00eancia global e sobre estrat\u00e9gias de comunica\u00e7\u00e3o para fortalecer a participa\u00e7\u00e3o ind\u00edgena no processo. Durante a atividade, houve a entrega de mais de 100 exemplares da cartilha <strong><a href=\"https:\/\/repam.org.br\/cop30\/abc-das-cops\/\">ABC das COPs<\/a><\/strong>, elaborada pela REPAM Brasil, distribu\u00edda a todos os participantes como ferramenta de forma\u00e7\u00e3o e democratiza\u00e7\u00e3o da informa\u00e7\u00e3o rumo \u00e0 COP30.<\/p>\n\n\n\n<blockquote class=\"wp-block-quote is-layout-flow wp-block-quote-is-layout-flow\">\n<blockquote class=\"wp-block-quote is-layout-flow wp-block-quote-is-layout-flow\">\n<p>\u201cIncid\u00eancia come\u00e7a com informa\u00e7\u00e3o. Quando entendemos a agenda clim\u00e1tica \u2014 seus temas, processos e espa\u00e7os de participa\u00e7\u00e3o \u2014 comunidades e territ\u00f3rios se fortalecem para se organizar melhor e buscar uma incid\u00eancia estrat\u00e9gica e qualificada rumo \u00e0 COP30\u201d, afirma Mayara Lima, comunicadora da Mobiliza\u00e7\u00e3o dos Povos pela Terra e pelo Clima, articula\u00e7\u00e3o da REPAM Brasil.<\/p>\n<\/blockquote>\n<\/blockquote>\n\n\n\n<h3 class=\"wp-block-heading\">Articula\u00e7\u00e3o nacional de comunicadores<\/h3>\n\n\n\n<p>O encontro impulsionou a mobiliza\u00e7\u00e3o de um coletivo nacional de comunica\u00e7\u00e3o coordenado pela M\u00eddia Ind\u00edgena, que celebra dez anos de atua\u00e7\u00e3o em 2025. Uma chamada p\u00fablica aberta no Instagram recebeu mais de 1.200 inscri\u00e7\u00f5es; a partir desse engajamento, foi estruturado um grupo de articula\u00e7\u00e3o dividido por biomas e g\u00eanero, garantindo representatividade.<\/p>\n\n\n\n<p>A iniciativa busca consolidar uma rede que construa a comunica\u00e7\u00e3o a partir das bases do movimento ind\u00edgena, valorizando lideran\u00e7as locais e os contextos espec\u00edficos de cada povo, projetando as lutas ind\u00edgenas para al\u00e9m das fronteiras nacionais \u2014 em um momento em que o planeta discute sua pr\u00f3pria sobreviv\u00eancia diante da crise clim\u00e1tica.<\/p>\n\n\n\n<p><strong>Demarca\u00e7\u00e3o tamb\u00e9m nas telas.<\/strong> Siga e apoie os conte\u00fados da <strong><a href=\"https:\/\/www.instagram.com\/midiaindigenaoficial\/\">@midiaindigenaoficial<\/a><\/strong>, bem como influenciadores e organiza\u00e7\u00f5es ind\u00edgenas. <strong>Fortalecer essas vozes \u00e9 fortalecer o futuro do planeta.<\/strong><\/p>\n\n\n\n<figure class=\"wp-block-gallery aligncenter has-nested-images columns-default is-cropped wp-block-gallery-1 is-layout-flex wp-block-gallery-is-layout-flex\">\n<figure class=\"wp-block-image size-large\"><img decoding=\"async\" width=\"1024\" height=\"683\" data-id=\"17215\" src=\"https:\/\/repam.org.br\/cop30\/wp-content\/uploads\/2025\/09\/Abner20SuruC3AD20Encontro20MC3ADdia20Indigena20ago202025_0-1024x683.jpg\" alt=\"Evento reuniu mais de 100 comunicadores de 62 povos de todo o pa\u00eds | Abner Suru\u00ed\" class=\"wp-image-17215\" srcset=\"https:\/\/repam.org.br\/cop30\/wp-content\/uploads\/2025\/09\/Abner20SuruC3AD20Encontro20MC3ADdia20Indigena20ago202025_0-1024x683.jpg 1024w, https:\/\/repam.org.br\/cop30\/wp-content\/uploads\/2025\/09\/Abner20SuruC3AD20Encontro20MC3ADdia20Indigena20ago202025_0-300x200.jpg 300w, https:\/\/repam.org.br\/cop30\/wp-content\/uploads\/2025\/09\/Abner20SuruC3AD20Encontro20MC3ADdia20Indigena20ago202025_0-768x512.jpg 768w, https:\/\/repam.org.br\/cop30\/wp-content\/uploads\/2025\/09\/Abner20SuruC3AD20Encontro20MC3ADdia20Indigena20ago202025_0.jpg 1200w\" sizes=\"(max-width: 1024px) 100vw, 1024px\" \/><figcaption class=\"wp-element-caption\">Encontro reuniu mais de 100 comunicadores de 62 povos de todo o pa\u00eds. Foto:&nbsp;Abner Suru\u00ed<\/figcaption><\/figure>\n<\/figure>\n\n\n\n<figure class=\"wp-block-gallery has-nested-images columns-default is-cropped wp-block-gallery-2 is-layout-flex wp-block-gallery-is-layout-flex\">\n<figure class=\"wp-block-image size-large\"><img loading=\"lazy\" decoding=\"async\" width=\"1024\" height=\"613\" data-id=\"17211\" src=\"https:\/\/repam.org.br\/cop30\/wp-content\/uploads\/2025\/09\/WhatsApp-Image-2025-09-03-at-14.06.57-2-1-1024x613.jpeg\" alt=\"\" class=\"wp-image-17211\" srcset=\"https:\/\/repam.org.br\/cop30\/wp-content\/uploads\/2025\/09\/WhatsApp-Image-2025-09-03-at-14.06.57-2-1-1024x613.jpeg 1024w, https:\/\/repam.org.br\/cop30\/wp-content\/uploads\/2025\/09\/WhatsApp-Image-2025-09-03-at-14.06.57-2-1-300x180.jpeg 300w, https:\/\/repam.org.br\/cop30\/wp-content\/uploads\/2025\/09\/WhatsApp-Image-2025-09-03-at-14.06.57-2-1-768x460.jpeg 768w, https:\/\/repam.org.br\/cop30\/wp-content\/uploads\/2025\/09\/WhatsApp-Image-2025-09-03-at-14.06.57-2-1-1536x920.jpeg 1536w, https:\/\/repam.org.br\/cop30\/wp-content\/uploads\/2025\/09\/WhatsApp-Image-2025-09-03-at-14.06.57-2-1-2048x1226.jpeg 2048w\" sizes=\"(max-width: 1024px) 100vw, 1024px\" \/><figcaption class=\"wp-element-caption\">Foto: Renan Khisetje<\/figcaption><\/figure>\n\n\n\n<figure class=\"wp-block-image size-large\"><img loading=\"lazy\" decoding=\"async\" width=\"1024\" height=\"682\" data-id=\"17213\" src=\"https:\/\/repam.org.br\/cop30\/wp-content\/uploads\/2025\/09\/WhatsApp-Image-2025-09-03-at-14.06.58-1-1024x682.jpeg\" alt=\"\" class=\"wp-image-17213\" srcset=\"https:\/\/repam.org.br\/cop30\/wp-content\/uploads\/2025\/09\/WhatsApp-Image-2025-09-03-at-14.06.58-1-1024x682.jpeg 1024w, https:\/\/repam.org.br\/cop30\/wp-content\/uploads\/2025\/09\/WhatsApp-Image-2025-09-03-at-14.06.58-1-300x200.jpeg 300w, https:\/\/repam.org.br\/cop30\/wp-content\/uploads\/2025\/09\/WhatsApp-Image-2025-09-03-at-14.06.58-1-768x512.jpeg 768w, https:\/\/repam.org.br\/cop30\/wp-content\/uploads\/2025\/09\/WhatsApp-Image-2025-09-03-at-14.06.58-1.jpeg 1280w\" sizes=\"(max-width: 1024px) 100vw, 1024px\" \/><figcaption class=\"wp-element-caption\">Foto: Regis Guajajara<\/figcaption><\/figure>\n\n\n\n<figure class=\"wp-block-image size-large\"><img loading=\"lazy\" decoding=\"async\" width=\"1024\" height=\"682\" data-id=\"17205\" src=\"https:\/\/repam.org.br\/cop30\/wp-content\/uploads\/2025\/09\/WhatsApp-Image-2025-09-03-at-14.06.57-1-1024x682.jpeg\" alt=\"\" class=\"wp-image-17205\" srcset=\"https:\/\/repam.org.br\/cop30\/wp-content\/uploads\/2025\/09\/WhatsApp-Image-2025-09-03-at-14.06.57-1-1024x682.jpeg 1024w, https:\/\/repam.org.br\/cop30\/wp-content\/uploads\/2025\/09\/WhatsApp-Image-2025-09-03-at-14.06.57-1-300x200.jpeg 300w, https:\/\/repam.org.br\/cop30\/wp-content\/uploads\/2025\/09\/WhatsApp-Image-2025-09-03-at-14.06.57-1-768x512.jpeg 768w, https:\/\/repam.org.br\/cop30\/wp-content\/uploads\/2025\/09\/WhatsApp-Image-2025-09-03-at-14.06.57-1.jpeg 1280w\" sizes=\"(max-width: 1024px) 100vw, 1024px\" \/><figcaption class=\"wp-element-caption\">Foto: Ya Gavi\u00e3o<\/figcaption><\/figure>\n\n\n\n<figure class=\"wp-block-image size-large\"><img loading=\"lazy\" decoding=\"async\" width=\"1024\" height=\"676\" data-id=\"17209\" src=\"https:\/\/repam.org.br\/cop30\/wp-content\/uploads\/2025\/09\/WhatsApp-Image-2025-09-03-at-14.06.52-1024x676.jpeg\" alt=\"\" class=\"wp-image-17209\" srcset=\"https:\/\/repam.org.br\/cop30\/wp-content\/uploads\/2025\/09\/WhatsApp-Image-2025-09-03-at-14.06.52-1024x676.jpeg 1024w, https:\/\/repam.org.br\/cop30\/wp-content\/uploads\/2025\/09\/WhatsApp-Image-2025-09-03-at-14.06.52-300x198.jpeg 300w, https:\/\/repam.org.br\/cop30\/wp-content\/uploads\/2025\/09\/WhatsApp-Image-2025-09-03-at-14.06.52-768x507.jpeg 768w, https:\/\/repam.org.br\/cop30\/wp-content\/uploads\/2025\/09\/WhatsApp-Image-2025-09-03-at-14.06.52-1536x1013.jpeg 1536w\" sizes=\"(max-width: 1024px) 100vw, 1024px\" \/><figcaption class=\"wp-element-caption\">Foto: Renan Khisetje<\/figcaption><\/figure>\n\n\n\n<figure class=\"wp-block-image size-large\"><img loading=\"lazy\" decoding=\"async\" width=\"1024\" height=\"682\" data-id=\"17207\" src=\"https:\/\/repam.org.br\/cop30\/wp-content\/uploads\/2025\/09\/WhatsApp-Image-2025-09-03-at-14.06.58-1024x682.jpeg\" alt=\"\" class=\"wp-image-17207\" srcset=\"https:\/\/repam.org.br\/cop30\/wp-content\/uploads\/2025\/09\/WhatsApp-Image-2025-09-03-at-14.06.58-1024x682.jpeg 1024w, https:\/\/repam.org.br\/cop30\/wp-content\/uploads\/2025\/09\/WhatsApp-Image-2025-09-03-at-14.06.58-300x200.jpeg 300w, https:\/\/repam.org.br\/cop30\/wp-content\/uploads\/2025\/09\/WhatsApp-Image-2025-09-03-at-14.06.58-768x512.jpeg 768w, https:\/\/repam.org.br\/cop30\/wp-content\/uploads\/2025\/09\/WhatsApp-Image-2025-09-03-at-14.06.58.jpeg 1280w\" sizes=\"(max-width: 1024px) 100vw, 1024px\" \/><figcaption class=\"wp-element-caption\">Foto: Regis Guajajara<\/figcaption><\/figure>\n\n\n\n<figure class=\"wp-block-image size-large\"><img loading=\"lazy\" decoding=\"async\" width=\"1024\" height=\"683\" data-id=\"17206\" src=\"https:\/\/repam.org.br\/cop30\/wp-content\/uploads\/2025\/09\/WhatsApp-Image-2025-09-03-at-14.06.49-1024x683.jpeg\" alt=\"\" class=\"wp-image-17206\" srcset=\"https:\/\/repam.org.br\/cop30\/wp-content\/uploads\/2025\/09\/WhatsApp-Image-2025-09-03-at-14.06.49-1024x683.jpeg 1024w, https:\/\/repam.org.br\/cop30\/wp-content\/uploads\/2025\/09\/WhatsApp-Image-2025-09-03-at-14.06.49-300x200.jpeg 300w, https:\/\/repam.org.br\/cop30\/wp-content\/uploads\/2025\/09\/WhatsApp-Image-2025-09-03-at-14.06.49-768x512.jpeg 768w, https:\/\/repam.org.br\/cop30\/wp-content\/uploads\/2025\/09\/WhatsApp-Image-2025-09-03-at-14.06.49.jpeg 1280w\" sizes=\"(max-width: 1024px) 100vw, 1024px\" \/><figcaption class=\"wp-element-caption\">Foto: Than Patax\u00f3<\/figcaption><\/figure>\n<\/figure>\n\n\n\n<p><\/p>\n","protected":false},"excerpt":{"rendered":"<p>Entre os dias 28 e 31 de agosto, a Casa Marak\u00e1, em Bel\u00e9m do Par\u00e1, foi palco do primeiro Encontro Nacional de Comunica\u00e7\u00e3o Ind\u00edgena (ENCI), que reuniu mais de 100 comunicadores de 62 povos ind\u00edgenas de todo o Brasil. O evento, realizado pela M\u00eddia Ind\u00edgena e pelo Minist\u00e9rio dos Povos Ind\u00edgenas, contou tamb\u00e9m com participa\u00e7\u00f5es da Col\u00f4mbia, Panam\u00e1 e Guatemala, e marcou um momento hist\u00f3rico de articula\u00e7\u00e3o coletiva, forma\u00e7\u00e3o e troca de experi\u00eancias. O objetivo central foi preparar a atua\u00e7\u00e3o dos comunicadores para a COP30, que acontecer\u00e1 em Bel\u00e9m entre 10 e 21 de novembro de 2025. Ao longo da programa\u00e7\u00e3o, foram debatidos cinco eixos: mem\u00f3ria e identidade da comunica\u00e7\u00e3o ind\u00edgena; forma\u00e7\u00e3o pol\u00edtica e t\u00e9cnica de comunicadores; articula\u00e7\u00e3o de uma rede nacional; estrat\u00e9gias para a COP30; e cria\u00e7\u00e3o de campanhas de impacto. As mesas reuniram lideran\u00e7as como Sonia Guajajara (Minist\u00e9rio dos Povos Ind\u00edgenas), C\u00e9lia Xakriab\u00e1 (C\u00e2mara dos Deputados), Sineia Wapichana (enviada especial para a COP30) e Kleber Karipuna (Apib), al\u00e9m de organiza\u00e7\u00f5es como Instituto Socioambiental (ISA), WWF-Brasil, Greenpeace, Avaaz e REPAM Brasil. A programa\u00e7\u00e3o tamb\u00e9m incluiu oficinas de produ\u00e7\u00e3o audiovisual, t\u00e9cnicas de entrevista, preserva\u00e7\u00e3o de mem\u00f3ria, exibi\u00e7\u00e3o de filmes ind\u00edgenas e laborat\u00f3rios criativos de campanhas. Painel sobre a COP30 No dia 30, um dos momentos centrais do encontro foi o painel sobre a COP30, com Kaianaku Kamaiur\u00e1, Gasparini Kaingang e Mayara Lima, comunicadora da Mobiliza\u00e7\u00e3o dos Povos pela Terra e pelo Clima, articula\u00e7\u00e3o da REPAM Brasil rumo \u00e0 COP30, sob media\u00e7\u00e3o de Natalia Mapu\u00e1. Nesse espa\u00e7o de trocas, os expositores refletiram sobre a import\u00e2ncia da confer\u00eancia global e sobre estrat\u00e9gias de comunica\u00e7\u00e3o para fortalecer a participa\u00e7\u00e3o ind\u00edgena no processo. Durante a atividade, houve a entrega de mais de 100 exemplares da cartilha ABC das COPs, elaborada pela REPAM Brasil, distribu\u00edda a todos os participantes como ferramenta de forma\u00e7\u00e3o e democratiza\u00e7\u00e3o da informa\u00e7\u00e3o rumo \u00e0 COP30. Articula\u00e7\u00e3o nacional de comunicadores O encontro impulsionou a mobiliza\u00e7\u00e3o de um coletivo nacional de comunica\u00e7\u00e3o coordenado pela M\u00eddia Ind\u00edgena, que celebra dez anos de atua\u00e7\u00e3o em 2025. Uma chamada p\u00fablica aberta no Instagram recebeu mais de 1.200 inscri\u00e7\u00f5es; a partir desse engajamento, foi estruturado um grupo de articula\u00e7\u00e3o dividido por biomas e g\u00eanero, garantindo representatividade. A iniciativa busca consolidar uma rede que construa a comunica\u00e7\u00e3o a partir das bases do movimento ind\u00edgena, valorizando lideran\u00e7as locais e os contextos espec\u00edficos de cada povo, projetando as lutas ind\u00edgenas para al\u00e9m das fronteiras nacionais \u2014 em um momento em que o planeta discute sua pr\u00f3pria sobreviv\u00eancia diante da crise clim\u00e1tica. Demarca\u00e7\u00e3o tamb\u00e9m nas telas. Siga e apoie os conte\u00fados da @midiaindigenaoficial, bem como influenciadores e organiza\u00e7\u00f5es ind\u00edgenas. Fortalecer essas vozes \u00e9 fortalecer o futuro do planeta.<\/p>\n","protected":false},"author":3,"featured_media":17204,"comment_status":"open","ping_status":"open","sticky":false,"template":"","format":"standard","meta":{"footnotes":""},"categories":[5],"tags":[60,13,59,58,14,15,57,17,18,19,7,8],"class_list":["post-17202","post","type-post","status-publish","format-standard","has-post-thumbnail","hentry","category-noticias","tag-abc-das-cops","tag-amazonia","tag-comunicacao-indigena","tag-comunicacao-popular","tag-conferencia-do-clima-da-onu","tag-cop-30","tag-encontro-de-comunicadores-indigenas","tag-mudanca-climatica","tag-populacoes-tradionais","tag-povos-indigenas","tag-repam","tag-repam-brasil"],"rttpg_featured_image_url":{"full":["https:\/\/repam.org.br\/cop30\/wp-content\/uploads\/2025\/09\/WhatsApp-Image-2025-09-03-at-14.06.57.jpeg",1280,1004,false],"landscape":["https:\/\/repam.org.br\/cop30\/wp-content\/uploads\/2025\/09\/WhatsApp-Image-2025-09-03-at-14.06.57.jpeg",1280,1004,false],"portraits":["https:\/\/repam.org.br\/cop30\/wp-content\/uploads\/2025\/09\/WhatsApp-Image-2025-09-03-at-14.06.57.jpeg",1280,1004,false],"thumbnail":["https:\/\/repam.org.br\/cop30\/wp-content\/uploads\/2025\/09\/WhatsApp-Image-2025-09-03-at-14.06.57-150x150.jpeg",150,150,true],"medium":["https:\/\/repam.org.br\/cop30\/wp-content\/uploads\/2025\/09\/WhatsApp-Image-2025-09-03-at-14.06.57-300x235.jpeg",300,235,true],"large":["https:\/\/repam.org.br\/cop30\/wp-content\/uploads\/2025\/09\/WhatsApp-Image-2025-09-03-at-14.06.57-1024x803.jpeg",800,627,true],"1536x1536":["https:\/\/repam.org.br\/cop30\/wp-content\/uploads\/2025\/09\/WhatsApp-Image-2025-09-03-at-14.06.57.jpeg",1280,1004,false],"2048x2048":["https:\/\/repam.org.br\/cop30\/wp-content\/uploads\/2025\/09\/WhatsApp-Image-2025-09-03-at-14.06.57.jpeg",1280,1004,false]},"rttpg_author":{"display_name":"Comunica\u00e7\u00e3o Cop30","author_link":"https:\/\/repam.org.br\/cop30\/author\/comunicacaocop30\/"},"rttpg_comment":0,"rttpg_category":"<a href=\"https:\/\/repam.org.br\/cop30\/category\/noticias\/\" rel=\"category tag\">Not\u00edcias<\/a>","rttpg_excerpt":"Entre os dias 28 e 31 de agosto, a Casa Marak\u00e1, em Bel\u00e9m do Par\u00e1, foi palco do primeiro Encontro Nacional de Comunica\u00e7\u00e3o Ind\u00edgena (ENCI), que reuniu mais de 100 comunicadores de 62 povos ind\u00edgenas de todo o Brasil. O evento, realizado pela M\u00eddia Ind\u00edgena e pelo Minist\u00e9rio dos Povos Ind\u00edgenas, contou tamb\u00e9m com participa\u00e7\u00f5es&hellip;","_links":{"self":[{"href":"https:\/\/repam.org.br\/cop30\/wp-json\/wp\/v2\/posts\/17202","targetHints":{"allow":["GET"]}}],"collection":[{"href":"https:\/\/repam.org.br\/cop30\/wp-json\/wp\/v2\/posts"}],"about":[{"href":"https:\/\/repam.org.br\/cop30\/wp-json\/wp\/v2\/types\/post"}],"author":[{"embeddable":true,"href":"https:\/\/repam.org.br\/cop30\/wp-json\/wp\/v2\/users\/3"}],"replies":[{"embeddable":true,"href":"https:\/\/repam.org.br\/cop30\/wp-json\/wp\/v2\/comments?post=17202"}],"version-history":[{"count":2,"href":"https:\/\/repam.org.br\/cop30\/wp-json\/wp\/v2\/posts\/17202\/revisions"}],"predecessor-version":[{"id":17217,"href":"https:\/\/repam.org.br\/cop30\/wp-json\/wp\/v2\/posts\/17202\/revisions\/17217"}],"wp:featuredmedia":[{"embeddable":true,"href":"https:\/\/repam.org.br\/cop30\/wp-json\/wp\/v2\/media\/17204"}],"wp:attachment":[{"href":"https:\/\/repam.org.br\/cop30\/wp-json\/wp\/v2\/media?parent=17202"}],"wp:term":[{"taxonomy":"category","embeddable":true,"href":"https:\/\/repam.org.br\/cop30\/wp-json\/wp\/v2\/categories?post=17202"},{"taxonomy":"post_tag","embeddable":true,"href":"https:\/\/repam.org.br\/cop30\/wp-json\/wp\/v2\/tags?post=17202"}],"curies":[{"name":"wp","href":"https:\/\/api.w.org\/{rel}","templated":true}]}}