{"id":17219,"date":"2025-09-05T16:28:20","date_gmt":"2025-09-05T19:28:20","guid":{"rendered":"https:\/\/repam.org.br\/cop30\/?p=17219"},"modified":"2025-09-05T16:28:21","modified_gmt":"2025-09-05T19:28:21","slug":"manifesto-da-mobilizacao-celebra-o-dia-da-amazonia-com-chamado-a-justica-climatica","status":"publish","type":"post","link":"https:\/\/repam.org.br\/cop30\/manifesto-da-mobilizacao-celebra-o-dia-da-amazonia-com-chamado-a-justica-climatica\/","title":{"rendered":"Manifesto da Mobiliza\u00e7\u00e3o celebra o Dia da Amaz\u00f4nia com chamado \u00e0 justi\u00e7a clim\u00e1tica"},"content":{"rendered":"\n<p>No Dia da Amaz\u00f4nia, a Mobiliza\u00e7\u00e3o dos Povos pela Terra e pelo Clima lan\u00e7ou um v\u00eddeo-manifesto que rapidamente ganhou repercuss\u00e3o nas redes sociais. A iniciativa convida a enxergar a Amaz\u00f4nia para al\u00e9m da floresta, lembrando que ela \u00e9 tamb\u00e9m casa, alimento, \u00e1gua, diversidade e resist\u00eancia dos povos que nela vivem.<\/p>\n\n\n\n<p>O v\u00eddeo re\u00fane os rostos de lideran\u00e7as, jovens e organiza\u00e7\u00f5es parceiras que v\u00eam construindo, junto com a Mobiliza\u00e7\u00e3o, esse caminho rumo \u00e0 COP30. Mais do que um evento, a COP30 \u00e9 compreendida como um processo cont\u00ednuo: antes, durante e depois da confer\u00eancia, a luta por justi\u00e7a clim\u00e1tica segue viva e necess\u00e1ria.<\/p>\n\n\n\n<p>A mensagem refor\u00e7a que n\u00e3o h\u00e1 floresta em p\u00e9 sem as pessoas que a mant\u00eam viva. Povos ind\u00edgenas, quilombolas, ribeirinhos, comunidades pesqueiras, juventudes e periferias s\u00e3o protagonistas dessa hist\u00f3ria. S\u00e3o eles que, ao resistirem e existirem em seus territ\u00f3rios, garantem a prote\u00e7\u00e3o dos rios, da biodiversidade e do futuro comum.<\/p>\n\n\n\n<figure class=\"wp-block-pullquote\"><blockquote><p>\u201cCuidar da Amaz\u00f4nia \u00e9 tamb\u00e9m cuidar de quem a protege. \u00c9 reconhecer que resistir e existir s\u00e3o atos que sustentam o c\u00e9u acima de n\u00f3s e a vida neste planeta\u201d, afirma o manifesto.<\/p><\/blockquote><\/figure>\n\n\n\n<p>A Mobiliza\u00e7\u00e3o, articula\u00e7\u00e3o da REPAM Brasil, lembra que este \u00e9 o momento de fortalecer vozes, lutas e alian\u00e7as em defesa da justi\u00e7a clim\u00e1tica, da dignidade e da vida em todas as suas formas.<\/p>\n\n\n\n<p>Que este Dia da Amaz\u00f4nia nos recorde: n\u00e3o existe floresta sem gente. E n\u00e3o existe futuro sem Amaz\u00f4nia.<\/p>\n\n\n\n<figure class=\"wp-block-video\"><\/figure>\n\n\n\n<p><\/p>\n","protected":false},"excerpt":{"rendered":"<p>No Dia da Amaz\u00f4nia, a Mobiliza\u00e7\u00e3o dos Povos pela Terra e pelo Clima lan\u00e7ou um v\u00eddeo-manifesto que rapidamente ganhou repercuss\u00e3o nas redes sociais. A iniciativa convida a enxergar a Amaz\u00f4nia para al\u00e9m da floresta, lembrando que ela \u00e9 tamb\u00e9m casa, alimento, \u00e1gua, diversidade e resist\u00eancia dos povos que nela vivem. O v\u00eddeo re\u00fane os rostos de lideran\u00e7as, jovens e organiza\u00e7\u00f5es parceiras que v\u00eam construindo, junto com a Mobiliza\u00e7\u00e3o, esse caminho rumo \u00e0 COP30. Mais do que um evento, a COP30 \u00e9 compreendida como um processo cont\u00ednuo: antes, durante e depois da confer\u00eancia, a luta por justi\u00e7a clim\u00e1tica segue viva e necess\u00e1ria. A mensagem refor\u00e7a que n\u00e3o h\u00e1 floresta em p\u00e9 sem as pessoas que a mant\u00eam viva. Povos ind\u00edgenas, quilombolas, ribeirinhos, comunidades pesqueiras, juventudes e periferias s\u00e3o protagonistas dessa hist\u00f3ria. S\u00e3o eles que, ao resistirem e existirem em seus territ\u00f3rios, garantem a prote\u00e7\u00e3o dos rios, da biodiversidade e do futuro comum. \u201cCuidar da Amaz\u00f4nia \u00e9 tamb\u00e9m cuidar de quem a protege. \u00c9 reconhecer que resistir e existir s\u00e3o atos que sustentam o c\u00e9u acima de n\u00f3s e a vida neste planeta\u201d, afirma o manifesto. A Mobiliza\u00e7\u00e3o, articula\u00e7\u00e3o da REPAM Brasil, lembra que este \u00e9 o momento de fortalecer vozes, lutas e alian\u00e7as em defesa da justi\u00e7a clim\u00e1tica, da dignidade e da vida em todas as suas formas. Que este Dia da Amaz\u00f4nia nos recorde: n\u00e3o existe floresta sem gente. E n\u00e3o existe futuro sem Amaz\u00f4nia.<\/p>\n","protected":false},"author":3,"featured_media":17220,"comment_status":"open","ping_status":"open","sticky":false,"template":"","format":"standard","meta":{"footnotes":""},"categories":[5],"tags":[13,14,15,36,17,18,19,7,8],"class_list":["post-17219","post","type-post","status-publish","format-standard","has-post-thumbnail","hentry","category-noticias","tag-amazonia","tag-conferencia-do-clima-da-onu","tag-cop-30","tag-mab","tag-mudanca-climatica","tag-populacoes-tradionais","tag-povos-indigenas","tag-repam","tag-repam-brasil"],"rttpg_featured_image_url":{"full":["https:\/\/repam.org.br\/cop30\/wp-content\/uploads\/2025\/09\/Captura-de-Tela-2025-09-05-as-16.19.32-e1757100033786.png",888,514,false],"landscape":["https:\/\/repam.org.br\/cop30\/wp-content\/uploads\/2025\/09\/Captura-de-Tela-2025-09-05-as-16.19.32-e1757100033786.png",888,514,false],"portraits":["https:\/\/repam.org.br\/cop30\/wp-content\/uploads\/2025\/09\/Captura-de-Tela-2025-09-05-as-16.19.32-e1757100033786.png",888,514,false],"thumbnail":["https:\/\/repam.org.br\/cop30\/wp-content\/uploads\/2025\/09\/Captura-de-Tela-2025-09-05-as-16.19.32-e1757100033786-150x150.png",150,150,true],"medium":["https:\/\/repam.org.br\/cop30\/wp-content\/uploads\/2025\/09\/Captura-de-Tela-2025-09-05-as-16.19.32-e1757100033786-300x174.png",300,174,true],"large":["https:\/\/repam.org.br\/cop30\/wp-content\/uploads\/2025\/09\/Captura-de-Tela-2025-09-05-as-16.19.32-e1757100033786.png",800,463,false],"1536x1536":["https:\/\/repam.org.br\/cop30\/wp-content\/uploads\/2025\/09\/Captura-de-Tela-2025-09-05-as-16.19.32-e1757100033786.png",888,514,false],"2048x2048":["https:\/\/repam.org.br\/cop30\/wp-content\/uploads\/2025\/09\/Captura-de-Tela-2025-09-05-as-16.19.32-e1757100033786.png",888,514,false]},"rttpg_author":{"display_name":"Comunica\u00e7\u00e3o Cop30","author_link":"https:\/\/repam.org.br\/cop30\/author\/comunicacaocop30\/"},"rttpg_comment":0,"rttpg_category":"<a href=\"https:\/\/repam.org.br\/cop30\/category\/noticias\/\" rel=\"category tag\">Not\u00edcias<\/a>","rttpg_excerpt":"No Dia da Amaz\u00f4nia, a Mobiliza\u00e7\u00e3o dos Povos pela Terra e pelo Clima lan\u00e7ou um v\u00eddeo-manifesto que rapidamente ganhou repercuss\u00e3o nas redes sociais. A iniciativa convida a enxergar a Amaz\u00f4nia para al\u00e9m da floresta, lembrando que ela \u00e9 tamb\u00e9m casa, alimento, \u00e1gua, diversidade e resist\u00eancia dos povos que nela vivem. O v\u00eddeo re\u00fane os rostos&hellip;","_links":{"self":[{"href":"https:\/\/repam.org.br\/cop30\/wp-json\/wp\/v2\/posts\/17219","targetHints":{"allow":["GET"]}}],"collection":[{"href":"https:\/\/repam.org.br\/cop30\/wp-json\/wp\/v2\/posts"}],"about":[{"href":"https:\/\/repam.org.br\/cop30\/wp-json\/wp\/v2\/types\/post"}],"author":[{"embeddable":true,"href":"https:\/\/repam.org.br\/cop30\/wp-json\/wp\/v2\/users\/3"}],"replies":[{"embeddable":true,"href":"https:\/\/repam.org.br\/cop30\/wp-json\/wp\/v2\/comments?post=17219"}],"version-history":[{"count":1,"href":"https:\/\/repam.org.br\/cop30\/wp-json\/wp\/v2\/posts\/17219\/revisions"}],"predecessor-version":[{"id":17221,"href":"https:\/\/repam.org.br\/cop30\/wp-json\/wp\/v2\/posts\/17219\/revisions\/17221"}],"wp:featuredmedia":[{"embeddable":true,"href":"https:\/\/repam.org.br\/cop30\/wp-json\/wp\/v2\/media\/17220"}],"wp:attachment":[{"href":"https:\/\/repam.org.br\/cop30\/wp-json\/wp\/v2\/media?parent=17219"}],"wp:term":[{"taxonomy":"category","embeddable":true,"href":"https:\/\/repam.org.br\/cop30\/wp-json\/wp\/v2\/categories?post=17219"},{"taxonomy":"post_tag","embeddable":true,"href":"https:\/\/repam.org.br\/cop30\/wp-json\/wp\/v2\/tags?post=17219"}],"curies":[{"name":"wp","href":"https:\/\/api.w.org\/{rel}","templated":true}]}}