{"id":17233,"date":"2025-09-08T12:42:15","date_gmt":"2025-09-08T15:42:15","guid":{"rendered":"https:\/\/repam.org.br\/cop30\/?p=17233"},"modified":"2025-09-08T12:44:13","modified_gmt":"2025-09-08T15:44:13","slug":"cupula-dos-povos-lanca-chamado-global-a-acao-antes-da-cop30-pedindo-marchas-de-solidariedade-em-todo-o-mundo-no-dia-15-de-novembro","status":"publish","type":"post","link":"https:\/\/repam.org.br\/cop30\/cupula-dos-povos-lanca-chamado-global-a-acao-antes-da-cop30-pedindo-marchas-de-solidariedade-em-todo-o-mundo-no-dia-15-de-novembro\/","title":{"rendered":"C\u00fapula dos Povos lan\u00e7a Chamado Global \u00e0 A\u00e7\u00e3o antes da COP30 pedindo marchas de solidariedade em todo o mundo no dia 15 de novembro."},"content":{"rendered":"\n<figure class=\"wp-block-image size-full\"><img fetchpriority=\"high\" decoding=\"async\" width=\"1024\" height=\"1024\" src=\"https:\/\/repam.org.br\/cop30\/wp-content\/uploads\/2025\/09\/hecho-1.avif\" alt=\"\" class=\"wp-image-17236\"\/><\/figure>\n\n\n\n<p>Movimentos sociais e ambientais de todo o mundo lan\u00e7aram hoje um apelo \u00e0 a\u00e7\u00e3o para um Dia Global de A\u00e7\u00e3o em 15 de novembro de 2025, coincidindo com as negocia\u00e7\u00f5es clim\u00e1ticas da COP30 das Na\u00e7\u00f5es Unidas. Como parte da C\u00fapula dos Povos, milhares de pessoas devem sair \u00e0s ruas de Bel\u00e9m, Brasil, exigindo justi\u00e7a clim\u00e1tica e mudan\u00e7a de sistema.<\/p>\n\n\n\n<p>O apelo exorta movimentos, organiza\u00e7\u00f5es e povos de todos os lugares a organizarem suas pr\u00f3prias marchas e a\u00e7\u00f5es locais em solidariedade, unindo lutas al\u00e9m das fronteiras na luta contra a desigualdade, o racismo ambiental e a impunidade corporativa.<\/p>\n\n\n\n<p>Vozes do chamado:<\/p>\n\n\n\n<p><em>\u201cDa Amaz\u00f4nia para o mundo, estamos dizendo que j\u00e1 basta. O dia 15 de novembro n\u00e3o se trata apenas de marchar em Bel\u00e9m. Trata-se de mostrar que pessoas de todos os lugares est\u00e3o se levantando juntas. O Dia Global de A\u00e7\u00e3o demonstrar\u00e1 que a justi\u00e7a clim\u00e1tica \u00e9 insepar\u00e1vel da justi\u00e7a para os povos, territ\u00f3rios e gera\u00e7\u00f5es futuras.\u201d<\/em><\/p>\n\n\n\n<p><strong>Cleidiane Vieira \u2013&nbsp;<\/strong><strong>Movimento dos Atingidos por Barragens (MAB)<\/strong><\/p>\n\n\n\n<p><em>\u201cMarchamos pela vida. O dia 15 de novembro ser\u00e1 um momento hist\u00f3rico, mostrando aos governos e \u00e0s corpora\u00e7\u00f5es que o mundo est\u00e1 observando e que exigimos mudan\u00e7as. Esta \u00e9 nossa oportunidade de nos unirmos al\u00e9m das fronteiras, para exigir repara\u00e7\u00f5es, responsabilizar as corpora\u00e7\u00f5es e afirmar que a vida e a dignidade valem mais do que o lucro e a destrui\u00e7\u00e3o.\u201d<\/em><\/p>\n\n\n\n<p><strong>Kirtana Chandrasekaran \u2013&nbsp;<\/strong><strong>Amigos da Terra Internacional<\/strong><\/p>\n\n\n\n<p><em>\u201cO Dia Mundial de A\u00e7\u00e3o \u00e9 uma oportunidade para amplificar as vozes das comunidades que defendem a terra, a \u00e1gua, os empregos, as florestas e as cidades. \u00c9 um apelo \u00e0 solidariedade internacional, que lembra ao mundo que o poder da resist\u00eancia est\u00e1 nas m\u00e3os das pessoas comuns e das suas diferentes formas de organiza\u00e7\u00e3o, e n\u00e3o nas m\u00e3os das empresas e dos governos.\u201d<\/em><\/p>\n\n\n\n<p><strong>Ivan Gonz\u00e1lez \u2013&nbsp;<\/strong><strong>CSA-TUCA<\/strong><\/p>\n\n\n\n<p><em>\u201cO dia 15 de novembro n\u00e3o \u00e9 uma marcha simb\u00f3lica. \u00c9 um ato coletivo de desafio contra o sistema que destr\u00f3i nossas vidas e nossas terras. De Bel\u00e9m \u00e0s ruas de todas as cidades, os povos ind\u00edgenas e comunidades tradicionais mostrar\u00e3o que se recusam a deixar que as corpora\u00e7\u00f5es e os governos nos sacrifiquem em nome do lucro. Mostraremos que nossas vozes n\u00e3o podem ser silenciadas e somos essenciais para a constru\u00e7\u00e3o de solu\u00e7\u00f5es coletivas. A resposta somos n\u00f3s!\u201d<\/em><\/p>\n\n\n\n<p><strong>Toya Manchineri<\/strong><\/p>\n\n\n\n<p><strong>Representante Ind\u00edgena da COIAB<\/strong><\/p>\n","protected":false},"excerpt":{"rendered":"<p>Movimentos sociais e ambientais de todo o mundo lan\u00e7aram hoje um apelo \u00e0 a\u00e7\u00e3o para um Dia Global de A\u00e7\u00e3o em 15 de novembro de 2025, coincidindo com as negocia\u00e7\u00f5es clim\u00e1ticas da COP30 das Na\u00e7\u00f5es Unidas. Como parte da C\u00fapula dos Povos, milhares de pessoas devem sair \u00e0s ruas de Bel\u00e9m, Brasil, exigindo justi\u00e7a clim\u00e1tica e mudan\u00e7a de sistema. O apelo exorta movimentos, organiza\u00e7\u00f5es e povos de todos os lugares a organizarem suas pr\u00f3prias marchas e a\u00e7\u00f5es locais em solidariedade, unindo lutas al\u00e9m das fronteiras na luta contra a desigualdade, o racismo ambiental e a impunidade corporativa. Vozes do chamado: \u201cDa Amaz\u00f4nia para o mundo, estamos dizendo que j\u00e1 basta. O dia 15 de novembro n\u00e3o se trata apenas de marchar em Bel\u00e9m. Trata-se de mostrar que pessoas de todos os lugares est\u00e3o se levantando juntas. O Dia Global de A\u00e7\u00e3o demonstrar\u00e1 que a justi\u00e7a clim\u00e1tica \u00e9 insepar\u00e1vel da justi\u00e7a para os povos, territ\u00f3rios e gera\u00e7\u00f5es futuras.\u201d Cleidiane Vieira \u2013&nbsp;Movimento dos Atingidos por Barragens (MAB) \u201cMarchamos pela vida. O dia 15 de novembro ser\u00e1 um momento hist\u00f3rico, mostrando aos governos e \u00e0s corpora\u00e7\u00f5es que o mundo est\u00e1 observando e que exigimos mudan\u00e7as. Esta \u00e9 nossa oportunidade de nos unirmos al\u00e9m das fronteiras, para exigir repara\u00e7\u00f5es, responsabilizar as corpora\u00e7\u00f5es e afirmar que a vida e a dignidade valem mais do que o lucro e a destrui\u00e7\u00e3o.\u201d Kirtana Chandrasekaran \u2013&nbsp;Amigos da Terra Internacional \u201cO Dia Mundial de A\u00e7\u00e3o \u00e9 uma oportunidade para amplificar as vozes das comunidades que defendem a terra, a \u00e1gua, os empregos, as florestas e as cidades. \u00c9 um apelo \u00e0 solidariedade internacional, que lembra ao mundo que o poder da resist\u00eancia est\u00e1 nas m\u00e3os das pessoas comuns e das suas diferentes formas de organiza\u00e7\u00e3o, e n\u00e3o nas m\u00e3os das empresas e dos governos.\u201d Ivan Gonz\u00e1lez \u2013&nbsp;CSA-TUCA \u201cO dia 15 de novembro n\u00e3o \u00e9 uma marcha simb\u00f3lica. \u00c9 um ato coletivo de desafio contra o sistema que destr\u00f3i nossas vidas e nossas terras. De Bel\u00e9m \u00e0s ruas de todas as cidades, os povos ind\u00edgenas e comunidades tradicionais mostrar\u00e3o que se recusam a deixar que as corpora\u00e7\u00f5es e os governos nos sacrifiquem em nome do lucro. Mostraremos que nossas vozes n\u00e3o podem ser silenciadas e somos essenciais para a constru\u00e7\u00e3o de solu\u00e7\u00f5es coletivas. A resposta somos n\u00f3s!\u201d Toya Manchineri Representante Ind\u00edgena da COIAB<\/p>\n","protected":false},"author":3,"featured_media":17236,"comment_status":"open","ping_status":"open","sticky":false,"template":"","format":"standard","meta":{"footnotes":""},"categories":[5],"tags":[13,14,15,16,17,18,19,7,8],"class_list":["post-17233","post","type-post","status-publish","format-standard","has-post-thumbnail","hentry","category-noticias","tag-amazonia","tag-conferencia-do-clima-da-onu","tag-cop-30","tag-cupula-dos-povos","tag-mudanca-climatica","tag-populacoes-tradionais","tag-povos-indigenas","tag-repam","tag-repam-brasil"],"rttpg_featured_image_url":{"full":["https:\/\/repam.org.br\/cop30\/wp-content\/uploads\/2025\/09\/hecho-1.avif",1024,1024,false],"landscape":["https:\/\/repam.org.br\/cop30\/wp-content\/uploads\/2025\/09\/hecho-1.avif",1024,1024,false],"portraits":["https:\/\/repam.org.br\/cop30\/wp-content\/uploads\/2025\/09\/hecho-1.avif",1024,1024,false],"thumbnail":["https:\/\/repam.org.br\/cop30\/wp-content\/uploads\/2025\/09\/hecho-1.avif",150,150,false],"medium":["https:\/\/repam.org.br\/cop30\/wp-content\/uploads\/2025\/09\/hecho-1.avif",300,300,false],"large":["https:\/\/repam.org.br\/cop30\/wp-content\/uploads\/2025\/09\/hecho-1.avif",800,800,false],"1536x1536":["https:\/\/repam.org.br\/cop30\/wp-content\/uploads\/2025\/09\/hecho-1.avif",1024,1024,false],"2048x2048":["https:\/\/repam.org.br\/cop30\/wp-content\/uploads\/2025\/09\/hecho-1.avif",1024,1024,false]},"rttpg_author":{"display_name":"Comunica\u00e7\u00e3o Cop30","author_link":"https:\/\/repam.org.br\/cop30\/author\/comunicacaocop30\/"},"rttpg_comment":0,"rttpg_category":"<a href=\"https:\/\/repam.org.br\/cop30\/category\/noticias\/\" rel=\"category tag\">Not\u00edcias<\/a>","rttpg_excerpt":"Movimentos sociais e ambientais de todo o mundo lan\u00e7aram hoje um apelo \u00e0 a\u00e7\u00e3o para um Dia Global de A\u00e7\u00e3o em 15 de novembro de 2025, coincidindo com as negocia\u00e7\u00f5es clim\u00e1ticas da COP30 das Na\u00e7\u00f5es Unidas. Como parte da C\u00fapula dos Povos, milhares de pessoas devem sair \u00e0s ruas de Bel\u00e9m, Brasil, exigindo justi\u00e7a clim\u00e1tica&hellip;","_links":{"self":[{"href":"https:\/\/repam.org.br\/cop30\/wp-json\/wp\/v2\/posts\/17233","targetHints":{"allow":["GET"]}}],"collection":[{"href":"https:\/\/repam.org.br\/cop30\/wp-json\/wp\/v2\/posts"}],"about":[{"href":"https:\/\/repam.org.br\/cop30\/wp-json\/wp\/v2\/types\/post"}],"author":[{"embeddable":true,"href":"https:\/\/repam.org.br\/cop30\/wp-json\/wp\/v2\/users\/3"}],"replies":[{"embeddable":true,"href":"https:\/\/repam.org.br\/cop30\/wp-json\/wp\/v2\/comments?post=17233"}],"version-history":[{"count":2,"href":"https:\/\/repam.org.br\/cop30\/wp-json\/wp\/v2\/posts\/17233\/revisions"}],"predecessor-version":[{"id":17237,"href":"https:\/\/repam.org.br\/cop30\/wp-json\/wp\/v2\/posts\/17233\/revisions\/17237"}],"wp:featuredmedia":[{"embeddable":true,"href":"https:\/\/repam.org.br\/cop30\/wp-json\/wp\/v2\/media\/17236"}],"wp:attachment":[{"href":"https:\/\/repam.org.br\/cop30\/wp-json\/wp\/v2\/media?parent=17233"}],"wp:term":[{"taxonomy":"category","embeddable":true,"href":"https:\/\/repam.org.br\/cop30\/wp-json\/wp\/v2\/categories?post=17233"},{"taxonomy":"post_tag","embeddable":true,"href":"https:\/\/repam.org.br\/cop30\/wp-json\/wp\/v2\/tags?post=17233"}],"curies":[{"name":"wp","href":"https:\/\/api.w.org\/{rel}","templated":true}]}}