{"id":17345,"date":"2025-09-22T16:05:08","date_gmt":"2025-09-22T19:05:08","guid":{"rendered":"https:\/\/repam.org.br\/cop30\/?p=17345"},"modified":"2025-09-22T16:05:09","modified_gmt":"2025-09-22T19:05:09","slug":"mobilizacao-cop30-participa-do-seminario-de-governanca-climatica-em-brasilia","status":"publish","type":"post","link":"https:\/\/repam.org.br\/cop30\/mobilizacao-cop30-participa-do-seminario-de-governanca-climatica-em-brasilia\/","title":{"rendered":"Mobiliza\u00e7\u00e3o COP30 participa do Semin\u00e1rio de Governan\u00e7a Clim\u00e1tica em Bras\u00edlia"},"content":{"rendered":"\n<p>Entre os dias&nbsp;9 e 11 de setembro, a Mobiliza\u00e7\u00e3o COP30 marcou presen\u00e7a no&nbsp;Semin\u00e1rio de Governan\u00e7a Clim\u00e1tica e no 2\u00ba Encontro Cidades Verdes Resilientes, realizado em Bras\u00edlia pela&nbsp;C\u00e2mara Interministerial sobre Mudan\u00e7a do Clima (CIM).<\/p>\n\n\n\n<p>O encontro teve como destaque o&nbsp;lan\u00e7amento das C\u00e2maras Consultivas do CIM, inst\u00e2ncias que v\u00e3o fortalecer o di\u00e1logo entre governo federal, estados, munic\u00edpios, sociedade civil e comunidade cient\u00edfica na constru\u00e7\u00e3o das respostas brasileiras \u00e0 crise clim\u00e1tica. A&nbsp;Mobiliza\u00e7\u00e3o COP30&nbsp;acompanha de perto esse processo por meio da participa\u00e7\u00e3o de&nbsp;Joana Menezes, articuladora da Mobiliza\u00e7\u00e3o e representante da REPAM, na&nbsp;C\u00e2mara de Participa\u00e7\u00e3o Social.<\/p>\n\n\n\n<blockquote class=\"wp-block-quote is-layout-flow wp-block-quote-is-layout-flow\">\n<p>\u201c\u00c9 fundamental que a sociedade civil esteja dentro desses espa\u00e7os, n\u00e3o apenas como espectadora, mas como voz ativa na defini\u00e7\u00e3o das pol\u00edticas clim\u00e1ticas do pa\u00eds. A COP30 ser\u00e1 uma vitrine para o Brasil, mas s\u00f3 ter\u00e1 legitimidade se refletir a diversidade dos territ\u00f3rios e das popula\u00e7\u00f5es que vivem na linha de frente da crise clim\u00e1tica\u201d, afirmou&nbsp;Joana Menezes.<\/p>\n<\/blockquote>\n\n\n\n<p>A iniciativa \u00e9 estrat\u00e9gica para o pa\u00eds \u00e0s v\u00e9speras da&nbsp;COP30, em Bel\u00e9m, e refor\u00e7a o compromisso com uma governan\u00e7a clim\u00e1tica&nbsp;participativa, multin\u00edvel e orientada a resultados. Ao longo do semin\u00e1rio, foram discutidos temas como&nbsp;adapta\u00e7\u00e3o, mitiga\u00e7\u00e3o, financiamento clim\u00e1tico, transi\u00e7\u00e3o justa e solu\u00e7\u00f5es baseadas na natureza, al\u00e9m da articula\u00e7\u00e3o entre Uni\u00e3o, estados e munic\u00edpios.<\/p>\n\n\n\n<p>Para a Mobiliza\u00e7\u00e3o COP30, a realiza\u00e7\u00e3o do semin\u00e1rio representa um avan\u00e7o no&nbsp;fortalecimento do federalismo clim\u00e1ticoe uma oportunidade de ampliar o engajamento da sociedade civil na defini\u00e7\u00e3o das pol\u00edticas que v\u00e3o guiar o Brasil diante dos desafios da emerg\u00eancia clim\u00e1tica.<\/p>\n\n\n\n<figure class=\"wp-block-gallery has-nested-images columns-default is-cropped wp-block-gallery-1 is-layout-flex wp-block-gallery-is-layout-flex\">\n<figure class=\"wp-block-image size-large\"><img fetchpriority=\"high\" decoding=\"async\" width=\"1024\" height=\"683\" data-id=\"17348\" src=\"https:\/\/repam.org.br\/cop30\/wp-content\/uploads\/2025\/09\/WhatsApp-Image-2025-09-22-at-12.23.00-1024x683.jpeg\" alt=\"\" class=\"wp-image-17348\" srcset=\"https:\/\/repam.org.br\/cop30\/wp-content\/uploads\/2025\/09\/WhatsApp-Image-2025-09-22-at-12.23.00-1024x683.jpeg 1024w, https:\/\/repam.org.br\/cop30\/wp-content\/uploads\/2025\/09\/WhatsApp-Image-2025-09-22-at-12.23.00-300x200.jpeg 300w, https:\/\/repam.org.br\/cop30\/wp-content\/uploads\/2025\/09\/WhatsApp-Image-2025-09-22-at-12.23.00-768x512.jpeg 768w, https:\/\/repam.org.br\/cop30\/wp-content\/uploads\/2025\/09\/WhatsApp-Image-2025-09-22-at-12.23.00-1536x1025.jpeg 1536w, https:\/\/repam.org.br\/cop30\/wp-content\/uploads\/2025\/09\/WhatsApp-Image-2025-09-22-at-12.23.00.jpeg 1544w\" sizes=\"(max-width: 1024px) 100vw, 1024px\" \/><\/figure>\n\n\n\n<figure class=\"wp-block-image size-large\"><img decoding=\"async\" width=\"1024\" height=\"683\" data-id=\"17347\" src=\"https:\/\/repam.org.br\/cop30\/wp-content\/uploads\/2025\/09\/WhatsApp-Image-2025-09-22-at-12.22.59-1024x683.jpeg\" alt=\"\" class=\"wp-image-17347\" srcset=\"https:\/\/repam.org.br\/cop30\/wp-content\/uploads\/2025\/09\/WhatsApp-Image-2025-09-22-at-12.22.59-1024x683.jpeg 1024w, https:\/\/repam.org.br\/cop30\/wp-content\/uploads\/2025\/09\/WhatsApp-Image-2025-09-22-at-12.22.59-300x200.jpeg 300w, https:\/\/repam.org.br\/cop30\/wp-content\/uploads\/2025\/09\/WhatsApp-Image-2025-09-22-at-12.22.59-768x512.jpeg 768w, https:\/\/repam.org.br\/cop30\/wp-content\/uploads\/2025\/09\/WhatsApp-Image-2025-09-22-at-12.22.59.jpeg 1474w\" sizes=\"(max-width: 1024px) 100vw, 1024px\" \/><\/figure>\n<\/figure>\n","protected":false},"excerpt":{"rendered":"<p>Entre os dias&nbsp;9 e 11 de setembro, a Mobiliza\u00e7\u00e3o COP30 marcou presen\u00e7a no&nbsp;Semin\u00e1rio de Governan\u00e7a Clim\u00e1tica e no 2\u00ba Encontro Cidades Verdes Resilientes, realizado em Bras\u00edlia pela&nbsp;C\u00e2mara Interministerial sobre Mudan\u00e7a do Clima (CIM). O encontro teve como destaque o&nbsp;lan\u00e7amento das C\u00e2maras Consultivas do CIM, inst\u00e2ncias que v\u00e3o fortalecer o di\u00e1logo entre governo federal, estados, munic\u00edpios, sociedade civil e comunidade cient\u00edfica na constru\u00e7\u00e3o das respostas brasileiras \u00e0 crise clim\u00e1tica. A&nbsp;Mobiliza\u00e7\u00e3o COP30&nbsp;acompanha de perto esse processo por meio da participa\u00e7\u00e3o de&nbsp;Joana Menezes, articuladora da Mobiliza\u00e7\u00e3o e representante da REPAM, na&nbsp;C\u00e2mara de Participa\u00e7\u00e3o Social. \u201c\u00c9 fundamental que a sociedade civil esteja dentro desses espa\u00e7os, n\u00e3o apenas como espectadora, mas como voz ativa na defini\u00e7\u00e3o das pol\u00edticas clim\u00e1ticas do pa\u00eds. A COP30 ser\u00e1 uma vitrine para o Brasil, mas s\u00f3 ter\u00e1 legitimidade se refletir a diversidade dos territ\u00f3rios e das popula\u00e7\u00f5es que vivem na linha de frente da crise clim\u00e1tica\u201d, afirmou&nbsp;Joana Menezes. A iniciativa \u00e9 estrat\u00e9gica para o pa\u00eds \u00e0s v\u00e9speras da&nbsp;COP30, em Bel\u00e9m, e refor\u00e7a o compromisso com uma governan\u00e7a clim\u00e1tica&nbsp;participativa, multin\u00edvel e orientada a resultados. Ao longo do semin\u00e1rio, foram discutidos temas como&nbsp;adapta\u00e7\u00e3o, mitiga\u00e7\u00e3o, financiamento clim\u00e1tico, transi\u00e7\u00e3o justa e solu\u00e7\u00f5es baseadas na natureza, al\u00e9m da articula\u00e7\u00e3o entre Uni\u00e3o, estados e munic\u00edpios. Para a Mobiliza\u00e7\u00e3o COP30, a realiza\u00e7\u00e3o do semin\u00e1rio representa um avan\u00e7o no&nbsp;fortalecimento do federalismo clim\u00e1ticoe uma oportunidade de ampliar o engajamento da sociedade civil na defini\u00e7\u00e3o das pol\u00edticas que v\u00e3o guiar o Brasil diante dos desafios da emerg\u00eancia clim\u00e1tica.<\/p>\n","protected":false},"author":3,"featured_media":17346,"comment_status":"open","ping_status":"open","sticky":false,"template":"","format":"standard","meta":{"footnotes":""},"categories":[5],"tags":[13,14,15,16,17,18,7,8],"class_list":["post-17345","post","type-post","status-publish","format-standard","has-post-thumbnail","hentry","category-noticias","tag-amazonia","tag-conferencia-do-clima-da-onu","tag-cop-30","tag-cupula-dos-povos","tag-mudanca-climatica","tag-populacoes-tradionais","tag-repam","tag-repam-brasil"],"rttpg_featured_image_url":{"full":["https:\/\/repam.org.br\/cop30\/wp-content\/uploads\/2025\/09\/WhatsApp-Image-2025-09-22-at-12.22.59-1.jpeg",1444,963,false],"landscape":["https:\/\/repam.org.br\/cop30\/wp-content\/uploads\/2025\/09\/WhatsApp-Image-2025-09-22-at-12.22.59-1.jpeg",1444,963,false],"portraits":["https:\/\/repam.org.br\/cop30\/wp-content\/uploads\/2025\/09\/WhatsApp-Image-2025-09-22-at-12.22.59-1.jpeg",1444,963,false],"thumbnail":["https:\/\/repam.org.br\/cop30\/wp-content\/uploads\/2025\/09\/WhatsApp-Image-2025-09-22-at-12.22.59-1-150x150.jpeg",150,150,true],"medium":["https:\/\/repam.org.br\/cop30\/wp-content\/uploads\/2025\/09\/WhatsApp-Image-2025-09-22-at-12.22.59-1-300x200.jpeg",300,200,true],"large":["https:\/\/repam.org.br\/cop30\/wp-content\/uploads\/2025\/09\/WhatsApp-Image-2025-09-22-at-12.22.59-1-1024x683.jpeg",800,534,true],"1536x1536":["https:\/\/repam.org.br\/cop30\/wp-content\/uploads\/2025\/09\/WhatsApp-Image-2025-09-22-at-12.22.59-1.jpeg",1444,963,false],"2048x2048":["https:\/\/repam.org.br\/cop30\/wp-content\/uploads\/2025\/09\/WhatsApp-Image-2025-09-22-at-12.22.59-1.jpeg",1444,963,false]},"rttpg_author":{"display_name":"Comunica\u00e7\u00e3o Cop30","author_link":"https:\/\/repam.org.br\/cop30\/author\/comunicacaocop30\/"},"rttpg_comment":0,"rttpg_category":"<a href=\"https:\/\/repam.org.br\/cop30\/category\/noticias\/\" rel=\"category tag\">Not\u00edcias<\/a>","rttpg_excerpt":"Entre os dias&nbsp;9 e 11 de setembro, a Mobiliza\u00e7\u00e3o COP30 marcou presen\u00e7a no&nbsp;Semin\u00e1rio de Governan\u00e7a Clim\u00e1tica e no 2\u00ba Encontro Cidades Verdes Resilientes, realizado em Bras\u00edlia pela&nbsp;C\u00e2mara Interministerial sobre Mudan\u00e7a do Clima (CIM). O encontro teve como destaque o&nbsp;lan\u00e7amento das C\u00e2maras Consultivas do CIM, inst\u00e2ncias que v\u00e3o fortalecer o di\u00e1logo entre governo federal, estados, munic\u00edpios,&hellip;","_links":{"self":[{"href":"https:\/\/repam.org.br\/cop30\/wp-json\/wp\/v2\/posts\/17345","targetHints":{"allow":["GET"]}}],"collection":[{"href":"https:\/\/repam.org.br\/cop30\/wp-json\/wp\/v2\/posts"}],"about":[{"href":"https:\/\/repam.org.br\/cop30\/wp-json\/wp\/v2\/types\/post"}],"author":[{"embeddable":true,"href":"https:\/\/repam.org.br\/cop30\/wp-json\/wp\/v2\/users\/3"}],"replies":[{"embeddable":true,"href":"https:\/\/repam.org.br\/cop30\/wp-json\/wp\/v2\/comments?post=17345"}],"version-history":[{"count":1,"href":"https:\/\/repam.org.br\/cop30\/wp-json\/wp\/v2\/posts\/17345\/revisions"}],"predecessor-version":[{"id":17349,"href":"https:\/\/repam.org.br\/cop30\/wp-json\/wp\/v2\/posts\/17345\/revisions\/17349"}],"wp:featuredmedia":[{"embeddable":true,"href":"https:\/\/repam.org.br\/cop30\/wp-json\/wp\/v2\/media\/17346"}],"wp:attachment":[{"href":"https:\/\/repam.org.br\/cop30\/wp-json\/wp\/v2\/media?parent=17345"}],"wp:term":[{"taxonomy":"category","embeddable":true,"href":"https:\/\/repam.org.br\/cop30\/wp-json\/wp\/v2\/categories?post=17345"},{"taxonomy":"post_tag","embeddable":true,"href":"https:\/\/repam.org.br\/cop30\/wp-json\/wp\/v2\/tags?post=17345"}],"curies":[{"name":"wp","href":"https:\/\/api.w.org\/{rel}","templated":true}]}}