{"id":17367,"date":"2025-09-30T12:06:16","date_gmt":"2025-09-30T15:06:16","guid":{"rendered":"https:\/\/repam.org.br\/cop30\/?p=17367"},"modified":"2025-09-30T12:08:31","modified_gmt":"2025-09-30T15:08:31","slug":"encontro-em-ananindeua-reflete-sobre-ecologia-integral-e-cop30-com-criancas-e-adolescentes","status":"publish","type":"post","link":"https:\/\/repam.org.br\/cop30\/encontro-em-ananindeua-reflete-sobre-ecologia-integral-e-cop30-com-criancas-e-adolescentes\/","title":{"rendered":"Encontro em Ananindeua reflete sobre ecologia integral e COP30 com crian\u00e7as e adolescentes"},"content":{"rendered":"\n<p><\/p>\n\n\n\n<p>No \u00faltimo s\u00e1bado, a Articula\u00e7\u00e3o COP30 promoveu o encontro <em>\u201cEcologia Integral e COP30\u201d<\/em>, realizado no Sal\u00e3o Paroquial da Igreja Nossa Senhora de Lourdes, em Ananindeua (PA). A atividade reuniu cerca de 80 crian\u00e7as e adolescentes, al\u00e9m de 16 adultos, em um momento de reflex\u00e3o e di\u00e1logo sobre a confer\u00eancia do clima e seus impactos na vida das novas gera\u00e7\u00f5es.<\/p>\n\n\n\n<p>A programa\u00e7\u00e3o abordou temas como mudan\u00e7as clim\u00e1ticas, justi\u00e7a socioambiental e a import\u00e2ncia do protagonismo comunit\u00e1rio. As crian\u00e7as compartilharam experi\u00eancias e ouviram relatos sobre a\u00e7\u00f5es j\u00e1 em andamento na regi\u00e3o, como o reflorestamento de \u00e1reas degradadas e o cuidado com nascentes de igarap\u00e9s, pr\u00e1ticas comuns no munic\u00edpio.<\/p>\n\n\n\n<p>O encontro contou com a parceria do Centro Alternativo de Cultura (CAC\/Jesu\u00edtas). Para a organiza\u00e7\u00e3o, \u00e9 imposs\u00edvel discutir clima sem considerar o papel da inf\u00e2ncia, especialmente em contextos como o de Ananindeua \u2014 cidade marcada pela aus\u00eancia de pol\u00edticas p\u00fablicas, de espa\u00e7os adequados para brincar e at\u00e9 de servi\u00e7os b\u00e1sicos como \u00e1gua, sa\u00fade e educa\u00e7\u00e3o. A degrada\u00e7\u00e3o do rio 40 Horas, que antes banhava o bairro de muitas crian\u00e7as e hoje se encontra morto, \u00e9 exemplo do impacto direto da falta de cuidado socioambiental na vida da comunidade.<\/p>\n\n\n\n<blockquote class=\"wp-block-quote is-layout-flow wp-block-quote-is-layout-flow\">\n<p>\u201cN\u00e3o h\u00e1 possibilidade de refletir sobre justi\u00e7a clim\u00e1tica sem considerar a presen\u00e7a da inf\u00e2ncia, que est\u00e1 entre os p\u00fablicos mais afetados\u201d, afirmou Juscelio Pantoja, coordenador do CAC.<\/p>\n<\/blockquote>\n\n\n\n<p>Para Joana Menezes, da Mobiliza\u00e7\u00e3o dos Povos pela Terra e pelo Clima, articulada com a REPAM rumo \u00e0 COP30, a atividade refor\u00e7ou o papel formativo e mobilizador junto \u00e0s novas gera\u00e7\u00f5es.<\/p>\n\n\n\n<blockquote class=\"wp-block-quote is-layout-flow wp-block-quote-is-layout-flow\">\n<p>\u201cFalar da COP30 com crian\u00e7as e adolescentes \u00e9 essencial para que compreendam que a crise clim\u00e1tica n\u00e3o \u00e9 um problema distante, mas algo que j\u00e1 afeta suas vidas e territ\u00f3rios. Quando esses jovens participam, refletem e se engajam, criamos bases mais fortes para comunidades que se organizam e buscam solu\u00e7\u00f5es de cuidado com a Amaz\u00f4nia e com o planeta.\u201d<\/p>\n\n\n\n<p><\/p>\n\n\n\n<figure class=\"wp-block-image size-large\"><img fetchpriority=\"high\" decoding=\"async\" width=\"1024\" height=\"768\" src=\"https:\/\/repam.org.br\/cop30\/wp-content\/uploads\/2025\/09\/WhatsApp-Image-2025-09-27-at-15.07.36-1024x768.jpeg\" alt=\"\" class=\"wp-image-17376\" srcset=\"https:\/\/repam.org.br\/cop30\/wp-content\/uploads\/2025\/09\/WhatsApp-Image-2025-09-27-at-15.07.36-1024x768.jpeg 1024w, https:\/\/repam.org.br\/cop30\/wp-content\/uploads\/2025\/09\/WhatsApp-Image-2025-09-27-at-15.07.36-300x225.jpeg 300w, https:\/\/repam.org.br\/cop30\/wp-content\/uploads\/2025\/09\/WhatsApp-Image-2025-09-27-at-15.07.36-768x576.jpeg 768w, https:\/\/repam.org.br\/cop30\/wp-content\/uploads\/2025\/09\/WhatsApp-Image-2025-09-27-at-15.07.36.jpeg 1280w\" sizes=\"(max-width: 1024px) 100vw, 1024px\" \/><\/figure>\n<\/blockquote>\n\n\n\n<p><\/p>\n\n\n\n<p>O encontro encerrou-se com a certeza de que incluir crian\u00e7as e adolescentes no debate clim\u00e1tico n\u00e3o \u00e9 apenas pedag\u00f3gico, mas estrat\u00e9gico para provocar transforma\u00e7\u00f5es sociais mais profundas, capazes de envolver tamb\u00e9m os adultos na constru\u00e7\u00e3o de solu\u00e7\u00f5es para o presente e o futuro da Amaz\u00f4nia<\/p>\n\n\n\n<p><\/p>\n\n\n\n<figure class=\"wp-block-gallery has-nested-images columns-default is-cropped wp-block-gallery-1 is-layout-flex wp-block-gallery-is-layout-flex\">\n<figure class=\"wp-block-image size-large\"><img decoding=\"async\" width=\"1024\" height=\"768\" data-id=\"17371\" src=\"https:\/\/repam.org.br\/cop30\/wp-content\/uploads\/2025\/09\/WhatsApp-Image-2025-09-29-at-17.34.42-1-1024x768.jpeg\" alt=\"\" class=\"wp-image-17371\" srcset=\"https:\/\/repam.org.br\/cop30\/wp-content\/uploads\/2025\/09\/WhatsApp-Image-2025-09-29-at-17.34.42-1-1024x768.jpeg 1024w, https:\/\/repam.org.br\/cop30\/wp-content\/uploads\/2025\/09\/WhatsApp-Image-2025-09-29-at-17.34.42-1-300x225.jpeg 300w, https:\/\/repam.org.br\/cop30\/wp-content\/uploads\/2025\/09\/WhatsApp-Image-2025-09-29-at-17.34.42-1-768x576.jpeg 768w, https:\/\/repam.org.br\/cop30\/wp-content\/uploads\/2025\/09\/WhatsApp-Image-2025-09-29-at-17.34.42-1.jpeg 1280w\" sizes=\"(max-width: 1024px) 100vw, 1024px\" \/><\/figure>\n\n\n\n<figure class=\"wp-block-image size-large\"><img decoding=\"async\" width=\"1024\" height=\"768\" data-id=\"17370\" src=\"https:\/\/repam.org.br\/cop30\/wp-content\/uploads\/2025\/09\/WhatsApp-Image-2025-09-29-at-17.34.42-1024x768.jpeg\" alt=\"\" class=\"wp-image-17370\" srcset=\"https:\/\/repam.org.br\/cop30\/wp-content\/uploads\/2025\/09\/WhatsApp-Image-2025-09-29-at-17.34.42-1024x768.jpeg 1024w, https:\/\/repam.org.br\/cop30\/wp-content\/uploads\/2025\/09\/WhatsApp-Image-2025-09-29-at-17.34.42-300x225.jpeg 300w, https:\/\/repam.org.br\/cop30\/wp-content\/uploads\/2025\/09\/WhatsApp-Image-2025-09-29-at-17.34.42-768x576.jpeg 768w, https:\/\/repam.org.br\/cop30\/wp-content\/uploads\/2025\/09\/WhatsApp-Image-2025-09-29-at-17.34.42-1536x1152.jpeg 1536w, https:\/\/repam.org.br\/cop30\/wp-content\/uploads\/2025\/09\/WhatsApp-Image-2025-09-29-at-17.34.42.jpeg 1600w\" sizes=\"(max-width: 1024px) 100vw, 1024px\" \/><\/figure>\n\n\n\n<figure class=\"wp-block-image size-large\"><img loading=\"lazy\" decoding=\"async\" width=\"1024\" height=\"768\" data-id=\"17374\" src=\"https:\/\/repam.org.br\/cop30\/wp-content\/uploads\/2025\/09\/WhatsApp-Image-2025-09-29-at-17.34.42-3-1024x768.jpeg\" alt=\"\" class=\"wp-image-17374\" srcset=\"https:\/\/repam.org.br\/cop30\/wp-content\/uploads\/2025\/09\/WhatsApp-Image-2025-09-29-at-17.34.42-3-1024x768.jpeg 1024w, https:\/\/repam.org.br\/cop30\/wp-content\/uploads\/2025\/09\/WhatsApp-Image-2025-09-29-at-17.34.42-3-300x225.jpeg 300w, https:\/\/repam.org.br\/cop30\/wp-content\/uploads\/2025\/09\/WhatsApp-Image-2025-09-29-at-17.34.42-3-768x576.jpeg 768w, https:\/\/repam.org.br\/cop30\/wp-content\/uploads\/2025\/09\/WhatsApp-Image-2025-09-29-at-17.34.42-3-1536x1152.jpeg 1536w, https:\/\/repam.org.br\/cop30\/wp-content\/uploads\/2025\/09\/WhatsApp-Image-2025-09-29-at-17.34.42-3.jpeg 1600w\" sizes=\"(max-width: 1024px) 100vw, 1024px\" \/><\/figure>\n<\/figure>\n","protected":false},"excerpt":{"rendered":"<p>No \u00faltimo s\u00e1bado, a Articula\u00e7\u00e3o COP30 promoveu o encontro \u201cEcologia Integral e COP30\u201d, realizado no Sal\u00e3o Paroquial da Igreja Nossa Senhora de Lourdes, em Ananindeua (PA). A atividade reuniu cerca de 80 crian\u00e7as e adolescentes, al\u00e9m de 16 adultos, em um momento de reflex\u00e3o e di\u00e1logo sobre a confer\u00eancia do clima e seus impactos na vida das novas gera\u00e7\u00f5es. A programa\u00e7\u00e3o abordou temas como mudan\u00e7as clim\u00e1ticas, justi\u00e7a socioambiental e a import\u00e2ncia do protagonismo comunit\u00e1rio. As crian\u00e7as compartilharam experi\u00eancias e ouviram relatos sobre a\u00e7\u00f5es j\u00e1 em andamento na regi\u00e3o, como o reflorestamento de \u00e1reas degradadas e o cuidado com nascentes de igarap\u00e9s, pr\u00e1ticas comuns no munic\u00edpio. O encontro contou com a parceria do Centro Alternativo de Cultura (CAC\/Jesu\u00edtas). Para a organiza\u00e7\u00e3o, \u00e9 imposs\u00edvel discutir clima sem considerar o papel da inf\u00e2ncia, especialmente em contextos como o de Ananindeua \u2014 cidade marcada pela aus\u00eancia de pol\u00edticas p\u00fablicas, de espa\u00e7os adequados para brincar e at\u00e9 de servi\u00e7os b\u00e1sicos como \u00e1gua, sa\u00fade e educa\u00e7\u00e3o. A degrada\u00e7\u00e3o do rio 40 Horas, que antes banhava o bairro de muitas crian\u00e7as e hoje se encontra morto, \u00e9 exemplo do impacto direto da falta de cuidado socioambiental na vida da comunidade. \u201cN\u00e3o h\u00e1 possibilidade de refletir sobre justi\u00e7a clim\u00e1tica sem considerar a presen\u00e7a da inf\u00e2ncia, que est\u00e1 entre os p\u00fablicos mais afetados\u201d, afirmou Juscelio Pantoja, coordenador do CAC. Para Joana Menezes, da Mobiliza\u00e7\u00e3o dos Povos pela Terra e pelo Clima, articulada com a REPAM rumo \u00e0 COP30, a atividade refor\u00e7ou o papel formativo e mobilizador junto \u00e0s novas gera\u00e7\u00f5es. O encontro encerrou-se com a certeza de que incluir crian\u00e7as e adolescentes no debate clim\u00e1tico n\u00e3o \u00e9 apenas pedag\u00f3gico, mas estrat\u00e9gico para provocar transforma\u00e7\u00f5es sociais mais profundas, capazes de envolver tamb\u00e9m os adultos na constru\u00e7\u00e3o de solu\u00e7\u00f5es para o presente e o futuro da Amaz\u00f4nia<\/p>\n","protected":false},"author":3,"featured_media":17378,"comment_status":"open","ping_status":"open","sticky":false,"template":"","format":"standard","meta":{"footnotes":""},"categories":[5],"tags":[13,14,15,17,18,7,8],"class_list":["post-17367","post","type-post","status-publish","format-standard","has-post-thumbnail","hentry","category-noticias","tag-amazonia","tag-conferencia-do-clima-da-onu","tag-cop-30","tag-mudanca-climatica","tag-populacoes-tradionais","tag-repam","tag-repam-brasil"],"rttpg_featured_image_url":{"full":["https:\/\/repam.org.br\/cop30\/wp-content\/uploads\/2025\/09\/WhatsApp-Image-2025-09-29-at-17.34.43-1-1.jpeg",1280,960,false],"landscape":["https:\/\/repam.org.br\/cop30\/wp-content\/uploads\/2025\/09\/WhatsApp-Image-2025-09-29-at-17.34.43-1-1.jpeg",1280,960,false],"portraits":["https:\/\/repam.org.br\/cop30\/wp-content\/uploads\/2025\/09\/WhatsApp-Image-2025-09-29-at-17.34.43-1-1.jpeg",1280,960,false],"thumbnail":["https:\/\/repam.org.br\/cop30\/wp-content\/uploads\/2025\/09\/WhatsApp-Image-2025-09-29-at-17.34.43-1-1-150x150.jpeg",150,150,true],"medium":["https:\/\/repam.org.br\/cop30\/wp-content\/uploads\/2025\/09\/WhatsApp-Image-2025-09-29-at-17.34.43-1-1-300x225.jpeg",300,225,true],"large":["https:\/\/repam.org.br\/cop30\/wp-content\/uploads\/2025\/09\/WhatsApp-Image-2025-09-29-at-17.34.43-1-1-1024x768.jpeg",800,600,true],"1536x1536":["https:\/\/repam.org.br\/cop30\/wp-content\/uploads\/2025\/09\/WhatsApp-Image-2025-09-29-at-17.34.43-1-1.jpeg",1280,960,false],"2048x2048":["https:\/\/repam.org.br\/cop30\/wp-content\/uploads\/2025\/09\/WhatsApp-Image-2025-09-29-at-17.34.43-1-1.jpeg",1280,960,false]},"rttpg_author":{"display_name":"Comunica\u00e7\u00e3o Cop30","author_link":"https:\/\/repam.org.br\/cop30\/author\/comunicacaocop30\/"},"rttpg_comment":0,"rttpg_category":"<a href=\"https:\/\/repam.org.br\/cop30\/category\/noticias\/\" rel=\"category tag\">Not\u00edcias<\/a>","rttpg_excerpt":"No \u00faltimo s\u00e1bado, a Articula\u00e7\u00e3o COP30 promoveu o encontro \u201cEcologia Integral e COP30\u201d, realizado no Sal\u00e3o Paroquial da Igreja Nossa Senhora de Lourdes, em Ananindeua (PA). A atividade reuniu cerca de 80 crian\u00e7as e adolescentes, al\u00e9m de 16 adultos, em um momento de reflex\u00e3o e di\u00e1logo sobre a confer\u00eancia do clima e seus impactos na&hellip;","_links":{"self":[{"href":"https:\/\/repam.org.br\/cop30\/wp-json\/wp\/v2\/posts\/17367","targetHints":{"allow":["GET"]}}],"collection":[{"href":"https:\/\/repam.org.br\/cop30\/wp-json\/wp\/v2\/posts"}],"about":[{"href":"https:\/\/repam.org.br\/cop30\/wp-json\/wp\/v2\/types\/post"}],"author":[{"embeddable":true,"href":"https:\/\/repam.org.br\/cop30\/wp-json\/wp\/v2\/users\/3"}],"replies":[{"embeddable":true,"href":"https:\/\/repam.org.br\/cop30\/wp-json\/wp\/v2\/comments?post=17367"}],"version-history":[{"count":4,"href":"https:\/\/repam.org.br\/cop30\/wp-json\/wp\/v2\/posts\/17367\/revisions"}],"predecessor-version":[{"id":17381,"href":"https:\/\/repam.org.br\/cop30\/wp-json\/wp\/v2\/posts\/17367\/revisions\/17381"}],"wp:featuredmedia":[{"embeddable":true,"href":"https:\/\/repam.org.br\/cop30\/wp-json\/wp\/v2\/media\/17378"}],"wp:attachment":[{"href":"https:\/\/repam.org.br\/cop30\/wp-json\/wp\/v2\/media?parent=17367"}],"wp:term":[{"taxonomy":"category","embeddable":true,"href":"https:\/\/repam.org.br\/cop30\/wp-json\/wp\/v2\/categories?post=17367"},{"taxonomy":"post_tag","embeddable":true,"href":"https:\/\/repam.org.br\/cop30\/wp-json\/wp\/v2\/tags?post=17367"}],"curies":[{"name":"wp","href":"https:\/\/api.w.org\/{rel}","templated":true}]}}