{"id":17390,"date":"2025-10-13T16:32:34","date_gmt":"2025-10-13T19:32:34","guid":{"rendered":"https:\/\/repam.org.br\/cop30\/?p=17390"},"modified":"2025-10-13T18:00:06","modified_gmt":"2025-10-13T21:00:06","slug":"boletim-julho-a-setembro-mobilizacao-intensifica-acoes-na-reta-final-rumo-a-cop30","status":"publish","type":"post","link":"https:\/\/repam.org.br\/cop30\/boletim-julho-a-setembro-mobilizacao-intensifica-acoes-na-reta-final-rumo-a-cop30\/","title":{"rendered":"Boletim julho a setembro: mobiliza\u00e7\u00e3o intensifica a\u00e7\u00f5es na reta final rumo \u00e0 COP30"},"content":{"rendered":"\n<p><strong>De julho a outubro de 2025, a Mobiliza\u00e7\u00e3o dos Povos pela Terra e pelo Clima manteve o ritmo intenso de escuta, di\u00e1logo e incid\u00eancia, ampliando o protagonismo popular na constru\u00e7\u00e3o do caminho at\u00e9 a COP30, em Bel\u00e9m.<\/strong><\/p>\n\n\n\n<p>\u00c0 medida que a Confer\u00eancia do Clima se aproxima, os encontros, forma\u00e7\u00f5es e a\u00e7\u00f5es se multiplicam em diferentes estados da Amaz\u00f4nia. Comunidades tradicionais, juventudes, organiza\u00e7\u00f5es sociais e movimentos populares se unem em um grande esfor\u00e7o coletivo para levar as vozes dos territ\u00f3rios ao centro do debate clim\u00e1tico global.<\/p>\n\n\n\n<p>Nesta edi\u00e7\u00e3o do boletim, destacam-se marcos importantes desse percurso: a consolida\u00e7\u00e3o da Carta de Demandas dos Povos da Amaz\u00f4nia, novos espa\u00e7os de forma\u00e7\u00e3o e mobiliza\u00e7\u00e3o em estados como Par\u00e1, Maranh\u00e3o, Amazonas e Roraima, al\u00e9m da presen\u00e7a ativa da mobiliza\u00e7\u00e3o em eventos e f\u00f3runs internacionais.<\/p>\n\n\n\n<p>A Mobiliza\u00e7\u00e3o dos Povos reafirma, assim, seu compromisso com uma escuta ativa e um di\u00e1logo enraizado nos territ\u00f3rios, garantindo que as hist\u00f3rias, lutas e saberes da Amaz\u00f4nia estejam no centro das decis\u00f5es que moldar\u00e3o o futuro do planeta.<\/p>\n\n\n\n<p><strong><a href=\"https:\/\/repam.org.br\/cop30\/wp-content\/uploads\/2025\/10\/News_edicao3.pdf\">Acesse o boletim completo<\/a><\/strong> e acompanhe como essa mobiliza\u00e7\u00e3o, que nasce das florestas, das \u00e1guas e das periferias, segue crescendo e inspirando caminhos de justi\u00e7a, mem\u00f3ria e cuidado rumo \u00e0 COP30.<\/p>\n\n\n\n<p><\/p>\n","protected":false},"excerpt":{"rendered":"<p>De julho a outubro de 2025, a Mobiliza\u00e7\u00e3o dos Povos pela Terra e pelo Clima manteve o ritmo intenso de escuta, di\u00e1logo e incid\u00eancia, ampliando o protagonismo popular na constru\u00e7\u00e3o do caminho at\u00e9 a COP30, em Bel\u00e9m. \u00c0 medida que a Confer\u00eancia do Clima se aproxima, os encontros, forma\u00e7\u00f5es e a\u00e7\u00f5es se multiplicam em diferentes estados da Amaz\u00f4nia. Comunidades tradicionais, juventudes, organiza\u00e7\u00f5es sociais e movimentos populares se unem em um grande esfor\u00e7o coletivo para levar as vozes dos territ\u00f3rios ao centro do debate clim\u00e1tico global. Nesta edi\u00e7\u00e3o do boletim, destacam-se marcos importantes desse percurso: a consolida\u00e7\u00e3o da Carta de Demandas dos Povos da Amaz\u00f4nia, novos espa\u00e7os de forma\u00e7\u00e3o e mobiliza\u00e7\u00e3o em estados como Par\u00e1, Maranh\u00e3o, Amazonas e Roraima, al\u00e9m da presen\u00e7a ativa da mobiliza\u00e7\u00e3o em eventos e f\u00f3runs internacionais. A Mobiliza\u00e7\u00e3o dos Povos reafirma, assim, seu compromisso com uma escuta ativa e um di\u00e1logo enraizado nos territ\u00f3rios, garantindo que as hist\u00f3rias, lutas e saberes da Amaz\u00f4nia estejam no centro das decis\u00f5es que moldar\u00e3o o futuro do planeta. Acesse o boletim completo e acompanhe como essa mobiliza\u00e7\u00e3o, que nasce das florestas, das \u00e1guas e das periferias, segue crescendo e inspirando caminhos de justi\u00e7a, mem\u00f3ria e cuidado rumo \u00e0 COP30.<\/p>\n","protected":false},"author":3,"featured_media":17391,"comment_status":"open","ping_status":"open","sticky":false,"template":"","format":"standard","meta":{"footnotes":""},"categories":[5],"tags":[13,14,15,16,36,17,18,19,7,8],"class_list":["post-17390","post","type-post","status-publish","format-standard","has-post-thumbnail","hentry","category-noticias","tag-amazonia","tag-conferencia-do-clima-da-onu","tag-cop-30","tag-cupula-dos-povos","tag-mab","tag-mudanca-climatica","tag-populacoes-tradionais","tag-povos-indigenas","tag-repam","tag-repam-brasil"],"rttpg_featured_image_url":{"full":["https:\/\/repam.org.br\/cop30\/wp-content\/uploads\/2025\/10\/WhatsApp-Image-2025-10-10-at-18.06.44.jpeg",954,477,false],"landscape":["https:\/\/repam.org.br\/cop30\/wp-content\/uploads\/2025\/10\/WhatsApp-Image-2025-10-10-at-18.06.44.jpeg",954,477,false],"portraits":["https:\/\/repam.org.br\/cop30\/wp-content\/uploads\/2025\/10\/WhatsApp-Image-2025-10-10-at-18.06.44.jpeg",954,477,false],"thumbnail":["https:\/\/repam.org.br\/cop30\/wp-content\/uploads\/2025\/10\/WhatsApp-Image-2025-10-10-at-18.06.44-150x150.jpeg",150,150,true],"medium":["https:\/\/repam.org.br\/cop30\/wp-content\/uploads\/2025\/10\/WhatsApp-Image-2025-10-10-at-18.06.44-300x150.jpeg",300,150,true],"large":["https:\/\/repam.org.br\/cop30\/wp-content\/uploads\/2025\/10\/WhatsApp-Image-2025-10-10-at-18.06.44.jpeg",800,400,false],"1536x1536":["https:\/\/repam.org.br\/cop30\/wp-content\/uploads\/2025\/10\/WhatsApp-Image-2025-10-10-at-18.06.44.jpeg",954,477,false],"2048x2048":["https:\/\/repam.org.br\/cop30\/wp-content\/uploads\/2025\/10\/WhatsApp-Image-2025-10-10-at-18.06.44.jpeg",954,477,false]},"rttpg_author":{"display_name":"Comunica\u00e7\u00e3o Cop30","author_link":"https:\/\/repam.org.br\/cop30\/author\/comunicacaocop30\/"},"rttpg_comment":0,"rttpg_category":"<a href=\"https:\/\/repam.org.br\/cop30\/category\/noticias\/\" rel=\"category tag\">Not\u00edcias<\/a>","rttpg_excerpt":"De julho a outubro de 2025, a Mobiliza\u00e7\u00e3o dos Povos pela Terra e pelo Clima manteve o ritmo intenso de escuta, di\u00e1logo e incid\u00eancia, ampliando o protagonismo popular na constru\u00e7\u00e3o do caminho at\u00e9 a COP30, em Bel\u00e9m. \u00c0 medida que a Confer\u00eancia do Clima se aproxima, os encontros, forma\u00e7\u00f5es e a\u00e7\u00f5es se multiplicam em diferentes&hellip;","_links":{"self":[{"href":"https:\/\/repam.org.br\/cop30\/wp-json\/wp\/v2\/posts\/17390","targetHints":{"allow":["GET"]}}],"collection":[{"href":"https:\/\/repam.org.br\/cop30\/wp-json\/wp\/v2\/posts"}],"about":[{"href":"https:\/\/repam.org.br\/cop30\/wp-json\/wp\/v2\/types\/post"}],"author":[{"embeddable":true,"href":"https:\/\/repam.org.br\/cop30\/wp-json\/wp\/v2\/users\/3"}],"replies":[{"embeddable":true,"href":"https:\/\/repam.org.br\/cop30\/wp-json\/wp\/v2\/comments?post=17390"}],"version-history":[{"count":2,"href":"https:\/\/repam.org.br\/cop30\/wp-json\/wp\/v2\/posts\/17390\/revisions"}],"predecessor-version":[{"id":17394,"href":"https:\/\/repam.org.br\/cop30\/wp-json\/wp\/v2\/posts\/17390\/revisions\/17394"}],"wp:featuredmedia":[{"embeddable":true,"href":"https:\/\/repam.org.br\/cop30\/wp-json\/wp\/v2\/media\/17391"}],"wp:attachment":[{"href":"https:\/\/repam.org.br\/cop30\/wp-json\/wp\/v2\/media?parent=17390"}],"wp:term":[{"taxonomy":"category","embeddable":true,"href":"https:\/\/repam.org.br\/cop30\/wp-json\/wp\/v2\/categories?post=17390"},{"taxonomy":"post_tag","embeddable":true,"href":"https:\/\/repam.org.br\/cop30\/wp-json\/wp\/v2\/tags?post=17390"}],"curies":[{"name":"wp","href":"https:\/\/api.w.org\/{rel}","templated":true}]}}