{"id":17526,"date":"2025-11-10T12:07:04","date_gmt":"2025-11-10T15:07:04","guid":{"rendered":"https:\/\/repam.org.br\/cop30\/?p=17526"},"modified":"2025-11-10T12:08:24","modified_gmt":"2025-11-10T15:08:24","slug":"repam-divulga-programacao-oficial-na-cop30-2","status":"publish","type":"post","link":"https:\/\/repam.org.br\/cop30\/repam-divulga-programacao-oficial-na-cop30-2\/","title":{"rendered":"REPAM divulga programa\u00e7\u00e3o oficial na COP30"},"content":{"rendered":"\n<figure class=\"wp-block-image size-full\"><img fetchpriority=\"high\" decoding=\"async\" width=\"961\" height=\"480\" src=\"https:\/\/repam.org.br\/cop30\/wp-content\/uploads\/2025\/11\/image.png\" alt=\"\" class=\"wp-image-17527\" srcset=\"https:\/\/repam.org.br\/cop30\/wp-content\/uploads\/2025\/11\/image.png 961w, https:\/\/repam.org.br\/cop30\/wp-content\/uploads\/2025\/11\/image-300x150.png 300w, https:\/\/repam.org.br\/cop30\/wp-content\/uploads\/2025\/11\/image-768x384.png 768w\" sizes=\"(max-width: 961px) 100vw, 961px\" \/><\/figure>\n\n\n\n<p><\/p>\n\n\n\n<p>A REPAM-Brasil compartilha com alegria a sua programa\u00e7\u00e3o oficial na COP30, que acontecer\u00e1 em Bel\u00e9m (PA), entre os dias 7 e 20 de novembro.<\/p>\n\n\n\n<p>As atividades da REPAM integram a C\u00fapula dos Povos e o Tapiri Ecum\u00eanico e Inter-religioso, com o prop\u00f3sito de dar visibilidade \u00e0s vozes dos povos amaz\u00f4nicos e fortalecer o compromisso com a ecologia integral, justi\u00e7a clim\u00e1tica e defesa da vida.<\/p>\n\n\n\n<p>A programa\u00e7\u00e3o re\u00fane rodas de di\u00e1logo, semin\u00e1rios, oficinas, feiras, celebra\u00e7\u00f5es e interven\u00e7\u00f5es culturais, que refletem a diversidade e a espiritualidade dos povos da floresta, das \u00e1guas e das cidades amaz\u00f4nicas.<\/p>\n\n\n\n<p><strong>Destaques<\/strong><\/p>\n\n\n\n<ul class=\"wp-block-list\">\n<li><strong>07 a 09\/11:<\/strong>&nbsp;Feira do Bem-Viver e lan\u00e7amento do livro&nbsp;<em>A Igreja Prof\u00e9tica e a Amaz\u00f4nia<\/em>, de Dom Erwin Kr\u00e4utler.<\/li>\n\n\n\n<li><strong>10 a 13\/11:<\/strong>&nbsp;Di\u00e1logos sobre justi\u00e7a clim\u00e1tica, coopera\u00e7\u00e3o internacional e direitos dos povos, Lan\u00e7amento da Campanha Amazoniza-te.<\/li>\n\n\n\n<li><strong>14 a 16\/11:<\/strong>&nbsp;Sess\u00f5es plen\u00e1rias, barqueatas, marchas e o encerramento da C\u00fapula dos Povos.<\/li>\n\n\n\n<li><strong>18 a 20\/11:<\/strong>&nbsp;Atividades nas Zonas Verde e Azul e encontros p\u00f3s-COP.<\/li>\n<\/ul>\n\n\n\n<p><strong>Confira a programa\u00e7\u00e3o completa [<a href=\"http:\/\/repam.org.br\/wp-content\/uploads\/2025\/11\/Calendario-Cop-30-REPAM-FINAL-1.pdf\">aqui<\/a>]<\/strong><\/p>\n\n\n\n<p>Acompanhe as atualiza\u00e7\u00f5es pelas redes da REPAM e participe conosco deste caminho de f\u00e9, esperan\u00e7a e compromisso pela Casa Comum.<\/p>\n","protected":false},"excerpt":{"rendered":"<p>A REPAM-Brasil compartilha com alegria a sua programa\u00e7\u00e3o oficial na COP30, que acontecer\u00e1 em Bel\u00e9m (PA), entre os dias 7 e 20 de novembro. As atividades da REPAM integram a C\u00fapula dos Povos e o Tapiri Ecum\u00eanico e Inter-religioso, com o prop\u00f3sito de dar visibilidade \u00e0s vozes dos povos amaz\u00f4nicos e fortalecer o compromisso com a ecologia integral, justi\u00e7a clim\u00e1tica e defesa da vida. A programa\u00e7\u00e3o re\u00fane rodas de di\u00e1logo, semin\u00e1rios, oficinas, feiras, celebra\u00e7\u00f5es e interven\u00e7\u00f5es culturais, que refletem a diversidade e a espiritualidade dos povos da floresta, das \u00e1guas e das cidades amaz\u00f4nicas. Destaques Confira a programa\u00e7\u00e3o completa [aqui] Acompanhe as atualiza\u00e7\u00f5es pelas redes da REPAM e participe conosco deste caminho de f\u00e9, esperan\u00e7a e compromisso pela Casa Comum.<\/p>\n","protected":false},"author":3,"featured_media":17527,"comment_status":"open","ping_status":"open","sticky":false,"template":"","format":"standard","meta":{"footnotes":""},"categories":[1],"tags":[],"class_list":["post-17526","post","type-post","status-publish","format-standard","has-post-thumbnail","hentry","category-sem-categoria"],"rttpg_featured_image_url":{"full":["https:\/\/repam.org.br\/cop30\/wp-content\/uploads\/2025\/11\/image.png",961,480,false],"landscape":["https:\/\/repam.org.br\/cop30\/wp-content\/uploads\/2025\/11\/image.png",961,480,false],"portraits":["https:\/\/repam.org.br\/cop30\/wp-content\/uploads\/2025\/11\/image.png",961,480,false],"thumbnail":["https:\/\/repam.org.br\/cop30\/wp-content\/uploads\/2025\/11\/image-150x150.png",150,150,true],"medium":["https:\/\/repam.org.br\/cop30\/wp-content\/uploads\/2025\/11\/image-300x150.png",300,150,true],"large":["https:\/\/repam.org.br\/cop30\/wp-content\/uploads\/2025\/11\/image.png",800,400,false],"1536x1536":["https:\/\/repam.org.br\/cop30\/wp-content\/uploads\/2025\/11\/image.png",961,480,false],"2048x2048":["https:\/\/repam.org.br\/cop30\/wp-content\/uploads\/2025\/11\/image.png",961,480,false]},"rttpg_author":{"display_name":"Comunica\u00e7\u00e3o Cop30","author_link":"https:\/\/repam.org.br\/cop30\/author\/comunicacaocop30\/"},"rttpg_comment":0,"rttpg_category":"<a href=\"https:\/\/repam.org.br\/cop30\/category\/sem-categoria\/\" rel=\"category tag\">Sem categoria<\/a>","rttpg_excerpt":"A REPAM-Brasil compartilha com alegria a sua programa\u00e7\u00e3o oficial na COP30, que acontecer\u00e1 em Bel\u00e9m (PA), entre os dias 7 e 20 de novembro. As atividades da REPAM integram a C\u00fapula dos Povos e o Tapiri Ecum\u00eanico e Inter-religioso, com o prop\u00f3sito de dar visibilidade \u00e0s vozes dos povos amaz\u00f4nicos e fortalecer o compromisso com&hellip;","_links":{"self":[{"href":"https:\/\/repam.org.br\/cop30\/wp-json\/wp\/v2\/posts\/17526","targetHints":{"allow":["GET"]}}],"collection":[{"href":"https:\/\/repam.org.br\/cop30\/wp-json\/wp\/v2\/posts"}],"about":[{"href":"https:\/\/repam.org.br\/cop30\/wp-json\/wp\/v2\/types\/post"}],"author":[{"embeddable":true,"href":"https:\/\/repam.org.br\/cop30\/wp-json\/wp\/v2\/users\/3"}],"replies":[{"embeddable":true,"href":"https:\/\/repam.org.br\/cop30\/wp-json\/wp\/v2\/comments?post=17526"}],"version-history":[{"count":2,"href":"https:\/\/repam.org.br\/cop30\/wp-json\/wp\/v2\/posts\/17526\/revisions"}],"predecessor-version":[{"id":17529,"href":"https:\/\/repam.org.br\/cop30\/wp-json\/wp\/v2\/posts\/17526\/revisions\/17529"}],"wp:featuredmedia":[{"embeddable":true,"href":"https:\/\/repam.org.br\/cop30\/wp-json\/wp\/v2\/media\/17527"}],"wp:attachment":[{"href":"https:\/\/repam.org.br\/cop30\/wp-json\/wp\/v2\/media?parent=17526"}],"wp:term":[{"taxonomy":"category","embeddable":true,"href":"https:\/\/repam.org.br\/cop30\/wp-json\/wp\/v2\/categories?post=17526"},{"taxonomy":"post_tag","embeddable":true,"href":"https:\/\/repam.org.br\/cop30\/wp-json\/wp\/v2\/tags?post=17526"}],"curies":[{"name":"wp","href":"https:\/\/api.w.org\/{rel}","templated":true}]}}