{"id":17530,"date":"2025-11-10T12:10:26","date_gmt":"2025-11-10T15:10:26","guid":{"rendered":"https:\/\/repam.org.br\/cop30\/?p=17530"},"modified":"2025-11-10T12:10:27","modified_gmt":"2025-11-10T15:10:27","slug":"onu-destaca-papel-da-cooperacao-global-em-discurso-na-cupula-de-lideres-em-belem","status":"publish","type":"post","link":"https:\/\/repam.org.br\/cop30\/onu-destaca-papel-da-cooperacao-global-em-discurso-na-cupula-de-lideres-em-belem\/","title":{"rendered":"ONU destaca papel da coopera\u00e7\u00e3o global em discurso na C\u00fapula de L\u00edderes em Bel\u00e9m"},"content":{"rendered":"\n<figure class=\"wp-block-image size-full\"><img fetchpriority=\"high\" decoding=\"async\" width=\"799\" height=\"399\" src=\"https:\/\/repam.org.br\/cop30\/wp-content\/uploads\/2025\/11\/image-1.png\" alt=\"\" class=\"wp-image-17531\" srcset=\"https:\/\/repam.org.br\/cop30\/wp-content\/uploads\/2025\/11\/image-1.png 799w, https:\/\/repam.org.br\/cop30\/wp-content\/uploads\/2025\/11\/image-1-300x150.png 300w, https:\/\/repam.org.br\/cop30\/wp-content\/uploads\/2025\/11\/image-1-768x384.png 768w\" sizes=\"(max-width: 799px) 100vw, 799px\" \/><\/figure>\n\n\n\n<h3 class=\"wp-block-heading\"><\/h3>\n\n\n\n<p>Nesta sexta-feira (7), durante a C\u00fapula de L\u00edderes em Bel\u00e9m, o Secret\u00e1rio Executivo de Mudan\u00e7as Clim\u00e1ticas da ONU, Simon Stiell, refor\u00e7ou a import\u00e2ncia da coopera\u00e7\u00e3o internacional e do financiamento clim\u00e1tico para acelerar a transi\u00e7\u00e3o energ\u00e9tica e garantir justi\u00e7a clim\u00e1tica.<\/p>\n\n\n\n<p>O evento, intitulado&nbsp;<em>\u201c10 anos do Acordo de Paris: Contribui\u00e7\u00f5es e Financiamento Nacionalmente Determinados\u201d<\/em>, celebrou uma d\u00e9cada de avan\u00e7os desde o marco hist\u00f3rico que mudou a trajet\u00f3ria da crise clim\u00e1tica global. Em sua fala, Stiell destacou que, gra\u00e7as \u00e0 coragem coletiva iniciada em 2015, o planeta evitou um cen\u00e1rio catastr\u00f3fico de aquecimento de at\u00e9 5\u00b0C.<\/p>\n\n\n\n<blockquote class=\"wp-block-quote is-layout-flow wp-block-quote-is-layout-flow\">\n<p>\u201cA curva se curvou abaixo de 3\u00b0C \u2014 ainda perigoso, mas prova de que a coopera\u00e7\u00e3o clim\u00e1tica funciona\u201d, afirmou o secret\u00e1rio.<\/p>\n<\/blockquote>\n\n\n\n<p>Ele tamb\u00e9m ressaltou o avan\u00e7o da revolu\u00e7\u00e3o da energia limpa, com mais de US$ 2 trilh\u00f5es investidos em 2024, o dobro do destinado aos combust\u00edveis f\u00f3sseis, e 90% da nova capacidade energ\u00e9tica mundial sendo de fontes renov\u00e1veis.<\/p>\n\n\n\n<p>Para o dirigente, planos clim\u00e1ticos s\u00f3lidos e financiamento adequado s\u00e3o as chaves para impulsionar o crescimento verde e a resili\u00eancia das na\u00e7\u00f5es, especialmente as mais vulner\u00e1veis.<\/p>\n\n\n\n<blockquote class=\"wp-block-quote is-layout-flow wp-block-quote-is-layout-flow\">\n<p>\u201cAs finan\u00e7as s\u00e3o o grande acelerador. Cada d\u00f3lar investido em solu\u00e7\u00f5es clim\u00e1ticas traz m\u00faltiplos dividendos: empregos, ar limpo, sa\u00fade, seguran\u00e7a alimentar e energ\u00e9tica.\u201d<\/p>\n<\/blockquote>\n\n\n\n<p>A realiza\u00e7\u00e3o do evento em Bel\u00e9m refor\u00e7a o papel simb\u00f3lico e estrat\u00e9gico da Amaz\u00f4nia no centro das discuss\u00f5es clim\u00e1ticas globais, a poucos dias da COP30, que acontecer\u00e1 na mesma cidade.<\/p>\n","protected":false},"excerpt":{"rendered":"<p>Nesta sexta-feira (7), durante a C\u00fapula de L\u00edderes em Bel\u00e9m, o Secret\u00e1rio Executivo de Mudan\u00e7as Clim\u00e1ticas da ONU, Simon Stiell, refor\u00e7ou a import\u00e2ncia da coopera\u00e7\u00e3o internacional e do financiamento clim\u00e1tico para acelerar a transi\u00e7\u00e3o energ\u00e9tica e garantir justi\u00e7a clim\u00e1tica. O evento, intitulado&nbsp;\u201c10 anos do Acordo de Paris: Contribui\u00e7\u00f5es e Financiamento Nacionalmente Determinados\u201d, celebrou uma d\u00e9cada de avan\u00e7os desde o marco hist\u00f3rico que mudou a trajet\u00f3ria da crise clim\u00e1tica global. Em sua fala, Stiell destacou que, gra\u00e7as \u00e0 coragem coletiva iniciada em 2015, o planeta evitou um cen\u00e1rio catastr\u00f3fico de aquecimento de at\u00e9 5\u00b0C. \u201cA curva se curvou abaixo de 3\u00b0C \u2014 ainda perigoso, mas prova de que a coopera\u00e7\u00e3o clim\u00e1tica funciona\u201d, afirmou o secret\u00e1rio. Ele tamb\u00e9m ressaltou o avan\u00e7o da revolu\u00e7\u00e3o da energia limpa, com mais de US$ 2 trilh\u00f5es investidos em 2024, o dobro do destinado aos combust\u00edveis f\u00f3sseis, e 90% da nova capacidade energ\u00e9tica mundial sendo de fontes renov\u00e1veis. Para o dirigente, planos clim\u00e1ticos s\u00f3lidos e financiamento adequado s\u00e3o as chaves para impulsionar o crescimento verde e a resili\u00eancia das na\u00e7\u00f5es, especialmente as mais vulner\u00e1veis. \u201cAs finan\u00e7as s\u00e3o o grande acelerador. Cada d\u00f3lar investido em solu\u00e7\u00f5es clim\u00e1ticas traz m\u00faltiplos dividendos: empregos, ar limpo, sa\u00fade, seguran\u00e7a alimentar e energ\u00e9tica.\u201d A realiza\u00e7\u00e3o do evento em Bel\u00e9m refor\u00e7a o papel simb\u00f3lico e estrat\u00e9gico da Amaz\u00f4nia no centro das discuss\u00f5es clim\u00e1ticas globais, a poucos dias da COP30, que acontecer\u00e1 na mesma cidade.<\/p>\n","protected":false},"author":3,"featured_media":17531,"comment_status":"open","ping_status":"open","sticky":false,"template":"","format":"standard","meta":{"footnotes":""},"categories":[1],"tags":[],"class_list":["post-17530","post","type-post","status-publish","format-standard","has-post-thumbnail","hentry","category-sem-categoria"],"rttpg_featured_image_url":{"full":["https:\/\/repam.org.br\/cop30\/wp-content\/uploads\/2025\/11\/image-1.png",799,399,false],"landscape":["https:\/\/repam.org.br\/cop30\/wp-content\/uploads\/2025\/11\/image-1.png",799,399,false],"portraits":["https:\/\/repam.org.br\/cop30\/wp-content\/uploads\/2025\/11\/image-1.png",799,399,false],"thumbnail":["https:\/\/repam.org.br\/cop30\/wp-content\/uploads\/2025\/11\/image-1-150x150.png",150,150,true],"medium":["https:\/\/repam.org.br\/cop30\/wp-content\/uploads\/2025\/11\/image-1-300x150.png",300,150,true],"large":["https:\/\/repam.org.br\/cop30\/wp-content\/uploads\/2025\/11\/image-1.png",799,399,false],"1536x1536":["https:\/\/repam.org.br\/cop30\/wp-content\/uploads\/2025\/11\/image-1.png",799,399,false],"2048x2048":["https:\/\/repam.org.br\/cop30\/wp-content\/uploads\/2025\/11\/image-1.png",799,399,false]},"rttpg_author":{"display_name":"Comunica\u00e7\u00e3o Cop30","author_link":"https:\/\/repam.org.br\/cop30\/author\/comunicacaocop30\/"},"rttpg_comment":0,"rttpg_category":"<a href=\"https:\/\/repam.org.br\/cop30\/category\/sem-categoria\/\" rel=\"category tag\">Sem categoria<\/a>","rttpg_excerpt":"Nesta sexta-feira (7), durante a C\u00fapula de L\u00edderes em Bel\u00e9m, o Secret\u00e1rio Executivo de Mudan\u00e7as Clim\u00e1ticas da ONU, Simon Stiell, refor\u00e7ou a import\u00e2ncia da coopera\u00e7\u00e3o internacional e do financiamento clim\u00e1tico para acelerar a transi\u00e7\u00e3o energ\u00e9tica e garantir justi\u00e7a clim\u00e1tica. O evento, intitulado&nbsp;\u201c10 anos do Acordo de Paris: Contribui\u00e7\u00f5es e Financiamento Nacionalmente Determinados\u201d, celebrou uma d\u00e9cada&hellip;","_links":{"self":[{"href":"https:\/\/repam.org.br\/cop30\/wp-json\/wp\/v2\/posts\/17530","targetHints":{"allow":["GET"]}}],"collection":[{"href":"https:\/\/repam.org.br\/cop30\/wp-json\/wp\/v2\/posts"}],"about":[{"href":"https:\/\/repam.org.br\/cop30\/wp-json\/wp\/v2\/types\/post"}],"author":[{"embeddable":true,"href":"https:\/\/repam.org.br\/cop30\/wp-json\/wp\/v2\/users\/3"}],"replies":[{"embeddable":true,"href":"https:\/\/repam.org.br\/cop30\/wp-json\/wp\/v2\/comments?post=17530"}],"version-history":[{"count":1,"href":"https:\/\/repam.org.br\/cop30\/wp-json\/wp\/v2\/posts\/17530\/revisions"}],"predecessor-version":[{"id":17532,"href":"https:\/\/repam.org.br\/cop30\/wp-json\/wp\/v2\/posts\/17530\/revisions\/17532"}],"wp:featuredmedia":[{"embeddable":true,"href":"https:\/\/repam.org.br\/cop30\/wp-json\/wp\/v2\/media\/17531"}],"wp:attachment":[{"href":"https:\/\/repam.org.br\/cop30\/wp-json\/wp\/v2\/media?parent=17530"}],"wp:term":[{"taxonomy":"category","embeddable":true,"href":"https:\/\/repam.org.br\/cop30\/wp-json\/wp\/v2\/categories?post=17530"},{"taxonomy":"post_tag","embeddable":true,"href":"https:\/\/repam.org.br\/cop30\/wp-json\/wp\/v2\/tags?post=17530"}],"curies":[{"name":"wp","href":"https:\/\/api.w.org\/{rel}","templated":true}]}}