{"id":17533,"date":"2025-11-10T12:32:02","date_gmt":"2025-11-10T15:32:02","guid":{"rendered":"https:\/\/repam.org.br\/cop30\/?p=17533"},"modified":"2025-11-10T12:32:02","modified_gmt":"2025-11-10T15:32:02","slug":"repam-brasil-e-liderancas-amazonicas-visitam-barcos-hospitais-na-acolhida-da-cop30","status":"publish","type":"post","link":"https:\/\/repam.org.br\/cop30\/repam-brasil-e-liderancas-amazonicas-visitam-barcos-hospitais-na-acolhida-da-cop30\/","title":{"rendered":"REPAM-Brasil e lideran\u00e7as amaz\u00f4nicas visitam barcos-hospitais na acolhida da COP30\u00a0"},"content":{"rendered":"\n<figure class=\"wp-block-image size-large\"><img fetchpriority=\"high\" decoding=\"async\" width=\"1024\" height=\"512\" src=\"https:\/\/repam.org.br\/cop30\/wp-content\/uploads\/2025\/11\/image-2-1024x512.png\" alt=\"\" class=\"wp-image-17534\" srcset=\"https:\/\/repam.org.br\/cop30\/wp-content\/uploads\/2025\/11\/image-2-1024x512.png 1024w, https:\/\/repam.org.br\/cop30\/wp-content\/uploads\/2025\/11\/image-2-300x150.png 300w, https:\/\/repam.org.br\/cop30\/wp-content\/uploads\/2025\/11\/image-2-768x384.png 768w, https:\/\/repam.org.br\/cop30\/wp-content\/uploads\/2025\/11\/image-2-1536x768.png 1536w, https:\/\/repam.org.br\/cop30\/wp-content\/uploads\/2025\/11\/image-2.png 1600w\" sizes=\"(max-width: 1024px) 100vw, 1024px\" \/><\/figure>\n\n\n\n<p><strong><em>Em Bel\u00e9m, a visita aos barcos Papa Francisco e S\u00e3o Jo\u00e3o XXIII evidenciou o compromisso da Igreja com o cuidado integral e a presen\u00e7a junto aos povos da Amaz\u00f4nia<\/em>\u00a0<\/strong><\/p>\n\n\n\n<p>Na tarde deste s\u00e1bado (9), a REPAM-Brasil e lideran\u00e7as de comunidades amaz\u00f4nicas visitaram os barcos-hospitais Papa Francisco e S\u00e3o Jo\u00e3o XXIII, ancorados em Bel\u00e9m (PA). A atividade fez parte da acolhida das delega\u00e7\u00f5es que participam das mobiliza\u00e7\u00f5es populares e eclesiais que antecedem a 30\u00aa Confer\u00eancia das Partes da Conven\u00e7\u00e3o da ONU sobre Mudan\u00e7as Clim\u00e1ticas (COP30).&nbsp;<\/p>\n\n\n\n<figure class=\"wp-block-image\"><img decoding=\"async\" src=\"http:\/\/repam.org.br\/wp-content\/uploads\/2025\/11\/WhatsApp-Image-2025-11-08-at-15.54.15-576x1024.jpeg\" alt=\"\" class=\"wp-image-18868\"\/><\/figure>\n\n\n\n<p>Durante a visita, o frei Ezequiel Salv\u00e1tico, da Fraternidade S\u00e3o Francisco na Provid\u00eancia de Deus, destacou o significado dos barcos como express\u00e3o concreta da presen\u00e7a da Igreja nas margens e do cuidado com a vida. \u201cEsses barcos s\u00e3o um sinal de esperan\u00e7a. Representam a alegria, a sa\u00fade e, acima de tudo, o amor de Deus que chega at\u00e9 cada pessoa ribeirinha, quilombola e ind\u00edgena\u201d, afirmou o religioso. \u201cO nosso carisma \u00e9 servir com empatia, levando o Evangelho atrav\u00e9s do cuidado, com consci\u00eancia e qualidade, um apelo a sermos uma Igreja em sa\u00edda, sinal de f\u00e9 e gratid\u00e3o\u201d, completou o Frei, destacando a miss\u00e3o do instituto religioso.&nbsp;<\/p>\n\n\n\n<p>Os barcos-hospitais realizam atendimentos m\u00e9dicos e cir\u00fargicos gratuitos, alcan\u00e7ando comunidades que vivem em \u00e1reas isoladas da Amaz\u00f4nia. Segundo Frei Ezequiel, a atual expedi\u00e7\u00e3o tem atendido uma m\u00e9dia de 300 a 400 pessoas por dia, com especial destaque para as \u00e1reas de oftalmologia, odontologia e cl\u00ednica m\u00e9dica. \u201cEntre pequenas e grandes cirurgias, conseguimos operar cerca de 35 a 40 pessoas por dia. Cada gesto de cuidado \u00e9 tamb\u00e9m um gesto de evangeliza\u00e7\u00e3o\u201d, completou.&nbsp;<\/p>\n\n\n\n<figure class=\"wp-block-image\"><img decoding=\"async\" src=\"http:\/\/repam.org.br\/wp-content\/uploads\/2025\/11\/WhatsApp-Image-2025-11-08-at-15.46.55-1024x576.jpeg\" alt=\"\" class=\"wp-image-18870\"\/><\/figure>\n\n\n\n<p>A estrutura das embarca\u00e7\u00f5es \u00e9 mantida por meio de parcerias com o Sistema \u00danico de Sa\u00fade (SUS), congrega\u00e7\u00f5es religiosas e uma ampla rede de volunt\u00e1rios e volunt\u00e1rias. Atualmente, mais de 8 mil profissionais da sa\u00fade est\u00e3o cadastrados para atuar nas miss\u00f5es, muitos deles oriundos de hospitais parceiros, bem como m\u00e9dicos e profissionais de sa\u00fade que se voluntariam para as expedi\u00e7\u00f5es. Frei Ezequiel recorda que essa rede cresce por meio da solidariedade: \u201cCada m\u00e9dico que vem traz outros, e assim a miss\u00e3o se multiplica\u201d.&nbsp;<\/p>\n\n\n\n<p>Al\u00e9m do atendimento m\u00e9dico, o trabalho das equipes inclui a\u00e7\u00f5es educativas, acompanhamento social e espiritual e distribui\u00e7\u00e3o de medicamentos. O barco Papa Francisco, inaugurado em 2019, foi o primeiro da frota. Em 2020, foi a vez do barco Jo\u00e3o Paulo II chegar para a miss\u00e3o. E em 2024, foi lan\u00e7ado o barco S\u00e3o Jo\u00e3o XXIII, ampliando a capacidade de atendimento e a presen\u00e7a mission\u00e1ria nas comunidades.&nbsp;<\/p>\n\n\n\n<p>Para a irm\u00e3 Maria Irene Lopes, secret\u00e1ria executiva da REPAM-Brasil, a visita representa um gesto simb\u00f3lico e prof\u00e9tico neste tempo de prepara\u00e7\u00e3o para a COP30. \u201cEstar aqui \u00e9 reconhecer que o cuidado com a vida humana e o cuidado com a Casa Comum caminham juntos. Esses barcos s\u00e3o o rosto da Amaz\u00f4nia que resiste, cura e anuncia a esperan\u00e7a. A Igreja que aqui se faz presente \u00e9 a mesma que clama por justi\u00e7a clim\u00e1tica e por pol\u00edticas que garantam dignidade aos povos e territ\u00f3rios\u201d, afirmou a religiosa.&nbsp;<\/p>\n\n\n\n<figure class=\"wp-block-image\"><img decoding=\"async\" src=\"https:\/\/repam.org.br\/wp-content\/uploads\/2025\/11\/WhatsApp-Image-2025-11-08-at-15.46.55-1-1024x576.jpeg\" alt=\"\" class=\"wp-image-18871\"\/><\/figure>\n","protected":false},"excerpt":{"rendered":"<p>Em Bel\u00e9m, a visita aos barcos Papa Francisco e S\u00e3o Jo\u00e3o XXIII evidenciou o compromisso da Igreja com o cuidado integral e a presen\u00e7a junto aos povos da Amaz\u00f4nia\u00a0 Na tarde deste s\u00e1bado (9), a REPAM-Brasil e lideran\u00e7as de comunidades amaz\u00f4nicas visitaram os barcos-hospitais Papa Francisco e S\u00e3o Jo\u00e3o XXIII, ancorados em Bel\u00e9m (PA). A atividade fez parte da acolhida das delega\u00e7\u00f5es que participam das mobiliza\u00e7\u00f5es populares e eclesiais que antecedem a 30\u00aa Confer\u00eancia das Partes da Conven\u00e7\u00e3o da ONU sobre Mudan\u00e7as Clim\u00e1ticas (COP30).&nbsp; Durante a visita, o frei Ezequiel Salv\u00e1tico, da Fraternidade S\u00e3o Francisco na Provid\u00eancia de Deus, destacou o significado dos barcos como express\u00e3o concreta da presen\u00e7a da Igreja nas margens e do cuidado com a vida. \u201cEsses barcos s\u00e3o um sinal de esperan\u00e7a. Representam a alegria, a sa\u00fade e, acima de tudo, o amor de Deus que chega at\u00e9 cada pessoa ribeirinha, quilombola e ind\u00edgena\u201d, afirmou o religioso. \u201cO nosso carisma \u00e9 servir com empatia, levando o Evangelho atrav\u00e9s do cuidado, com consci\u00eancia e qualidade, um apelo a sermos uma Igreja em sa\u00edda, sinal de f\u00e9 e gratid\u00e3o\u201d, completou o Frei, destacando a miss\u00e3o do instituto religioso.&nbsp; Os barcos-hospitais realizam atendimentos m\u00e9dicos e cir\u00fargicos gratuitos, alcan\u00e7ando comunidades que vivem em \u00e1reas isoladas da Amaz\u00f4nia. Segundo Frei Ezequiel, a atual expedi\u00e7\u00e3o tem atendido uma m\u00e9dia de 300 a 400 pessoas por dia, com especial destaque para as \u00e1reas de oftalmologia, odontologia e cl\u00ednica m\u00e9dica. \u201cEntre pequenas e grandes cirurgias, conseguimos operar cerca de 35 a 40 pessoas por dia. Cada gesto de cuidado \u00e9 tamb\u00e9m um gesto de evangeliza\u00e7\u00e3o\u201d, completou.&nbsp; A estrutura das embarca\u00e7\u00f5es \u00e9 mantida por meio de parcerias com o Sistema \u00danico de Sa\u00fade (SUS), congrega\u00e7\u00f5es religiosas e uma ampla rede de volunt\u00e1rios e volunt\u00e1rias. Atualmente, mais de 8 mil profissionais da sa\u00fade est\u00e3o cadastrados para atuar nas miss\u00f5es, muitos deles oriundos de hospitais parceiros, bem como m\u00e9dicos e profissionais de sa\u00fade que se voluntariam para as expedi\u00e7\u00f5es. Frei Ezequiel recorda que essa rede cresce por meio da solidariedade: \u201cCada m\u00e9dico que vem traz outros, e assim a miss\u00e3o se multiplica\u201d.&nbsp; Al\u00e9m do atendimento m\u00e9dico, o trabalho das equipes inclui a\u00e7\u00f5es educativas, acompanhamento social e espiritual e distribui\u00e7\u00e3o de medicamentos. O barco Papa Francisco, inaugurado em 2019, foi o primeiro da frota. Em 2020, foi a vez do barco Jo\u00e3o Paulo II chegar para a miss\u00e3o. E em 2024, foi lan\u00e7ado o barco S\u00e3o Jo\u00e3o XXIII, ampliando a capacidade de atendimento e a presen\u00e7a mission\u00e1ria nas comunidades.&nbsp; Para a irm\u00e3 Maria Irene Lopes, secret\u00e1ria executiva da REPAM-Brasil, a visita representa um gesto simb\u00f3lico e prof\u00e9tico neste tempo de prepara\u00e7\u00e3o para a COP30. \u201cEstar aqui \u00e9 reconhecer que o cuidado com a vida humana e o cuidado com a Casa Comum caminham juntos. Esses barcos s\u00e3o o rosto da Amaz\u00f4nia que resiste, cura e anuncia a esperan\u00e7a. A Igreja que aqui se faz presente \u00e9 a mesma que clama por justi\u00e7a clim\u00e1tica e por pol\u00edticas que garantam dignidade aos povos e territ\u00f3rios\u201d, afirmou a religiosa.&nbsp;<\/p>\n","protected":false},"author":3,"featured_media":17534,"comment_status":"open","ping_status":"open","sticky":false,"template":"","format":"standard","meta":{"footnotes":""},"categories":[1],"tags":[],"class_list":["post-17533","post","type-post","status-publish","format-standard","has-post-thumbnail","hentry","category-sem-categoria"],"rttpg_featured_image_url":{"full":["https:\/\/repam.org.br\/cop30\/wp-content\/uploads\/2025\/11\/image-2.png",1600,800,false],"landscape":["https:\/\/repam.org.br\/cop30\/wp-content\/uploads\/2025\/11\/image-2.png",1600,800,false],"portraits":["https:\/\/repam.org.br\/cop30\/wp-content\/uploads\/2025\/11\/image-2.png",1600,800,false],"thumbnail":["https:\/\/repam.org.br\/cop30\/wp-content\/uploads\/2025\/11\/image-2-150x150.png",150,150,true],"medium":["https:\/\/repam.org.br\/cop30\/wp-content\/uploads\/2025\/11\/image-2-300x150.png",300,150,true],"large":["https:\/\/repam.org.br\/cop30\/wp-content\/uploads\/2025\/11\/image-2-1024x512.png",800,400,true],"1536x1536":["https:\/\/repam.org.br\/cop30\/wp-content\/uploads\/2025\/11\/image-2-1536x768.png",1536,768,true],"2048x2048":["https:\/\/repam.org.br\/cop30\/wp-content\/uploads\/2025\/11\/image-2.png",1600,800,false]},"rttpg_author":{"display_name":"Comunica\u00e7\u00e3o Cop30","author_link":"https:\/\/repam.org.br\/cop30\/author\/comunicacaocop30\/"},"rttpg_comment":0,"rttpg_category":"<a href=\"https:\/\/repam.org.br\/cop30\/category\/sem-categoria\/\" rel=\"category tag\">Sem categoria<\/a>","rttpg_excerpt":"Em Bel\u00e9m, a visita aos barcos Papa Francisco e S\u00e3o Jo\u00e3o XXIII evidenciou o compromisso da Igreja com o cuidado integral e a presen\u00e7a junto aos povos da Amaz\u00f4nia\u00a0 Na tarde deste s\u00e1bado (9), a REPAM-Brasil e lideran\u00e7as de comunidades amaz\u00f4nicas visitaram os barcos-hospitais Papa Francisco e S\u00e3o Jo\u00e3o XXIII, ancorados em Bel\u00e9m (PA). A&hellip;","_links":{"self":[{"href":"https:\/\/repam.org.br\/cop30\/wp-json\/wp\/v2\/posts\/17533","targetHints":{"allow":["GET"]}}],"collection":[{"href":"https:\/\/repam.org.br\/cop30\/wp-json\/wp\/v2\/posts"}],"about":[{"href":"https:\/\/repam.org.br\/cop30\/wp-json\/wp\/v2\/types\/post"}],"author":[{"embeddable":true,"href":"https:\/\/repam.org.br\/cop30\/wp-json\/wp\/v2\/users\/3"}],"replies":[{"embeddable":true,"href":"https:\/\/repam.org.br\/cop30\/wp-json\/wp\/v2\/comments?post=17533"}],"version-history":[{"count":1,"href":"https:\/\/repam.org.br\/cop30\/wp-json\/wp\/v2\/posts\/17533\/revisions"}],"predecessor-version":[{"id":17535,"href":"https:\/\/repam.org.br\/cop30\/wp-json\/wp\/v2\/posts\/17533\/revisions\/17535"}],"wp:featuredmedia":[{"embeddable":true,"href":"https:\/\/repam.org.br\/cop30\/wp-json\/wp\/v2\/media\/17534"}],"wp:attachment":[{"href":"https:\/\/repam.org.br\/cop30\/wp-json\/wp\/v2\/media?parent=17533"}],"wp:term":[{"taxonomy":"category","embeddable":true,"href":"https:\/\/repam.org.br\/cop30\/wp-json\/wp\/v2\/categories?post=17533"},{"taxonomy":"post_tag","embeddable":true,"href":"https:\/\/repam.org.br\/cop30\/wp-json\/wp\/v2\/tags?post=17533"}],"curies":[{"name":"wp","href":"https:\/\/api.w.org\/{rel}","templated":true}]}}