{"id":17536,"date":"2025-11-10T12:35:02","date_gmt":"2025-11-10T15:35:02","guid":{"rendered":"https:\/\/repam.org.br\/cop30\/?p=17536"},"modified":"2025-11-10T12:35:02","modified_gmt":"2025-11-10T15:35:02","slug":"circuito-pan-amazonico-celebra-saberes-e-sabores-da-amazonia","status":"publish","type":"post","link":"https:\/\/repam.org.br\/cop30\/circuito-pan-amazonico-celebra-saberes-e-sabores-da-amazonia\/","title":{"rendered":"Circuito Pan-Amaz\u00f4nico celebra saberes e sabores da Amaz\u00f4nia"},"content":{"rendered":"\n<figure class=\"wp-block-image size-large\"><img fetchpriority=\"high\" decoding=\"async\" width=\"1024\" height=\"512\" src=\"https:\/\/repam.org.br\/cop30\/wp-content\/uploads\/2025\/11\/image-3-1024x512.png\" alt=\"\" class=\"wp-image-17544\" srcset=\"https:\/\/repam.org.br\/cop30\/wp-content\/uploads\/2025\/11\/image-3-1024x512.png 1024w, https:\/\/repam.org.br\/cop30\/wp-content\/uploads\/2025\/11\/image-3-300x150.png 300w, https:\/\/repam.org.br\/cop30\/wp-content\/uploads\/2025\/11\/image-3-768x384.png 768w, https:\/\/repam.org.br\/cop30\/wp-content\/uploads\/2025\/11\/image-3.png 1280w\" sizes=\"(max-width: 1024px) 100vw, 1024px\" \/><\/figure>\n\n\n\n<p><strong><em>Feira do Bem-Viver e celebra\u00e7\u00e3o de abertura marcaram o in\u00edcio das atividades da REPAM-Brasil na COP30<\/em>\u00a0<\/strong><\/p>\n\n\n\n<p>O domingo (9\/11) foi de partilha, espiritualidade e trocas de conhecimento na sede da CNBB Norte 2, em Bel\u00e9m (PA), durante o Circuito Pan-Amaz\u00f4nico de Saberes e Sabores da Amaz\u00f4nia, promovido pela REPAM-Brasil. As atividades reuniram representantes de comunidades tradicionais, movimentos sociais, institui\u00e7\u00f5es parceiras e organiza\u00e7\u00f5es da Igreja para um dia de integra\u00e7\u00e3o em torno da Casa Comum, da economia solid\u00e1ria e do cuidado com os territ\u00f3rios.&nbsp;<\/p>\n\n\n\n<p>A programa\u00e7\u00e3o come\u00e7ou com a celebra\u00e7\u00e3o de acolhida e abertura. O momento, guiado pelo tema&nbsp;<em>\u201cEscuta: voz da terra, voz dos povos\u201d<\/em>, convidou os participantes a ouvir, de forma profunda, as dores e esperan\u00e7as da Amaz\u00f4nia, em sintonia com o esp\u00edrito da COP30, que ser\u00e1 realizada em Bel\u00e9m nos pr\u00f3ximos dias. Leituras, cantos e ora\u00e7\u00f5es coletivas trouxeram \u00e0 tona a mensagem de que \u201ca escuta \u00e9 o primeiro passo da transforma\u00e7\u00e3o\u201d.&nbsp;<\/p>\n\n\n\n<p>Ao final da celebra\u00e7\u00e3o, Arlete Gomes, da equipe da REPAM-Brasil, destacou a import\u00e2ncia desse espa\u00e7o de di\u00e1logo e valoriza\u00e7\u00e3o das mulheres nos territ\u00f3rios. \u201cTrazer essas mulheres para esse cen\u00e1rio de debate \u00e9 fazer uma nova economia poss\u00edvel. Que essa feira seja uma troca de experi\u00eancias e de grande conhecimento entre os biomas que convergem na nossa Amaz\u00f4nia brasileira. Temos aqui o Cerrado, o Pantanal e a Amaz\u00f4nia com suas cores diferenciadas. Aproveitem muito\u201d, convidou.&nbsp;<\/p>\n\n\n\n<p>Ainda durante a manh\u00e3, teve in\u00edcio a Feira do Bem-Viver, espa\u00e7o de partilha de produtos da agricultura familiar, da economia solid\u00e1ria e de saberes tradicionais dos diversos biomas brasileiros, como o Cerrado, o Pantanal e a pr\u00f3pria Amaz\u00f4nia. Biojoias, ervas medicinais, artesanatos, sementes e alimentos agroecol\u00f3gicos chamaram a aten\u00e7\u00e3o dos visitantes e simbolizaram a diversidade e a for\u00e7a das mulheres e comunidades produtoras.&nbsp;<\/p>\n\n\n\n<p>\u00c0 tarde, a programa\u00e7\u00e3o seguiu com exibi\u00e7\u00e3o de document\u00e1rio sobre gest\u00e3o comunit\u00e1ria da \u00e1gua, produzido por pela REPAM-Col\u00f4mbia. De acordo com Juan Felipe Martinez, secret\u00e1rio da Rede na Col\u00f4mbia, neste ano, toda a REPAM adotou a \u00e1gua como um elemento central para a incid\u00eancia e a comunica\u00e7\u00e3o. \u201cNo contexto da campanha pela \u00e1gua e pelos direitos das comunidades, lan\u00e7amos um document\u00e1rio, como REPAM Col\u00f4mbia, para mostrar que a \u00e1gua n\u00e3o \u00e9 apenas um bem comum ou um recurso, mas algo que est\u00e1 integrado \u00e0 vida das comunidades, aos seus direitos, \u00e0s suas formas de ser, de estar e de agir no territ\u00f3rio\u201d, destacou Juan.&nbsp;<\/p>\n\n\n\n<p>Segundo Matinez, o document\u00e1rio mostra que o pulsar da \u00e1gua na Amaz\u00f4nia \u00e9 uma luta pela pr\u00f3pria vida no territ\u00f3rio. \u201cPor isso, apresentamos aqui tr\u00eas experi\u00eancias de trabalho e exibimos este importante document\u00e1rio, que pode ser encontrado no YouTube da REPAM\u201d, concluiu.&nbsp;<\/p>\n\n\n\n<p>As atividades da REPAM-Brasil na COP30 seguem nesta segunda-feira (10\/11), com escuta das lideran\u00e7as dos territ\u00f3rios e movimentos sobre desafios e das boas pr\u00e1ticas comunit\u00e1rias na resposta \u00e0 crise clim\u00e1tica e com a contextualiza\u00e7\u00e3o sobre a import\u00e2ncia, desafios e atua\u00e7\u00e3o da REPAM na COP30 e C\u00fapula dos Povos.&nbsp;<\/p>\n\n\n\n<figure class=\"wp-block-gallery has-nested-images columns-default is-cropped wp-block-gallery-1 is-layout-flex wp-block-gallery-is-layout-flex\">\n<figure class=\"wp-block-image size-large\"><img decoding=\"async\" width=\"576\" height=\"1024\" data-id=\"17542\" src=\"https:\/\/repam.org.br\/cop30\/wp-content\/uploads\/2025\/11\/WhatsApp-Image-2025-11-09-at-08.14.35-576x1024.jpeg\" alt=\"\" class=\"wp-image-17542\" srcset=\"https:\/\/repam.org.br\/cop30\/wp-content\/uploads\/2025\/11\/WhatsApp-Image-2025-11-09-at-08.14.35-576x1024.jpeg 576w, https:\/\/repam.org.br\/cop30\/wp-content\/uploads\/2025\/11\/WhatsApp-Image-2025-11-09-at-08.14.35-169x300.jpeg 169w, https:\/\/repam.org.br\/cop30\/wp-content\/uploads\/2025\/11\/WhatsApp-Image-2025-11-09-at-08.14.35-768x1365.jpeg 768w, https:\/\/repam.org.br\/cop30\/wp-content\/uploads\/2025\/11\/WhatsApp-Image-2025-11-09-at-08.14.35-864x1536.jpeg 864w, https:\/\/repam.org.br\/cop30\/wp-content\/uploads\/2025\/11\/WhatsApp-Image-2025-11-09-at-08.14.35.jpeg 900w\" sizes=\"(max-width: 576px) 100vw, 576px\" \/><\/figure>\n\n\n\n<figure class=\"wp-block-image size-large\"><img decoding=\"async\" width=\"768\" height=\"1024\" data-id=\"17543\" src=\"https:\/\/repam.org.br\/cop30\/wp-content\/uploads\/2025\/11\/WhatsApp-Image-2025-11-09-at-16.24.24-768x1024.jpeg\" alt=\"\" class=\"wp-image-17543\" srcset=\"https:\/\/repam.org.br\/cop30\/wp-content\/uploads\/2025\/11\/WhatsApp-Image-2025-11-09-at-16.24.24-768x1024.jpeg 768w, https:\/\/repam.org.br\/cop30\/wp-content\/uploads\/2025\/11\/WhatsApp-Image-2025-11-09-at-16.24.24-225x300.jpeg 225w, https:\/\/repam.org.br\/cop30\/wp-content\/uploads\/2025\/11\/WhatsApp-Image-2025-11-09-at-16.24.24.jpeg 960w\" sizes=\"(max-width: 768px) 100vw, 768px\" \/><\/figure>\n\n\n\n<figure class=\"wp-block-image size-large\"><img loading=\"lazy\" decoding=\"async\" width=\"576\" height=\"1024\" data-id=\"17541\" src=\"https:\/\/repam.org.br\/cop30\/wp-content\/uploads\/2025\/11\/WhatsApp-Image-2025-11-09-at-08.14.36-576x1024.jpeg\" alt=\"\" class=\"wp-image-17541\" srcset=\"https:\/\/repam.org.br\/cop30\/wp-content\/uploads\/2025\/11\/WhatsApp-Image-2025-11-09-at-08.14.36-576x1024.jpeg 576w, https:\/\/repam.org.br\/cop30\/wp-content\/uploads\/2025\/11\/WhatsApp-Image-2025-11-09-at-08.14.36-169x300.jpeg 169w, https:\/\/repam.org.br\/cop30\/wp-content\/uploads\/2025\/11\/WhatsApp-Image-2025-11-09-at-08.14.36-768x1365.jpeg 768w, https:\/\/repam.org.br\/cop30\/wp-content\/uploads\/2025\/11\/WhatsApp-Image-2025-11-09-at-08.14.36-864x1536.jpeg 864w, https:\/\/repam.org.br\/cop30\/wp-content\/uploads\/2025\/11\/WhatsApp-Image-2025-11-09-at-08.14.36.jpeg 900w\" sizes=\"(max-width: 576px) 100vw, 576px\" \/><\/figure>\n\n\n\n<figure class=\"wp-block-image size-large\"><img loading=\"lazy\" decoding=\"async\" width=\"576\" height=\"1024\" data-id=\"17540\" src=\"https:\/\/repam.org.br\/cop30\/wp-content\/uploads\/2025\/11\/WhatsApp-Image-2025-11-09-at-10.26.06-576x1024.jpeg\" alt=\"\" class=\"wp-image-17540\" srcset=\"https:\/\/repam.org.br\/cop30\/wp-content\/uploads\/2025\/11\/WhatsApp-Image-2025-11-09-at-10.26.06-576x1024.jpeg 576w, https:\/\/repam.org.br\/cop30\/wp-content\/uploads\/2025\/11\/WhatsApp-Image-2025-11-09-at-10.26.06-169x300.jpeg 169w, https:\/\/repam.org.br\/cop30\/wp-content\/uploads\/2025\/11\/WhatsApp-Image-2025-11-09-at-10.26.06.jpeg 720w\" sizes=\"(max-width: 576px) 100vw, 576px\" \/><\/figure>\n\n\n\n<figure class=\"wp-block-image size-large\"><img loading=\"lazy\" decoding=\"async\" width=\"576\" height=\"1024\" data-id=\"17537\" src=\"https:\/\/repam.org.br\/cop30\/wp-content\/uploads\/2025\/11\/WhatsApp-Image-2025-11-09-at-11.08.34-576x1024.jpeg\" alt=\"\" class=\"wp-image-17537\" srcset=\"https:\/\/repam.org.br\/cop30\/wp-content\/uploads\/2025\/11\/WhatsApp-Image-2025-11-09-at-11.08.34-576x1024.jpeg 576w, https:\/\/repam.org.br\/cop30\/wp-content\/uploads\/2025\/11\/WhatsApp-Image-2025-11-09-at-11.08.34-169x300.jpeg 169w, https:\/\/repam.org.br\/cop30\/wp-content\/uploads\/2025\/11\/WhatsApp-Image-2025-11-09-at-11.08.34.jpeg 720w\" sizes=\"(max-width: 576px) 100vw, 576px\" \/><\/figure>\n\n\n\n<figure class=\"wp-block-image size-large\"><img loading=\"lazy\" decoding=\"async\" width=\"576\" height=\"1024\" data-id=\"17538\" src=\"https:\/\/repam.org.br\/cop30\/wp-content\/uploads\/2025\/11\/WhatsApp-Image-2025-11-09-at-11.09.00-576x1024.jpeg\" alt=\"\" class=\"wp-image-17538\" srcset=\"https:\/\/repam.org.br\/cop30\/wp-content\/uploads\/2025\/11\/WhatsApp-Image-2025-11-09-at-11.09.00-576x1024.jpeg 576w, https:\/\/repam.org.br\/cop30\/wp-content\/uploads\/2025\/11\/WhatsApp-Image-2025-11-09-at-11.09.00-169x300.jpeg 169w, https:\/\/repam.org.br\/cop30\/wp-content\/uploads\/2025\/11\/WhatsApp-Image-2025-11-09-at-11.09.00.jpeg 720w\" sizes=\"(max-width: 576px) 100vw, 576px\" \/><\/figure>\n\n\n\n<figure class=\"wp-block-image size-large\"><img loading=\"lazy\" decoding=\"async\" width=\"1024\" height=\"576\" data-id=\"17539\" src=\"https:\/\/repam.org.br\/cop30\/wp-content\/uploads\/2025\/11\/WhatsApp-Image-2025-11-09-at-11.09.01-1024x576.jpeg\" alt=\"\" class=\"wp-image-17539\" srcset=\"https:\/\/repam.org.br\/cop30\/wp-content\/uploads\/2025\/11\/WhatsApp-Image-2025-11-09-at-11.09.01-1024x576.jpeg 1024w, https:\/\/repam.org.br\/cop30\/wp-content\/uploads\/2025\/11\/WhatsApp-Image-2025-11-09-at-11.09.01-300x169.jpeg 300w, https:\/\/repam.org.br\/cop30\/wp-content\/uploads\/2025\/11\/WhatsApp-Image-2025-11-09-at-11.09.01-768x432.jpeg 768w, https:\/\/repam.org.br\/cop30\/wp-content\/uploads\/2025\/11\/WhatsApp-Image-2025-11-09-at-11.09.01.jpeg 1280w\" sizes=\"(max-width: 1024px) 100vw, 1024px\" \/><\/figure>\n<\/figure>\n","protected":false},"excerpt":{"rendered":"<p>Feira do Bem-Viver e celebra\u00e7\u00e3o de abertura marcaram o in\u00edcio das atividades da REPAM-Brasil na COP30\u00a0 O domingo (9\/11) foi de partilha, espiritualidade e trocas de conhecimento na sede da CNBB Norte 2, em Bel\u00e9m (PA), durante o Circuito Pan-Amaz\u00f4nico de Saberes e Sabores da Amaz\u00f4nia, promovido pela REPAM-Brasil. As atividades reuniram representantes de comunidades tradicionais, movimentos sociais, institui\u00e7\u00f5es parceiras e organiza\u00e7\u00f5es da Igreja para um dia de integra\u00e7\u00e3o em torno da Casa Comum, da economia solid\u00e1ria e do cuidado com os territ\u00f3rios.&nbsp; A programa\u00e7\u00e3o come\u00e7ou com a celebra\u00e7\u00e3o de acolhida e abertura. O momento, guiado pelo tema&nbsp;\u201cEscuta: voz da terra, voz dos povos\u201d, convidou os participantes a ouvir, de forma profunda, as dores e esperan\u00e7as da Amaz\u00f4nia, em sintonia com o esp\u00edrito da COP30, que ser\u00e1 realizada em Bel\u00e9m nos pr\u00f3ximos dias. Leituras, cantos e ora\u00e7\u00f5es coletivas trouxeram \u00e0 tona a mensagem de que \u201ca escuta \u00e9 o primeiro passo da transforma\u00e7\u00e3o\u201d.&nbsp; Ao final da celebra\u00e7\u00e3o, Arlete Gomes, da equipe da REPAM-Brasil, destacou a import\u00e2ncia desse espa\u00e7o de di\u00e1logo e valoriza\u00e7\u00e3o das mulheres nos territ\u00f3rios. \u201cTrazer essas mulheres para esse cen\u00e1rio de debate \u00e9 fazer uma nova economia poss\u00edvel. Que essa feira seja uma troca de experi\u00eancias e de grande conhecimento entre os biomas que convergem na nossa Amaz\u00f4nia brasileira. Temos aqui o Cerrado, o Pantanal e a Amaz\u00f4nia com suas cores diferenciadas. Aproveitem muito\u201d, convidou.&nbsp; Ainda durante a manh\u00e3, teve in\u00edcio a Feira do Bem-Viver, espa\u00e7o de partilha de produtos da agricultura familiar, da economia solid\u00e1ria e de saberes tradicionais dos diversos biomas brasileiros, como o Cerrado, o Pantanal e a pr\u00f3pria Amaz\u00f4nia. Biojoias, ervas medicinais, artesanatos, sementes e alimentos agroecol\u00f3gicos chamaram a aten\u00e7\u00e3o dos visitantes e simbolizaram a diversidade e a for\u00e7a das mulheres e comunidades produtoras.&nbsp; \u00c0 tarde, a programa\u00e7\u00e3o seguiu com exibi\u00e7\u00e3o de document\u00e1rio sobre gest\u00e3o comunit\u00e1ria da \u00e1gua, produzido por pela REPAM-Col\u00f4mbia. De acordo com Juan Felipe Martinez, secret\u00e1rio da Rede na Col\u00f4mbia, neste ano, toda a REPAM adotou a \u00e1gua como um elemento central para a incid\u00eancia e a comunica\u00e7\u00e3o. \u201cNo contexto da campanha pela \u00e1gua e pelos direitos das comunidades, lan\u00e7amos um document\u00e1rio, como REPAM Col\u00f4mbia, para mostrar que a \u00e1gua n\u00e3o \u00e9 apenas um bem comum ou um recurso, mas algo que est\u00e1 integrado \u00e0 vida das comunidades, aos seus direitos, \u00e0s suas formas de ser, de estar e de agir no territ\u00f3rio\u201d, destacou Juan.&nbsp; Segundo Matinez, o document\u00e1rio mostra que o pulsar da \u00e1gua na Amaz\u00f4nia \u00e9 uma luta pela pr\u00f3pria vida no territ\u00f3rio. \u201cPor isso, apresentamos aqui tr\u00eas experi\u00eancias de trabalho e exibimos este importante document\u00e1rio, que pode ser encontrado no YouTube da REPAM\u201d, concluiu.&nbsp; As atividades da REPAM-Brasil na COP30 seguem nesta segunda-feira (10\/11), com escuta das lideran\u00e7as dos territ\u00f3rios e movimentos sobre desafios e das boas pr\u00e1ticas comunit\u00e1rias na resposta \u00e0 crise clim\u00e1tica e com a contextualiza\u00e7\u00e3o sobre a import\u00e2ncia, desafios e atua\u00e7\u00e3o da REPAM na COP30 e C\u00fapula dos Povos.&nbsp;<\/p>\n","protected":false},"author":3,"featured_media":17544,"comment_status":"open","ping_status":"open","sticky":false,"template":"","format":"standard","meta":{"footnotes":""},"categories":[1],"tags":[],"class_list":["post-17536","post","type-post","status-publish","format-standard","has-post-thumbnail","hentry","category-sem-categoria"],"rttpg_featured_image_url":{"full":["https:\/\/repam.org.br\/cop30\/wp-content\/uploads\/2025\/11\/image-3.png",1280,640,false],"landscape":["https:\/\/repam.org.br\/cop30\/wp-content\/uploads\/2025\/11\/image-3.png",1280,640,false],"portraits":["https:\/\/repam.org.br\/cop30\/wp-content\/uploads\/2025\/11\/image-3.png",1280,640,false],"thumbnail":["https:\/\/repam.org.br\/cop30\/wp-content\/uploads\/2025\/11\/image-3-150x150.png",150,150,true],"medium":["https:\/\/repam.org.br\/cop30\/wp-content\/uploads\/2025\/11\/image-3-300x150.png",300,150,true],"large":["https:\/\/repam.org.br\/cop30\/wp-content\/uploads\/2025\/11\/image-3-1024x512.png",800,400,true],"1536x1536":["https:\/\/repam.org.br\/cop30\/wp-content\/uploads\/2025\/11\/image-3.png",1280,640,false],"2048x2048":["https:\/\/repam.org.br\/cop30\/wp-content\/uploads\/2025\/11\/image-3.png",1280,640,false]},"rttpg_author":{"display_name":"Comunica\u00e7\u00e3o Cop30","author_link":"https:\/\/repam.org.br\/cop30\/author\/comunicacaocop30\/"},"rttpg_comment":0,"rttpg_category":"<a href=\"https:\/\/repam.org.br\/cop30\/category\/sem-categoria\/\" rel=\"category tag\">Sem categoria<\/a>","rttpg_excerpt":"Feira do Bem-Viver e celebra\u00e7\u00e3o de abertura marcaram o in\u00edcio das atividades da REPAM-Brasil na COP30\u00a0 O domingo (9\/11) foi de partilha, espiritualidade e trocas de conhecimento na sede da CNBB Norte 2, em Bel\u00e9m (PA), durante o Circuito Pan-Amaz\u00f4nico de Saberes e Sabores da Amaz\u00f4nia, promovido pela REPAM-Brasil. As atividades reuniram representantes de comunidades&hellip;","_links":{"self":[{"href":"https:\/\/repam.org.br\/cop30\/wp-json\/wp\/v2\/posts\/17536","targetHints":{"allow":["GET"]}}],"collection":[{"href":"https:\/\/repam.org.br\/cop30\/wp-json\/wp\/v2\/posts"}],"about":[{"href":"https:\/\/repam.org.br\/cop30\/wp-json\/wp\/v2\/types\/post"}],"author":[{"embeddable":true,"href":"https:\/\/repam.org.br\/cop30\/wp-json\/wp\/v2\/users\/3"}],"replies":[{"embeddable":true,"href":"https:\/\/repam.org.br\/cop30\/wp-json\/wp\/v2\/comments?post=17536"}],"version-history":[{"count":1,"href":"https:\/\/repam.org.br\/cop30\/wp-json\/wp\/v2\/posts\/17536\/revisions"}],"predecessor-version":[{"id":17545,"href":"https:\/\/repam.org.br\/cop30\/wp-json\/wp\/v2\/posts\/17536\/revisions\/17545"}],"wp:featuredmedia":[{"embeddable":true,"href":"https:\/\/repam.org.br\/cop30\/wp-json\/wp\/v2\/media\/17544"}],"wp:attachment":[{"href":"https:\/\/repam.org.br\/cop30\/wp-json\/wp\/v2\/media?parent=17536"}],"wp:term":[{"taxonomy":"category","embeddable":true,"href":"https:\/\/repam.org.br\/cop30\/wp-json\/wp\/v2\/categories?post=17536"},{"taxonomy":"post_tag","embeddable":true,"href":"https:\/\/repam.org.br\/cop30\/wp-json\/wp\/v2\/tags?post=17536"}],"curies":[{"name":"wp","href":"https:\/\/api.w.org\/{rel}","templated":true}]}}