{"id":17552,"date":"2025-12-19T12:04:20","date_gmt":"2025-12-19T15:04:20","guid":{"rendered":"https:\/\/repam.org.br\/cop30\/?p=17552"},"modified":"2025-12-19T17:33:35","modified_gmt":"2025-12-19T20:33:35","slug":"boletim-especial-cop30-reune-as-vozes-dos-territorios-na-amazonia","status":"publish","type":"post","link":"https:\/\/repam.org.br\/cop30\/boletim-especial-cop30-reune-as-vozes-dos-territorios-na-amazonia\/","title":{"rendered":"Boletim Especial COP30 re\u00fane as vozes dos territ\u00f3rios na Amaz\u00f4nia"},"content":{"rendered":"\n<figure class=\"wp-block-image size-full\"><img fetchpriority=\"high\" decoding=\"async\" width=\"954\" height=\"477\" src=\"https:\/\/repam.org.br\/cop30\/wp-content\/uploads\/2025\/12\/WhatsApp-Image-2025-12-18-at-18.53.37.jpeg\" alt=\"\" class=\"wp-image-17553\" srcset=\"https:\/\/repam.org.br\/cop30\/wp-content\/uploads\/2025\/12\/WhatsApp-Image-2025-12-18-at-18.53.37.jpeg 954w, https:\/\/repam.org.br\/cop30\/wp-content\/uploads\/2025\/12\/WhatsApp-Image-2025-12-18-at-18.53.37-300x150.jpeg 300w, https:\/\/repam.org.br\/cop30\/wp-content\/uploads\/2025\/12\/WhatsApp-Image-2025-12-18-at-18.53.37-768x384.jpeg 768w\" sizes=\"(max-width: 954px) 100vw, 954px\" \/><\/figure>\n\n\n\n<p><\/p>\n\n\n\n<p>A Mobiliza\u00e7\u00e3o dos Povos pela Terra e pelo Clima lan\u00e7a o&nbsp;<strong>Boletim Especial COP30 &#8211; Vozes dos Territ\u00f3rios<\/strong>, que sistematiza aprendizados, articula\u00e7\u00f5es e narrativas constru\u00eddas ao longo da articula\u00e7\u00e3o. A publica\u00e7\u00e3o reafirma a COP30, realizada em Bel\u00e9m do Par\u00e1, como parte de um processo coletivo que nasce nos territ\u00f3rios e fortalece o protagonismo dos povos que vivem e cuidam da Amaz\u00f4nia.<\/p>\n\n\n\n<p>Resultado de um percurso marcado pela escuta ativa e pelo di\u00e1logo, o boletim destaca a participa\u00e7\u00e3o de povos ind\u00edgenas, comunidades tradicionais, quilombolas, ribeirinhas, juventudes e organiza\u00e7\u00f5es populares, al\u00e9m do fortalecimento de redes de comunica\u00e7\u00e3o, forma\u00e7\u00f5es e espa\u00e7os aut\u00f4nomos da sociedade civil. Ao longo desse caminho, a comunica\u00e7\u00e3o se consolidou como uma ferramenta estrat\u00e9gica de justi\u00e7a clim\u00e1tica e incid\u00eancia pol\u00edtica.<\/p>\n\n\n\n<p>Mais do que um balan\u00e7o da Confer\u00eancia, o Boletim Especial COP30 celebra os legados constru\u00eddos, as alian\u00e7as fortalecidas e as narrativas que seguem vivas nos territ\u00f3rios. A publica\u00e7\u00e3o refor\u00e7a que a justi\u00e7a clim\u00e1tica se constr\u00f3i a partir da vida concreta dos povos e de seus modos de exist\u00eancia.<\/p>\n\n\n\n<p><strong>Acesse o <a href=\"https:\/\/repam.org.br\/cop30\/wp-content\/uploads\/2025\/12\/News-4_cop30_novo.pdf\">Boletim Especial COP30<\/a> e conhe\u00e7a as vozes dos territ\u00f3rios que seguem mobilizando caminhos de cuidado, justi\u00e7a e futuro.<\/strong><\/p>\n\n\n\n<p><\/p>\n","protected":false},"excerpt":{"rendered":"<p>A Mobiliza\u00e7\u00e3o dos Povos pela Terra e pelo Clima lan\u00e7a o&nbsp;Boletim Especial COP30 &#8211; Vozes dos Territ\u00f3rios, que sistematiza aprendizados, articula\u00e7\u00f5es e narrativas constru\u00eddas ao longo da articula\u00e7\u00e3o. A publica\u00e7\u00e3o reafirma a COP30, realizada em Bel\u00e9m do Par\u00e1, como parte de um processo coletivo que nasce nos territ\u00f3rios e fortalece o protagonismo dos povos que vivem e cuidam da Amaz\u00f4nia. Resultado de um percurso marcado pela escuta ativa e pelo di\u00e1logo, o boletim destaca a participa\u00e7\u00e3o de povos ind\u00edgenas, comunidades tradicionais, quilombolas, ribeirinhas, juventudes e organiza\u00e7\u00f5es populares, al\u00e9m do fortalecimento de redes de comunica\u00e7\u00e3o, forma\u00e7\u00f5es e espa\u00e7os aut\u00f4nomos da sociedade civil. Ao longo desse caminho, a comunica\u00e7\u00e3o se consolidou como uma ferramenta estrat\u00e9gica de justi\u00e7a clim\u00e1tica e incid\u00eancia pol\u00edtica. Mais do que um balan\u00e7o da Confer\u00eancia, o Boletim Especial COP30 celebra os legados constru\u00eddos, as alian\u00e7as fortalecidas e as narrativas que seguem vivas nos territ\u00f3rios. A publica\u00e7\u00e3o refor\u00e7a que a justi\u00e7a clim\u00e1tica se constr\u00f3i a partir da vida concreta dos povos e de seus modos de exist\u00eancia. Acesse o Boletim Especial COP30 e conhe\u00e7a as vozes dos territ\u00f3rios que seguem mobilizando caminhos de cuidado, justi\u00e7a e futuro.<\/p>\n","protected":false},"author":3,"featured_media":17553,"comment_status":"open","ping_status":"open","sticky":false,"template":"","format":"standard","meta":{"footnotes":""},"categories":[5],"tags":[13,14,15,16,17,18,19,8],"class_list":["post-17552","post","type-post","status-publish","format-standard","has-post-thumbnail","hentry","category-noticias","tag-amazonia","tag-conferencia-do-clima-da-onu","tag-cop-30","tag-cupula-dos-povos","tag-mudanca-climatica","tag-populacoes-tradionais","tag-povos-indigenas","tag-repam-brasil"],"rttpg_featured_image_url":{"full":["https:\/\/repam.org.br\/cop30\/wp-content\/uploads\/2025\/12\/WhatsApp-Image-2025-12-18-at-18.53.37.jpeg",954,477,false],"landscape":["https:\/\/repam.org.br\/cop30\/wp-content\/uploads\/2025\/12\/WhatsApp-Image-2025-12-18-at-18.53.37.jpeg",954,477,false],"portraits":["https:\/\/repam.org.br\/cop30\/wp-content\/uploads\/2025\/12\/WhatsApp-Image-2025-12-18-at-18.53.37.jpeg",954,477,false],"thumbnail":["https:\/\/repam.org.br\/cop30\/wp-content\/uploads\/2025\/12\/WhatsApp-Image-2025-12-18-at-18.53.37-150x150.jpeg",150,150,true],"medium":["https:\/\/repam.org.br\/cop30\/wp-content\/uploads\/2025\/12\/WhatsApp-Image-2025-12-18-at-18.53.37-300x150.jpeg",300,150,true],"large":["https:\/\/repam.org.br\/cop30\/wp-content\/uploads\/2025\/12\/WhatsApp-Image-2025-12-18-at-18.53.37.jpeg",800,400,false],"1536x1536":["https:\/\/repam.org.br\/cop30\/wp-content\/uploads\/2025\/12\/WhatsApp-Image-2025-12-18-at-18.53.37.jpeg",954,477,false],"2048x2048":["https:\/\/repam.org.br\/cop30\/wp-content\/uploads\/2025\/12\/WhatsApp-Image-2025-12-18-at-18.53.37.jpeg",954,477,false]},"rttpg_author":{"display_name":"Comunica\u00e7\u00e3o Cop30","author_link":"https:\/\/repam.org.br\/cop30\/author\/comunicacaocop30\/"},"rttpg_comment":0,"rttpg_category":"<a href=\"https:\/\/repam.org.br\/cop30\/category\/noticias\/\" rel=\"category tag\">Not\u00edcias<\/a>","rttpg_excerpt":"A Mobiliza\u00e7\u00e3o dos Povos pela Terra e pelo Clima lan\u00e7a o&nbsp;Boletim Especial COP30 &#8211; Vozes dos Territ\u00f3rios, que sistematiza aprendizados, articula\u00e7\u00f5es e narrativas constru\u00eddas ao longo da articula\u00e7\u00e3o. A publica\u00e7\u00e3o reafirma a COP30, realizada em Bel\u00e9m do Par\u00e1, como parte de um processo coletivo que nasce nos territ\u00f3rios e fortalece o protagonismo dos povos que&hellip;","_links":{"self":[{"href":"https:\/\/repam.org.br\/cop30\/wp-json\/wp\/v2\/posts\/17552","targetHints":{"allow":["GET"]}}],"collection":[{"href":"https:\/\/repam.org.br\/cop30\/wp-json\/wp\/v2\/posts"}],"about":[{"href":"https:\/\/repam.org.br\/cop30\/wp-json\/wp\/v2\/types\/post"}],"author":[{"embeddable":true,"href":"https:\/\/repam.org.br\/cop30\/wp-json\/wp\/v2\/users\/3"}],"replies":[{"embeddable":true,"href":"https:\/\/repam.org.br\/cop30\/wp-json\/wp\/v2\/comments?post=17552"}],"version-history":[{"count":7,"href":"https:\/\/repam.org.br\/cop30\/wp-json\/wp\/v2\/posts\/17552\/revisions"}],"predecessor-version":[{"id":17562,"href":"https:\/\/repam.org.br\/cop30\/wp-json\/wp\/v2\/posts\/17552\/revisions\/17562"}],"wp:featuredmedia":[{"embeddable":true,"href":"https:\/\/repam.org.br\/cop30\/wp-json\/wp\/v2\/media\/17553"}],"wp:attachment":[{"href":"https:\/\/repam.org.br\/cop30\/wp-json\/wp\/v2\/media?parent=17552"}],"wp:term":[{"taxonomy":"category","embeddable":true,"href":"https:\/\/repam.org.br\/cop30\/wp-json\/wp\/v2\/categories?post=17552"},{"taxonomy":"post_tag","embeddable":true,"href":"https:\/\/repam.org.br\/cop30\/wp-json\/wp\/v2\/tags?post=17552"}],"curies":[{"name":"wp","href":"https:\/\/api.w.org\/{rel}","templated":true}]}}